{"id":82689,"date":"2021-09-24T17:54:16","date_gmt":"2021-09-24T20:54:16","guid":{"rendered":"https:\/\/tvtecjundiai.com.br\/news\/?p=82689"},"modified":"2021-09-25T09:21:53","modified_gmt":"2021-09-25T12:21:53","slug":"comtur-convida-atrativos-turisticos-para-participarem-do-mes-do-turismo","status":"publish","type":"post","link":"https:\/\/tvtecjundiai.com.br\/news\/2021\/09\/24\/comtur-convida-atrativos-turisticos-para-participarem-do-mes-do-turismo\/","title":{"rendered":"COMTUR convida atrativos tur\u00edsticos para participarem do M\u00eas do Turismo"},"content":{"rendered":"\n<p>Em comemora\u00e7\u00e3o ao Dia Mundial do Turismo, celebrado em 27 de setembro, o Conselho Municipal de Turismo (COMTUR) e a Unidade de Promo\u00e7\u00e3o de Gest\u00e3o de Agroneg\u00f3cio, Abastecimento e Turismo promovem o \u201cM\u00eas do Turismo\u201d, de 27 de setembro a 27 de outubro e convida os atrativos tur\u00edsticos de Jundia\u00ed a participarem da a\u00e7\u00e3o.&nbsp;<\/p>\n\n\n\n<p>A presidente do COMTUR, Mirian Oliveira, explica que a ideia \u00e9 promover a divulga\u00e7\u00e3o dos participantes e tamb\u00e9m oferecer benef\u00edcios aos visitantes. \u201cSer\u00e1 uma comemora\u00e7\u00e3o ao m\u00eas do turismo e conseguimos ajudar tanto os empreendimentos, como promover mais atrativos para os turistas e visitantes\u201d, comenta.<\/p>\n\n\n\n<p>Podem participar adegas, restaurantes, emp\u00f3rios, lanchonetes, hot\u00e9is e todos os tipos de empreendimentos. \u201cSer\u00e1 uma a\u00e7\u00e3o em que os estabelecimentos poder\u00e3o oferecer promo\u00e7\u00f5es e\/ou benef\u00edcios aos visitantes. Para isso \u00e9 preciso que os empreendimentos fa\u00e7am o cadastro pelo&nbsp;<a href=\"https:\/\/docs.google.com\/forms\/d\/e\/1FAIpQLScA82345Epfkf1bzAmxuNs-_RDx-aqv17YGU84fYxh2gMDQUw\/viewform\">site<\/a>&nbsp;at\u00e9 as 10 horas de segunda-feira (27). A participa\u00e7\u00e3o ser\u00e1 simples, os visitante dever\u00e3o seguir, no Instagram, os perfis do @turismojundiai e do estabelecimento para poder ter direito ao benef\u00edcio\u201d, explica a diretora do Departamento de Fomento ao Turismo, Marcela Moro.&nbsp;<\/p>\n\n\n\n<figure class=\"wp-block-image\"><img decoding=\"async\" src=\"https:\/\/jundiai.sp.gov.br\/noticias\/wp-content\/uploads\/sites\/32\/2021\/09\/vinicula-saccomani_rota-do-vinho-462.jpg\" alt=\"imagem mostra garrafa e ta\u00e7a com vinho, ao lado, presunto cru em um suporte\" class=\"wp-image-276018\" \/><figcaption>A\u00e7\u00e3o ir\u00e1 oferecer divulga\u00e7\u00e3o para os atrativos tur\u00edsticos e benef\u00edcios aos visitantes<\/figcaption><\/figure>\n\n\n\n<p><em><strong>(Fonte\/Imagem: Prefeitura de Jundia\u00ed)<\/strong><\/em><\/p>\n","protected":false},"excerpt":{"rendered":"<p>Podem participar adegas, restaurantes, emp\u00f3rios, lanchonetes, hot\u00e9is e todos os tipos de empreendimentos.<\/p>\n","protected":false},"author":27,"featured_media":82690,"comment_status":"closed","ping_status":"closed","sticky":false,"template":"","format":"standard","meta":{"footnotes":""},"categories":[8356,2825],"tags":[],"class_list":["post-82689","post","type-post","status-publish","format-standard","has-post-thumbnail","hentry","category-jundiai","category-turismo"],"_links":{"self":[{"href":"https:\/\/tvtecjundiai.com.br\/news\/wp-json\/wp\/v2\/posts\/82689","targetHints":{"allow":["GET"]}}],"collection":[{"href":"https:\/\/tvtecjundiai.com.br\/news\/wp-json\/wp\/v2\/posts"}],"about":[{"href":"https:\/\/tvtecjundiai.com.br\/news\/wp-json\/wp\/v2\/types\/post"}],"author":[{"embeddable":true,"href":"https:\/\/tvtecjundiai.com.br\/news\/wp-json\/wp\/v2\/users\/27"}],"replies":[{"embeddable":true,"href":"https:\/\/tvtecjundiai.com.br\/news\/wp-json\/wp\/v2\/comments?post=82689"}],"version-history":[{"count":2,"href":"https:\/\/tvtecjundiai.com.br\/news\/wp-json\/wp\/v2\/posts\/82689\/revisions"}],"predecessor-version":[{"id":82706,"href":"https:\/\/tvtecjundiai.com.br\/news\/wp-json\/wp\/v2\/posts\/82689\/revisions\/82706"}],"wp:featuredmedia":[{"embeddable":true,"href":"https:\/\/tvtecjundiai.com.br\/news\/wp-json\/wp\/v2\/media\/82690"}],"wp:attachment":[{"href":"https:\/\/tvtecjundiai.com.br\/news\/wp-json\/wp\/v2\/media?parent=82689"}],"wp:term":[{"taxonomy":"category","embeddable":true,"href":"https:\/\/tvtecjundiai.com.br\/news\/wp-json\/wp\/v2\/categories?post=82689"},{"taxonomy":"post_tag","embeddable":true,"href":"https:\/\/tvtecjundiai.com.br\/news\/wp-json\/wp\/v2\/tags?post=82689"}],"curies":[{"name":"wp","href":"https:\/\/api.w.org\/{rel}","templated":true}]}}