{"id":82747,"date":"2021-09-26T10:22:27","date_gmt":"2021-09-26T13:22:27","guid":{"rendered":"https:\/\/tvtecjundiai.com.br\/news\/?p=82747"},"modified":"2021-09-26T15:05:36","modified_gmt":"2021-09-26T18:05:36","slug":"horta-urbana-recebe-25-inscricoes-para-o-curso-de-formacao","status":"publish","type":"post","link":"https:\/\/tvtecjundiai.com.br\/news\/2021\/09\/26\/horta-urbana-recebe-25-inscricoes-para-o-curso-de-formacao\/","title":{"rendered":"Horta Urbana recebe 26 inscri\u00e7\u00f5es para o curso de forma\u00e7\u00e3o"},"content":{"rendered":"\n<p>O programa Horta Urbana divulgou na&nbsp;<a href=\"https:\/\/imprensaoficial.jundiai.sp.gov.br\/edicao-4971\/\">Imprensa Oficial&nbsp;<\/a>de sexta-feira (24), a lista de selecionados para a segunda turma do \u201cCurso de Forma\u00e7\u00e3o em Hortas Urbanas\u201d, pr\u00e9-requisito para ter o direito a usar \u00e1reas p\u00fablicas para o cultivo. Para esta edi\u00e7\u00e3o, o programa recebeu 26 inscri\u00e7\u00f5es de moradores de diversos bairros do munic\u00edpio.<\/p>\n\n\n\n<p>Lan\u00e7ado em junho de 2021, o programa desenvolvido pela Prefeitura de Jundia\u00ed, por meio da Unidade de Gest\u00e3o de Planejamento Urbano e Meio Ambiente (UGPUMA), visa oferecer \u00e1reas p\u00fablicas sem uso para o cultivo de hortali\u00e7as, ervas arom\u00e1ticas, plantas medicinais, arom\u00e1ticas e frut\u00edferas, e com isso incentivar a alimenta\u00e7\u00e3o de boa qualidade e o trabalho da popula\u00e7\u00e3o.&nbsp;<\/p>\n\n\n\n<p>\u201cAs hortas urbanas s\u00e3o uma estrat\u00e9gia para promover o desenvolvimento sustent\u00e1vel, estimulando o consumo de alimentos saud\u00e1veis, melhorando a paisagem urbana, oferecendo uma possibilidade de gera\u00e7\u00e3o de renda e de contato com a natureza dentro da cidade\u201d, explica a diretora de Urbanismo da UGPUMA, Sylvia Angelini.&nbsp;<\/p>\n\n\n\n<figure class=\"wp-block-image\"><img decoding=\"async\" src=\"https:\/\/jundiai.sp.gov.br\/noticias\/wp-content\/uploads\/sites\/32\/2021\/09\/horta-urbana-morada-das-vinhas-45.jpg\" alt=\"imagem mostra trator mexendo em terreno\" class=\"wp-image-277066\" \/><figcaption>\u00c1rea no Morada das Vinhas que receber\u00e1 uma Horta Urbana<\/figcaption><\/figure>\n\n\n\n<p>O curso de forma\u00e7\u00e3o ser\u00e1 presencial, com carga hor\u00e1ria de 20 horas\/aula e ser\u00e1 realizado em quatro m\u00f3dulos nos dias 09, 16, 23 de outubro e 06 de novembro, das 8 \u00e0s 13 horas, na Unidade de Desenvolvimento Ambiental (Unidam), pela Escola de Governo, em parceria com a ETEC Benedito Storani. Ser\u00e3o respeitados os protocolos de seguran\u00e7a sanit\u00e1ria.<\/p>\n\n\n\n<p>O programa Horta Urbana conta com o apoio das Unidades de Agroneg\u00f3cio, Abastecimento e Turismo, Infraestrutura e Servi\u00e7os P\u00fablicos, Assist\u00eancia e Desenvolvimento Social, Escola de Governo, Governo e Finan\u00e7as, Conselho Municipal de Seguran\u00e7a Alimentar e Conselho Municipal de Desenvolvimento Rural.<\/p>\n\n\n\n<p><strong>Informa\u00e7\u00f5es e foto da Prefeitura de Jundia\u00ed<\/strong> <\/p>\n","protected":false},"excerpt":{"rendered":"<p>O programa oferece \u00e1reas p\u00fablicas, sem uso, para o cultivo de plantas. <\/p>\n","protected":false},"author":9,"featured_media":82748,"comment_status":"closed","ping_status":"closed","sticky":false,"template":"","format":"standard","meta":{"footnotes":""},"categories":[1],"tags":[],"class_list":["post-82747","post","type-post","status-publish","format-standard","has-post-thumbnail","hentry","category-noticias"],"_links":{"self":[{"href":"https:\/\/tvtecjundiai.com.br\/news\/wp-json\/wp\/v2\/posts\/82747","targetHints":{"allow":["GET"]}}],"collection":[{"href":"https:\/\/tvtecjundiai.com.br\/news\/wp-json\/wp\/v2\/posts"}],"about":[{"href":"https:\/\/tvtecjundiai.com.br\/news\/wp-json\/wp\/v2\/types\/post"}],"author":[{"embeddable":true,"href":"https:\/\/tvtecjundiai.com.br\/news\/wp-json\/wp\/v2\/users\/9"}],"replies":[{"embeddable":true,"href":"https:\/\/tvtecjundiai.com.br\/news\/wp-json\/wp\/v2\/comments?post=82747"}],"version-history":[{"count":2,"href":"https:\/\/tvtecjundiai.com.br\/news\/wp-json\/wp\/v2\/posts\/82747\/revisions"}],"predecessor-version":[{"id":82750,"href":"https:\/\/tvtecjundiai.com.br\/news\/wp-json\/wp\/v2\/posts\/82747\/revisions\/82750"}],"wp:featuredmedia":[{"embeddable":true,"href":"https:\/\/tvtecjundiai.com.br\/news\/wp-json\/wp\/v2\/media\/82748"}],"wp:attachment":[{"href":"https:\/\/tvtecjundiai.com.br\/news\/wp-json\/wp\/v2\/media?parent=82747"}],"wp:term":[{"taxonomy":"category","embeddable":true,"href":"https:\/\/tvtecjundiai.com.br\/news\/wp-json\/wp\/v2\/categories?post=82747"},{"taxonomy":"post_tag","embeddable":true,"href":"https:\/\/tvtecjundiai.com.br\/news\/wp-json\/wp\/v2\/tags?post=82747"}],"curies":[{"name":"wp","href":"https:\/\/api.w.org\/{rel}","templated":true}]}}