{"id":82759,"date":"2021-09-27T10:38:25","date_gmt":"2021-09-27T13:38:25","guid":{"rendered":"https:\/\/tvtecjundiai.com.br\/news\/?p=82759"},"modified":"2021-09-27T10:38:28","modified_gmt":"2021-09-27T13:38:28","slug":"reforco-de-pfizer-apos-coronavac-aumenta-em-20-vezes-anticorpos-diz-estudo","status":"publish","type":"post","link":"https:\/\/tvtecjundiai.com.br\/news\/2021\/09\/27\/reforco-de-pfizer-apos-coronavac-aumenta-em-20-vezes-anticorpos-diz-estudo\/","title":{"rendered":"Refor\u00e7o de Pfizer ap\u00f3s Coronavac aumenta em 20 vezes anticorpos, diz estudo"},"content":{"rendered":"\n<p>Resultados preliminares de um estudo desenvolvido no Uruguai mostram que o refor\u00e7o com Pfizer, ap\u00f3s duas doses de Coronavac, aumenta em 20 vezes o n\u00edvel de anticorpos contra o coronav\u00edrus. O ministro da sa\u00fade uruguaio, Daniel Salinas, avaliou, em coletiva de apresenta\u00e7\u00e3o do estudo a jornalistas, que a pesquisa traz dados promissores sobre a import\u00e2ncia do uso combinado de imunizantes de v\u00edrus inativo (como \u00e9 o caso da Coronavac) com outros de RNA mensageiro (a da Pfizer, por exemplo).<\/p>\n\n\n\n<p>A investiga\u00e7\u00e3o conta com cerca de 200 volunt\u00e1rios do Instituto Pasteur, um dos respons\u00e1veis pelo estudo junto com a Universidade da Rep\u00fablica (Udelar), sendo que 53 deles tomaram as duas doses de Coronavac e o refor\u00e7o da Pfizer. O estudo teve in\u00edcio em mar\u00e7o e vai acompanhar os participantes por dois anos, com amostras de sangue peri\u00f3dicas.<\/p>\n\n\n\n<p>Cada participante j\u00e1 teve quatro amostras analisadas: uma colhida antes da imuniza\u00e7\u00e3o; a segunda, 18 dias ap\u00f3s a cobertura vacinal completa; a terceira, 80 dias ap\u00f3s a segunda dose; e a \u00faltima, ap\u00f3s o refor\u00e7o com Pfizer.<\/p>\n\n\n\n<div class=\"wp-block-image\"><figure class=\"aligncenter size-full\"><img loading=\"lazy\" decoding=\"async\" width=\"768\" height=\"511\" src=\"https:\/\/tvtecjundiai.com.br\/news\/wp-content\/uploads\/sites\/2\/2021\/08\/9cab776b-3020-462b-8d3c-7c2a43635b04.jpeg\" alt=\"\" class=\"wp-image-80342\" srcset=\"https:\/\/tvtecjundiai.com.br\/news\/wp-content\/uploads\/sites\/2\/2021\/08\/9cab776b-3020-462b-8d3c-7c2a43635b04.jpeg 768w, https:\/\/tvtecjundiai.com.br\/news\/wp-content\/uploads\/sites\/2\/2021\/08\/9cab776b-3020-462b-8d3c-7c2a43635b04-300x200.jpeg 300w\" sizes=\"auto, (max-width: 768px) 100vw, 768px\" \/><\/figure><\/div>\n\n\n\n<p>\u201cO que encontramos \u00e9 que, antes da vacina\u00e7\u00e3o, essas 53 pessoas n\u00e3o tinham anticorpos. O que encontramos 18 dias depois de terem recebido tanto as duas doses de Pfizer quanto Coronavac, essa popula\u00e7\u00e3o apresentava anticorpos circulantes contra o v\u00edrus. O que passou aos 80 dias, notamos uma queda generalizada da quantidade de anticorpos, mas que 100% continuavam tendo anticorpos.<\/p>\n\n\n\n<p>Finalmente, a quarta extra\u00e7\u00e3o, que foi ap\u00f3s os indiv\u00edduos com Coronavac mais uma terceira de Pfizer, o que encontramos foi aumento muito importante dos anticorpos circulantes nessa popula\u00e7\u00e3o\u201d, disse S\u00e9rgio Bianchi, pesquisador do Instituto Pasteur, em coletiva a jornalistas.<\/p>\n\n\n\n<p>Os pesquisadores v\u00e3o seguir com as coletas para saber como essa carga de anticorpos aumentada se comporta ao longo do tempo. O Minist\u00e9rio da Sa\u00fade do Uruguai tamb\u00e9m desenvolve um estudo com mil pessoas e, segundo o titular da pasta, Daniel Salinas, o resultado preliminar com um grupo de 48 pacientes indicam n\u00fameros similares.<\/p>\n\n\n\n<p>Desde julho, o Uruguai anunciou a terceira dose de Pfizer para quem recebeu Coronavac.<\/p>\n\n\n\n<p><strong><em>(Fonte: CNN Brasil\/Imagem: Prefeitura de Jundia\u00ed)<\/em><\/strong><\/p>\n","protected":false},"excerpt":{"rendered":"<p>Volunt\u00e1rios est\u00e3o sendo acompanhados por dois anos, com amostras de sangue analisadas periodicamente.<\/p>\n","protected":false},"author":25,"featured_media":80342,"comment_status":"closed","ping_status":"closed","sticky":false,"template":"","format":"standard","meta":{"footnotes":""},"categories":[1],"tags":[],"class_list":["post-82759","post","type-post","status-publish","format-standard","has-post-thumbnail","hentry","category-noticias"],"_links":{"self":[{"href":"https:\/\/tvtecjundiai.com.br\/news\/wp-json\/wp\/v2\/posts\/82759","targetHints":{"allow":["GET"]}}],"collection":[{"href":"https:\/\/tvtecjundiai.com.br\/news\/wp-json\/wp\/v2\/posts"}],"about":[{"href":"https:\/\/tvtecjundiai.com.br\/news\/wp-json\/wp\/v2\/types\/post"}],"author":[{"embeddable":true,"href":"https:\/\/tvtecjundiai.com.br\/news\/wp-json\/wp\/v2\/users\/25"}],"replies":[{"embeddable":true,"href":"https:\/\/tvtecjundiai.com.br\/news\/wp-json\/wp\/v2\/comments?post=82759"}],"version-history":[{"count":1,"href":"https:\/\/tvtecjundiai.com.br\/news\/wp-json\/wp\/v2\/posts\/82759\/revisions"}],"predecessor-version":[{"id":82760,"href":"https:\/\/tvtecjundiai.com.br\/news\/wp-json\/wp\/v2\/posts\/82759\/revisions\/82760"}],"wp:featuredmedia":[{"embeddable":true,"href":"https:\/\/tvtecjundiai.com.br\/news\/wp-json\/wp\/v2\/media\/80342"}],"wp:attachment":[{"href":"https:\/\/tvtecjundiai.com.br\/news\/wp-json\/wp\/v2\/media?parent=82759"}],"wp:term":[{"taxonomy":"category","embeddable":true,"href":"https:\/\/tvtecjundiai.com.br\/news\/wp-json\/wp\/v2\/categories?post=82759"},{"taxonomy":"post_tag","embeddable":true,"href":"https:\/\/tvtecjundiai.com.br\/news\/wp-json\/wp\/v2\/tags?post=82759"}],"curies":[{"name":"wp","href":"https:\/\/api.w.org\/{rel}","templated":true}]}}