{"id":82818,"date":"2021-09-28T12:07:13","date_gmt":"2021-09-28T15:07:13","guid":{"rendered":"https:\/\/tvtecjundiai.com.br\/news\/?p=82818"},"modified":"2021-09-28T12:07:17","modified_gmt":"2021-09-28T15:07:17","slug":"programacao-diversificada-e-o-destaque-de-outubro-no-polytheama","status":"publish","type":"post","link":"https:\/\/tvtecjundiai.com.br\/news\/2021\/09\/28\/programacao-diversificada-e-o-destaque-de-outubro-no-polytheama\/","title":{"rendered":"Programa\u00e7\u00e3o diversificada \u00e9 o destaque de outubro no Polytheama"},"content":{"rendered":"\n<p>Espet\u00e1culos de dan\u00e7a, humor circense, m\u00fasica popular, m\u00fasica erudita e teatro invadem o palco do Teatro Polytheama e comp\u00f5em uma programa\u00e7\u00e3o para todos os gostos durante o m\u00eas de outubro.<\/p>\n\n\n\n<p>Na programa\u00e7\u00e3o de m\u00fasica, um dos destaques vai para a apresenta\u00e7\u00e3o de Nando Reis, com o seu show \u201cVoz e Viol\u00e3o\u201d, com um repert\u00f3rio marcado pelos seus principais sucessos. J\u00e1 para quem gosta de m\u00fasica erudita, \u201cGianni Schicchi\u201d, uma \u00f3pera c\u00f4mica em um ato, de Giacomo Puccini, com libreto de Giovacchino Forzano, baseado no Canto XXX do Inferno, da Divina Com\u00e9dia de Dante Alighieri, tamb\u00e9m poder\u00e1 ser apreciada e com entrada gratuita.<\/p>\n\n\n\n<p>Para os que gostam de acompanhar encena\u00e7\u00f5es de textos esp\u00edritas, o espet\u00e1culo teatral \u201cAl\u00e9m da Vida: 10 anos\u201d, tamb\u00e9m est\u00e1 na programa\u00e7\u00e3o e com promo\u00e7\u00e3o: a doa\u00e7\u00e3o de um quilo de alimento n\u00e3o perec\u00edvel dar\u00e1 50% de desconto no valor do ingresso.<\/p>\n\n\n\n<p>O Teatro Polytheama fica na Rua Bar\u00e3o de Jundia\u00ed, 176 \u2013 Centro. A bilheteria funciona de ter\u00e7a a sexta-feira, das 10h \u00e0s 20h. Aos s\u00e1bados, domingos e feriados, a bilheteria funciona somente se houver espet\u00e1culo programado. Das 10h \u00e0s 17h ficam dispon\u00edveis os ingressos da agenda cultural em geral. J\u00e1 a partir desse hor\u00e1rio, ficam dispon\u00edveis somente os ingressos do espet\u00e1culo programado para o dia. Mais informa\u00e7\u00f5es 4586-2472.<\/p>\n\n\n\n<div class=\"wp-block-image\"><figure class=\"aligncenter size-large\"><img loading=\"lazy\" decoding=\"async\" width=\"1200\" height=\"801\" src=\"https:\/\/tvtecjundiai.com.br\/news\/wp-content\/uploads\/sites\/2\/2021\/09\/reabertura-teatro-polytheama-96-1200x801.jpg\" alt=\"\" class=\"wp-image-82819\" srcset=\"https:\/\/tvtecjundiai.com.br\/news\/wp-content\/uploads\/sites\/2\/2021\/09\/reabertura-teatro-polytheama-96-1200x801.jpg 1200w, https:\/\/tvtecjundiai.com.br\/news\/wp-content\/uploads\/sites\/2\/2021\/09\/reabertura-teatro-polytheama-96-300x200.jpg 300w, https:\/\/tvtecjundiai.com.br\/news\/wp-content\/uploads\/sites\/2\/2021\/09\/reabertura-teatro-polytheama-96-768x512.jpg 768w, https:\/\/tvtecjundiai.com.br\/news\/wp-content\/uploads\/sites\/2\/2021\/09\/reabertura-teatro-polytheama-96.jpg 1280w\" sizes=\"auto, (max-width: 1200px) 100vw, 1200px\" \/><\/figure><\/div>\n\n\n\n<p>Acompanhe a programa\u00e7\u00e3o completa de outubro no Polytheama:<\/p>\n\n\n\n<ul class=\"wp-block-list\"><li>Sexta-feira (01) \u2013 20h<br>\u201c4\u201d (Rafael Trevisan Produ\u00e7\u00f5es)<br>Classifica\u00e7\u00e3o: Livre \/ Dura\u00e7\u00e3o: 50 minutos \/ G\u00eanero: Dan\u00e7a<br>Ingressos: Entrada Gratuita.<br>A distribui\u00e7\u00e3o ser\u00e1 feita na bilheteria do teatro e\u00a0<a rel=\"noreferrer noopener\" href=\"https:\/\/bileto.sympla.com.br\/event\/68982\/d\/108993\" target=\"_blank\">on-line<\/a>. Cada solicitante tem direito a at\u00e9 dois ingressos;<\/li><\/ul>\n\n\n\n<ul class=\"wp-block-list\"><li>Sexta-feira (08) \u2013 20h<br>\u201cNando Reis \u2013 Voz e Viol\u00e3o\u201d (Alphatickets)<br>Classifica\u00e7\u00e3o: 16 anos \/ Dura\u00e7\u00e3o: 100 minutos \/ G\u00eanero: MPB<br>Ingressos: plateia e camarotes \u2013 R$220,00 \/ frisas e galeria \u2013 R$200,00.<br>Descontos: Clientes Leat\u2019s Eat ter\u00e3o 50% de desconto apresentando cupom (plateia e camarotes \u2013 \u00a0R$110,00 \/ frisas e galeria \u2013 R$100,00)<br>As vendas ser\u00e3o feitas na bilheteria do teatro e\u00a0<a rel=\"noreferrer noopener\" href=\"https:\/\/bileto.sympla.com.br\/event\/68769\/d\/107182\" target=\"_blank\">on-line<\/a>;<\/li><\/ul>\n\n\n\n<ul class=\"wp-block-list\"><li>Domingo (10) \u2013 17h<br>\u201cGianni Schicchi\u201d (\u00d3pera S\u00e3o Paulo Produ\u00e7\u00f5es Art\u00edsticas LTDA)<br>Classifica\u00e7\u00e3o: 12 anos \/ Dura\u00e7\u00e3o: 90 minutos \/ G\u00eanero: \u00d3pera<br>Ingressos: Entrada Gratuita.<br>A distribui\u00e7\u00e3o ser\u00e1 feita na bilheteria do teatro e\u00a0<a rel=\"noreferrer noopener\" href=\"https:\/\/bileto.sympla.com.br\/event\/69022\/d\/109321\" target=\"_blank\">on-line<\/a>. Cada solicitante tem direito a at\u00e9 dois ingressos;<\/li><\/ul>\n\n\n\n<ul class=\"wp-block-list\"><li>S\u00e1bado (16) \u2013 20h<br>\u201cAl\u00e9m da Vida: 10 anos\u201d \u2013 Uma obra de Chico Xavier (Aplaus)<br>Classifica\u00e7\u00e3o: 10 anos \/ Dura\u00e7\u00e3o: 70 minutos \/ G\u00eanero: Pe\u00e7a Esp\u00edrita<br>Ingressos: Todos os setores R$ 70,00. Desconto de 50% na doa\u00e7\u00e3o de 1kg de alimento n\u00e3o perec\u00edvel<br>As vendas ser\u00e3o feitas na bilheteria do teatro e\u00a0<a rel=\"noreferrer noopener\" href=\"https:\/\/www.sympla.com.br\/\" target=\"_blank\">on-line<\/a>;<\/li><\/ul>\n\n\n\n<ul class=\"wp-block-list\"><li>Domingo (17) \u2013 16h<br>\u201cCia. Rick Kelly \u2013 40 anos de riso\u201c (Ede Galileu)<br>Classifica\u00e7\u00e3o: Livre \/ Dura\u00e7\u00e3o: 50 minutos \/ G\u00eanero: Humor circense<br>Ingressos: Plateia e frisas \u2013 \u00a0R$ 20,00. Desconto de 50% na doa\u00e7\u00e3o de 1kg de alimento n\u00e3o perec\u00edvel<br>As vendas ser\u00e3o feitas na bilheteria do teatro e\u00a0<a rel=\"noreferrer noopener\" href=\"https:\/\/bileto.sympla.com.br\/event\/69079\/d\/109776\" target=\"_blank\">on-line<\/a>;<\/li><\/ul>\n\n\n\n<ul class=\"wp-block-list\"><li>Domingo (24) \u2013 19h<br>\u201cBeatles Forever\u201d (Vibrarte Produ\u00e7\u00f5es)<br>Classifica\u00e7\u00e3o: Livre \/ Dura\u00e7\u00e3o: 90 minutos \/ G\u00eanero: musical<br>Ingressos: Plateia, frisas, camarotes e galeria \u2013 R$80,00. Meia entrada prevista por lei. R$70,00 para ingressos antecipados at\u00e9 um dia antes do evento. R$60,00 promocional com b\u00f4nus de 25% de desconto<br>As vendas ser\u00e3o feitas na bilheteria do teatro e\u00a0<a rel=\"noreferrer noopener\" href=\"https:\/\/bileto.sympla.com.br\/event\/69170\/d\/110353\" target=\"_blank\">on-line<\/a>;<\/li><\/ul>\n\n\n\n<ul class=\"wp-block-list\"><li>Quarta-feira (27) \u2013 19h<br>\u201cTodas as Coisas Maravilhosas\u201c (Radam\u00e9s Bruno Produ\u00e7\u00e3o cultural, Marketing e Eventos Ltda)<br>Classifica\u00e7\u00e3o et\u00e1ria: 14 anos \/ Dura\u00e7\u00e3o: 70 minutos \/ G\u00eanero: Drama<br>Ingressos: Entrada Gratuita<br>A distribui\u00e7\u00e3o ser\u00e1 feita na bilheteria do teatro e\u00a0<a rel=\"noreferrer noopener\" href=\"https:\/\/www.sympla.com.br\/\" target=\"_blank\">on-line<\/a>. Cada solicitante tem direito a at\u00e9 dois ingressos;<\/li><\/ul>\n\n\n\n<ul class=\"wp-block-list\"><li>Sexta-feira (29) \u2013 20h<br>\u201c1 \u00e9 bom, 2 \u00e9 \u00f3timo, 3 \u00e9 D+\u201c (Amarati)<br>Classifica\u00e7\u00e3o et\u00e1ria: Livre \/ Dura\u00e7\u00e3o: 120 minutos \/ G\u00eanero: Dan\u00e7a<br>A distribui\u00e7\u00e3o ser\u00e1 feita na bilheteria do teatro e\u00a0<a rel=\"noreferrer noopener\" href=\"https:\/\/www.sympla.com.br\/\" target=\"_blank\">on-line<\/a>. Cada solicitante tem direito a at\u00e9 dois ingressos.<\/li><\/ul>\n\n\n\n<p><strong><em>(Fonte\/Imagem: Prefeitura de Jundia\u00ed)<\/em><\/strong><\/p>\n","protected":false},"excerpt":{"rendered":"<p>Espet\u00e1culos de dan\u00e7a, humor circense, m\u00fasica popular, m\u00fasica erudita e teatro invadem o palco do Teatro Polytheama.<\/p>\n","protected":false},"author":25,"featured_media":82819,"comment_status":"closed","ping_status":"closed","sticky":false,"template":"","format":"standard","meta":{"footnotes":""},"categories":[2833,1],"tags":[],"class_list":["post-82818","post","type-post","status-publish","format-standard","has-post-thumbnail","hentry","category-cultura","category-noticias"],"_links":{"self":[{"href":"https:\/\/tvtecjundiai.com.br\/news\/wp-json\/wp\/v2\/posts\/82818","targetHints":{"allow":["GET"]}}],"collection":[{"href":"https:\/\/tvtecjundiai.com.br\/news\/wp-json\/wp\/v2\/posts"}],"about":[{"href":"https:\/\/tvtecjundiai.com.br\/news\/wp-json\/wp\/v2\/types\/post"}],"author":[{"embeddable":true,"href":"https:\/\/tvtecjundiai.com.br\/news\/wp-json\/wp\/v2\/users\/25"}],"replies":[{"embeddable":true,"href":"https:\/\/tvtecjundiai.com.br\/news\/wp-json\/wp\/v2\/comments?post=82818"}],"version-history":[{"count":1,"href":"https:\/\/tvtecjundiai.com.br\/news\/wp-json\/wp\/v2\/posts\/82818\/revisions"}],"predecessor-version":[{"id":82820,"href":"https:\/\/tvtecjundiai.com.br\/news\/wp-json\/wp\/v2\/posts\/82818\/revisions\/82820"}],"wp:featuredmedia":[{"embeddable":true,"href":"https:\/\/tvtecjundiai.com.br\/news\/wp-json\/wp\/v2\/media\/82819"}],"wp:attachment":[{"href":"https:\/\/tvtecjundiai.com.br\/news\/wp-json\/wp\/v2\/media?parent=82818"}],"wp:term":[{"taxonomy":"category","embeddable":true,"href":"https:\/\/tvtecjundiai.com.br\/news\/wp-json\/wp\/v2\/categories?post=82818"},{"taxonomy":"post_tag","embeddable":true,"href":"https:\/\/tvtecjundiai.com.br\/news\/wp-json\/wp\/v2\/tags?post=82818"}],"curies":[{"name":"wp","href":"https:\/\/api.w.org\/{rel}","templated":true}]}}