{"id":82838,"date":"2021-09-28T16:20:13","date_gmt":"2021-09-28T19:20:13","guid":{"rendered":"https:\/\/tvtecjundiai.com.br\/news\/?p=82838"},"modified":"2021-09-28T16:20:18","modified_gmt":"2021-09-28T19:20:18","slug":"petrobras-anuncia-alta-no-preco-do-diesel","status":"publish","type":"post","link":"https:\/\/tvtecjundiai.com.br\/news\/2021\/09\/28\/petrobras-anuncia-alta-no-preco-do-diesel\/","title":{"rendered":"Petrobras anuncia alta no pre\u00e7o do diesel"},"content":{"rendered":"\n<p>A Petrobras anunciou nesta ter\u00e7a-feira (28) que vai elevar o pre\u00e7o do diesel vendido \u00e0s distribuidoras. Com o reajuste, o pre\u00e7o m\u00e9dio de venda do diesel A passa de R$ 2,81 para R$ 3,06 por litro, refletindo reajuste m\u00e9dio de R$0,25 por litro. O reajuste entra em vigor na quarta-feira (29).<\/p>\n\n\n\n<p>Segundo a Petrobras, a alta de 8,89% vem ap\u00f3s 85 dias de pre\u00e7os est\u00e1veis para o combust\u00edvel \u2013 a \u00faltima alta antes dessa havia sido em 7 de julho passado. A Petrobras n\u00e3o informou reajuste nos pre\u00e7os dos demais combust\u00edveis.<\/p>\n\n\n\n<p>A estatal tamb\u00e9m informa que, com o reajuste, a parcela que corresponde \u00e0 Petrobras no pre\u00e7o pago pelos consumidores na bomba passar\u00e1 a ser de R$ 2,70 por litro em m\u00e9dia, uma alta de R$ 0,22 em rela\u00e7\u00e3o ao valor atual.<\/p>\n\n\n\n<div class=\"wp-block-image\"><figure class=\"aligncenter size-full\"><img loading=\"lazy\" decoding=\"async\" width=\"900\" height=\"509\" src=\"https:\/\/tvtecjundiai.com.br\/news\/wp-content\/uploads\/sites\/2\/2021\/09\/Sede-da-Petrobras-by-Andre-Motta-de-Souza-Ag-Perobras.jpg\" alt=\"\" class=\"wp-image-82839\" srcset=\"https:\/\/tvtecjundiai.com.br\/news\/wp-content\/uploads\/sites\/2\/2021\/09\/Sede-da-Petrobras-by-Andre-Motta-de-Souza-Ag-Perobras.jpg 900w, https:\/\/tvtecjundiai.com.br\/news\/wp-content\/uploads\/sites\/2\/2021\/09\/Sede-da-Petrobras-by-Andre-Motta-de-Souza-Ag-Perobras-300x170.jpg 300w, https:\/\/tvtecjundiai.com.br\/news\/wp-content\/uploads\/sites\/2\/2021\/09\/Sede-da-Petrobras-by-Andre-Motta-de-Souza-Ag-Perobras-768x434.jpg 768w\" sizes=\"auto, (max-width: 900px) 100vw, 900px\" \/><\/figure><\/div>\n\n\n\n<p><strong>Altas esperadas<br><\/strong>Na segunda-feira, a Petrobras j\u00e1 havia informado que estudava reajuste nos pre\u00e7os dos combust\u00edveis, e reafirmou que n\u00e3o faria mudan\u00e7as em sua pol\u00edtica de pre\u00e7os \u2013 que acompanha os valores do mercado internacional e \u00e9 influenciada tamb\u00e9m pelo c\u00e2mbio.<\/p>\n\n\n\n<p>Segundo o presidente da estatal, Joaquim Silva e Luna, o papel de zelar pelos pre\u00e7os dos combust\u00edveis \u00e9 do governo, do Minist\u00e9rio de Minas e Energia, do Minist\u00e9rio da Economia e da Casa Civil.<\/p>\n\n\n\n<p>Segundo levantamento da Ag\u00eancia Nacional do Petr\u00f3leo, G\u00e1s Natural e Biocombust\u00edveis (ANP), o pre\u00e7o m\u00e9dio do litro do diesel no pa\u00eds estava em R$4,707 na semana passada, pouco abaixo dos R$ 4,709 registrados na semana passada.<\/p>\n\n\n\n<p>De acordo com os dados do \u00cdndice Nacional de Pre\u00e7os ao Consumidor Amplo (IPCA) do IBGE, no acumulado no ano at\u00e9 agosto, o \u00f3leo diesel subiu 28,02% no pa\u00eds.<\/p>\n\n\n\n<p>Nesta ter\u00e7a-feira, o barril do petr\u00f3leo Brent, refer\u00eancia global, superou a marca de US$ 80 atingindo a maior cota\u00e7\u00e3o desde outubro de 2018.<\/p>\n\n\n\n<p><strong><em>(Fonte: G1\/Imagem: Andr\u00e9 Motta de Souza-Ag\u00eancia Petrobras)<\/em><\/strong><\/p>\n","protected":false},"excerpt":{"rendered":"<p>Segundo a estatal, o reajuste de 8,89% vem ap\u00f3s 85 dias de pre\u00e7os est\u00e1veis para o combust\u00edvel.<\/p>\n","protected":false},"author":25,"featured_media":82839,"comment_status":"closed","ping_status":"closed","sticky":false,"template":"","format":"standard","meta":{"footnotes":""},"categories":[1],"tags":[],"class_list":["post-82838","post","type-post","status-publish","format-standard","has-post-thumbnail","hentry","category-noticias"],"_links":{"self":[{"href":"https:\/\/tvtecjundiai.com.br\/news\/wp-json\/wp\/v2\/posts\/82838","targetHints":{"allow":["GET"]}}],"collection":[{"href":"https:\/\/tvtecjundiai.com.br\/news\/wp-json\/wp\/v2\/posts"}],"about":[{"href":"https:\/\/tvtecjundiai.com.br\/news\/wp-json\/wp\/v2\/types\/post"}],"author":[{"embeddable":true,"href":"https:\/\/tvtecjundiai.com.br\/news\/wp-json\/wp\/v2\/users\/25"}],"replies":[{"embeddable":true,"href":"https:\/\/tvtecjundiai.com.br\/news\/wp-json\/wp\/v2\/comments?post=82838"}],"version-history":[{"count":1,"href":"https:\/\/tvtecjundiai.com.br\/news\/wp-json\/wp\/v2\/posts\/82838\/revisions"}],"predecessor-version":[{"id":82840,"href":"https:\/\/tvtecjundiai.com.br\/news\/wp-json\/wp\/v2\/posts\/82838\/revisions\/82840"}],"wp:featuredmedia":[{"embeddable":true,"href":"https:\/\/tvtecjundiai.com.br\/news\/wp-json\/wp\/v2\/media\/82839"}],"wp:attachment":[{"href":"https:\/\/tvtecjundiai.com.br\/news\/wp-json\/wp\/v2\/media?parent=82838"}],"wp:term":[{"taxonomy":"category","embeddable":true,"href":"https:\/\/tvtecjundiai.com.br\/news\/wp-json\/wp\/v2\/categories?post=82838"},{"taxonomy":"post_tag","embeddable":true,"href":"https:\/\/tvtecjundiai.com.br\/news\/wp-json\/wp\/v2\/tags?post=82838"}],"curies":[{"name":"wp","href":"https:\/\/api.w.org\/{rel}","templated":true}]}}