{"id":82844,"date":"2021-09-29T09:17:38","date_gmt":"2021-09-29T12:17:38","guid":{"rendered":"https:\/\/tvtecjundiai.com.br\/news\/?p=82844"},"modified":"2021-09-29T09:17:46","modified_gmt":"2021-09-29T12:17:46","slug":"um-mes-apos-a-reabertura-pinacoteca-ja-bate-recordes-de-visitacoes-de-anos-anteriores","status":"publish","type":"post","link":"https:\/\/tvtecjundiai.com.br\/news\/2021\/09\/29\/um-mes-apos-a-reabertura-pinacoteca-ja-bate-recordes-de-visitacoes-de-anos-anteriores\/","title":{"rendered":"Um m\u00eas ap\u00f3s a reabertura, Pinacoteca j\u00e1 bate recordes de visita\u00e7\u00f5es de anos anteriores"},"content":{"rendered":"\n<p>Um m\u00eas ap\u00f3s a sua reabertura ao p\u00fablico, completo nesta ter\u00e7a-feira (28), a Pinacoteca Municipal Di\u00f3genes Duarte Paes j\u00e1 bateu recordes de visita\u00e7\u00f5es totais de anos anteriores. Com as exposi\u00e7\u00f5es \u201cChico Bento \u2013 60 Primaveras\u201d e \u201cJundia\u00ed Terra da HQ\u201d, o equipamento cultural j\u00e1 recebeu 4.263 visitantes.<\/p>\n\n\n\n<p>At\u00e9 05 de setembro, portanto, com pouco mais de uma semana de exposi\u00e7\u00e3o e antes mesmo da emenda de feriado da Independ\u00eancia, o local j\u00e1 havia recebido mais de 1700 visitantes, portanto, passando o total de visita\u00e7\u00f5es em todo o ano de 2016. Os n\u00fameros de 2017, quando 3.360 visitaram o local ao longo de todo o ano, n\u00fameros foram ultrapassados no final de semana de 18 e 19 de setembro, portanto, tr\u00eas semanas ap\u00f3s a reabertura.<\/p>\n\n\n\n<p>\u201c\u00c9 muito importante destacar que chegamos a esses n\u00fameros recordes, cumprindo todos os protocolos estabelecidos pelo Comit\u00ea Municipal de Preven\u00e7\u00e3o e Enfrentamento ao Coronav\u00edrus (CEC). A n\u00e3o ser grupos, que devem fazer contato pr\u00e9vio pelo telefone (11) 4586-2326, n\u00e3o \u00e9 necess\u00e1rio fazer agendamento. S\u00e3o permitidas at\u00e9 50 pessoas no local, com acesso controlado na entrada. Basta comparecer e conferir gratuitamente as exposi\u00e7\u00f5es\u201d, explica o gestor da Unidade de Gest\u00e3o de Cultura (UGC), Marcelo Peroni.<\/p>\n\n\n\n<p>Acompanhada da m\u00e3e, a agente de tr\u00e2nsito Lidiane Roveri, a pequena Laura, de seis anos, conferiu a exposi\u00e7\u00e3o na tarde desta ter\u00e7a-feira (28). Passando pela rua Bar\u00e3o, a caminho de um exame m\u00e9dico, m\u00e3e e filha decidiram entrar quando notaram a \u201cMalhada\u201d, a vaca do Chico Bento nos jardins. \u201cNa minha escola tem muitos gibis do Chico e j\u00e1 assistimos alguns desenhos com ele\u201d, explica a aluna do G5 da Emeb Clotilde Copelli de Miranda, encantada com a sala que reproduz a classe da personagem, na Vila Abobrinha.<\/p>\n\n\n\n<div class=\"wp-block-image\"><figure class=\"aligncenter size-large\"><img loading=\"lazy\" decoding=\"async\" width=\"1200\" height=\"800\" src=\"https:\/\/tvtecjundiai.com.br\/news\/wp-content\/uploads\/sites\/2\/2021\/09\/visitantes-exposicao-chico-bento-pinacoteca-19-1200x800.jpg\" alt=\"\" class=\"wp-image-82845\" srcset=\"https:\/\/tvtecjundiai.com.br\/news\/wp-content\/uploads\/sites\/2\/2021\/09\/visitantes-exposicao-chico-bento-pinacoteca-19-1200x800.jpg 1200w, https:\/\/tvtecjundiai.com.br\/news\/wp-content\/uploads\/sites\/2\/2021\/09\/visitantes-exposicao-chico-bento-pinacoteca-19-300x200.jpg 300w, https:\/\/tvtecjundiai.com.br\/news\/wp-content\/uploads\/sites\/2\/2021\/09\/visitantes-exposicao-chico-bento-pinacoteca-19-768x512.jpg 768w, https:\/\/tvtecjundiai.com.br\/news\/wp-content\/uploads\/sites\/2\/2021\/09\/visitantes-exposicao-chico-bento-pinacoteca-19.jpg 1280w\" sizes=\"auto, (max-width: 1200px) 100vw, 1200px\" \/><figcaption>A pequena Laura notou a diferen\u00e7a entre a sala de aula do Chico Bento e a da sua escola<\/figcaption><\/figure><\/div>\n\n\n\n<p>As exposi\u00e7\u00f5es com entrada gratuita ficam na Pinacoteca at\u00e9 27 de outubro. \u201cChico Bento \u2013 60 Primaveras\u201d tem a curadoria de Jacqueline Mouradian, da Mauricio de Sousa Produ\u00e7\u00f5es, reproduz a Vila Abobrinha para comemorar os 60 anos do personagem t\u00e3o querido dos quadrinhos brasileiros. J\u00e1 \u201cJundia\u00ed Terra da HQ\u201d traz as obras de 28 quadrinistas da regi\u00e3o, com a curadoria de Ede Galileu.<\/p>\n\n\n\n<p>Sobre as visita\u00e7\u00f5es, Peroni acrescenta. \u201cEsses n\u00fameros de visitantes s\u00e3o, para n\u00f3s da Cultura, motivo de muita alegria, pois atestam o cumprimento com \u00eaxito do nosso objetivo de que cada vez mais pessoas conhe\u00e7am e se apropriem, n\u00e3o s\u00f3 deste espa\u00e7o cultural, como da linguagem das artes visuais. Durante a pandemia, enquanto os equipamentos culturais permaneceram fechados, n\u00e3o interrompemos os trabalhos de manuten\u00e7\u00e3o e preserva\u00e7\u00e3o pensando neste momento, em que os artistas e os mun\u00edcipes em geral estivessem de volta, ocupando esses espa\u00e7os\u201d.<\/p>\n\n\n\n<p>Em 2018 e 2019, respectivamente, 4.863 e 7.816 pessoas visitaram o local, n\u00fameros que devem ser batidos em breve.<\/p>\n\n\n\n<div class=\"wp-block-image\"><figure class=\"aligncenter size-full\"><img loading=\"lazy\" decoding=\"async\" width=\"1200\" height=\"800\" src=\"https:\/\/tvtecjundiai.com.br\/news\/wp-content\/uploads\/sites\/2\/2021\/09\/exposicao-historia-em-quadrinhos-pinacoteca_c_-16-1200x800-1.jpg\" alt=\"\" class=\"wp-image-82846\" srcset=\"https:\/\/tvtecjundiai.com.br\/news\/wp-content\/uploads\/sites\/2\/2021\/09\/exposicao-historia-em-quadrinhos-pinacoteca_c_-16-1200x800-1.jpg 1200w, https:\/\/tvtecjundiai.com.br\/news\/wp-content\/uploads\/sites\/2\/2021\/09\/exposicao-historia-em-quadrinhos-pinacoteca_c_-16-1200x800-1-300x200.jpg 300w, https:\/\/tvtecjundiai.com.br\/news\/wp-content\/uploads\/sites\/2\/2021\/09\/exposicao-historia-em-quadrinhos-pinacoteca_c_-16-1200x800-1-768x512.jpg 768w\" sizes=\"auto, (max-width: 1200px) 100vw, 1200px\" \/><figcaption>No segundo andar, visitantes podem conferir os trabalhos de 28 cartunistas<\/figcaption><\/figure><\/div>\n\n\n\n<p><strong>Mais atividades gratuitas na Pinacoteca<\/strong><br>Durante o m\u00eas de outubro, crian\u00e7as e adolescentes de 04 a 13 anos podem ainda participar das oficinas gratuitas de HQ da Pinacoteca, que s\u00e3o realizadas \u00e0s sextas, s\u00e1bados e domingos, com os oficineiros Podre Flores, C\u00e9lio Luigi e Ede Galileu. O material necess\u00e1rio para a realiza\u00e7\u00e3o da oficina \u00e9 disponibilizado tamb\u00e9m gratuitamente no local.&nbsp;<a href=\"https:\/\/cultura.jundiai.sp.gov.br\/espacos-culturais\/centro-jundiaiense-de-cultura-jorosil\/pinacoteca-diogenes-duarte-paes\/\" target=\"_blank\" rel=\"noreferrer noopener\">Os interessados devem se inscrever gratuitamente pela internet<\/a>.<\/p>\n\n\n\n<p>A Pinacoteca fica na rua Bar\u00e3o de Jundia\u00ed, 109, Centro, e funciona de ter\u00e7a a domingo, das 10h \u00e0s 17h. Mais informa\u00e7\u00f5es pelo telefone (11) 4586-2326.<\/p>\n\n\n\n<div class=\"wp-block-image\"><figure class=\"aligncenter size-large\"><img loading=\"lazy\" decoding=\"async\" width=\"1200\" height=\"800\" src=\"https:\/\/tvtecjundiai.com.br\/news\/wp-content\/uploads\/sites\/2\/2021\/09\/pinacoteca_oficina_quadrinhos_expo_chicobento-314-1200x800.jpg\" alt=\"\" class=\"wp-image-82847\" srcset=\"https:\/\/tvtecjundiai.com.br\/news\/wp-content\/uploads\/sites\/2\/2021\/09\/pinacoteca_oficina_quadrinhos_expo_chicobento-314-1200x800.jpg 1200w, https:\/\/tvtecjundiai.com.br\/news\/wp-content\/uploads\/sites\/2\/2021\/09\/pinacoteca_oficina_quadrinhos_expo_chicobento-314-300x200.jpg 300w, https:\/\/tvtecjundiai.com.br\/news\/wp-content\/uploads\/sites\/2\/2021\/09\/pinacoteca_oficina_quadrinhos_expo_chicobento-314-768x512.jpg 768w, https:\/\/tvtecjundiai.com.br\/news\/wp-content\/uploads\/sites\/2\/2021\/09\/pinacoteca_oficina_quadrinhos_expo_chicobento-314.jpg 1280w\" sizes=\"auto, (max-width: 1200px) 100vw, 1200px\" \/><figcaption>Programa\u00e7\u00e3o de oficinas gratuitas de HQ segue ao longo do m\u00eas<\/figcaption><\/figure><\/div>\n\n\n\n<p><strong><em>(Fonte\/Imagem: Prefeitura de Jundia\u00ed)<\/em><\/strong><\/p>\n","protected":false},"excerpt":{"rendered":"<p>At\u00e9 05 de setembro, o local j\u00e1 havia recebido mais de 1700 visitantes.<\/p>\n","protected":false},"author":25,"featured_media":82845,"comment_status":"closed","ping_status":"closed","sticky":false,"template":"","format":"standard","meta":{"footnotes":""},"categories":[2833,1],"tags":[],"class_list":["post-82844","post","type-post","status-publish","format-standard","has-post-thumbnail","hentry","category-cultura","category-noticias"],"_links":{"self":[{"href":"https:\/\/tvtecjundiai.com.br\/news\/wp-json\/wp\/v2\/posts\/82844","targetHints":{"allow":["GET"]}}],"collection":[{"href":"https:\/\/tvtecjundiai.com.br\/news\/wp-json\/wp\/v2\/posts"}],"about":[{"href":"https:\/\/tvtecjundiai.com.br\/news\/wp-json\/wp\/v2\/types\/post"}],"author":[{"embeddable":true,"href":"https:\/\/tvtecjundiai.com.br\/news\/wp-json\/wp\/v2\/users\/25"}],"replies":[{"embeddable":true,"href":"https:\/\/tvtecjundiai.com.br\/news\/wp-json\/wp\/v2\/comments?post=82844"}],"version-history":[{"count":1,"href":"https:\/\/tvtecjundiai.com.br\/news\/wp-json\/wp\/v2\/posts\/82844\/revisions"}],"predecessor-version":[{"id":82848,"href":"https:\/\/tvtecjundiai.com.br\/news\/wp-json\/wp\/v2\/posts\/82844\/revisions\/82848"}],"wp:featuredmedia":[{"embeddable":true,"href":"https:\/\/tvtecjundiai.com.br\/news\/wp-json\/wp\/v2\/media\/82845"}],"wp:attachment":[{"href":"https:\/\/tvtecjundiai.com.br\/news\/wp-json\/wp\/v2\/media?parent=82844"}],"wp:term":[{"taxonomy":"category","embeddable":true,"href":"https:\/\/tvtecjundiai.com.br\/news\/wp-json\/wp\/v2\/categories?post=82844"},{"taxonomy":"post_tag","embeddable":true,"href":"https:\/\/tvtecjundiai.com.br\/news\/wp-json\/wp\/v2\/tags?post=82844"}],"curies":[{"name":"wp","href":"https:\/\/api.w.org\/{rel}","templated":true}]}}