{"id":82849,"date":"2021-09-29T09:47:54","date_gmt":"2021-09-29T12:47:54","guid":{"rendered":"https:\/\/tvtecjundiai.com.br\/news\/?p=82849"},"modified":"2021-09-29T09:48:34","modified_gmt":"2021-09-29T12:48:34","slug":"brasil-tem-6822-da-populacao-vacinada-com-a-primeira-dose-contra-a-covid-19","status":"publish","type":"post","link":"https:\/\/tvtecjundiai.com.br\/news\/2021\/09\/29\/brasil-tem-6822-da-populacao-vacinada-com-a-primeira-dose-contra-a-covid-19\/","title":{"rendered":"Brasil tem 68,22% da popula\u00e7\u00e3o vacinada com a primeira dose contra a COVID-19"},"content":{"rendered":"\n<p>O n\u00famero de brasileiros com esquema vacinal completo com duas doses ou com o imunizante de aplica\u00e7\u00e3o \u00fanica \u00e9 de 88,9 milh\u00f5es, o que corresponde a 41,70% da popula\u00e7\u00e3o. Foram registradas 2.130.572 aplica\u00e7\u00f5es contra a COVID-19 nas \u00faltimas 24 horas no Brasil.<\/p>\n\n\n\n<p>Com a vacina\u00e7\u00e3o caminhando no Pa\u00eds, 145,5 milh\u00f5es de pessoas est\u00e3o parcialmente imunizadas, ou seja, receberam uma dose. Em rela\u00e7\u00e3o ao total da popula\u00e7\u00e3o, este n\u00famero equivale a 68,22%.<\/p>\n\n\n\n<div class=\"wp-block-image\"><figure class=\"aligncenter size-large\"><img loading=\"lazy\" decoding=\"async\" width=\"1200\" height=\"801\" src=\"https:\/\/tvtecjundiai.com.br\/news\/wp-content\/uploads\/sites\/2\/2021\/09\/51406950585_4a3a1c4425_o-1200x801.jpg\" alt=\"\" class=\"wp-image-82850\" srcset=\"https:\/\/tvtecjundiai.com.br\/news\/wp-content\/uploads\/sites\/2\/2021\/09\/51406950585_4a3a1c4425_o-1200x801.jpg 1200w, https:\/\/tvtecjundiai.com.br\/news\/wp-content\/uploads\/sites\/2\/2021\/09\/51406950585_4a3a1c4425_o-300x200.jpg 300w, https:\/\/tvtecjundiai.com.br\/news\/wp-content\/uploads\/sites\/2\/2021\/09\/51406950585_4a3a1c4425_o-768x512.jpg 768w, https:\/\/tvtecjundiai.com.br\/news\/wp-content\/uploads\/sites\/2\/2021\/09\/51406950585_4a3a1c4425_o.jpg 1280w\" sizes=\"auto, (max-width: 1200px) 100vw, 1200px\" \/><\/figure><\/div>\n\n\n\n<p>As primeiras doses foram aplicadas em 522,6 mil pessoas, de acordo com o balan\u00e7o di\u00e1rio. Por outro lado, 1,5 milh\u00e3o com a 2\u00aa aplica\u00e7\u00e3o da vacina. Os imunizantes de dose \u00fanica aparecem com -1.580 aplica\u00e7\u00f5es, devido a uma revis\u00e3o nos dados do Estado de Roraima. J\u00e1 as doses de refor\u00e7o foram administradas em 80,8 mil habitantes. Os dados s\u00e3o do cons\u00f3rcio de ve\u00edculos de imprensa, em parceria com 27 secretarias de Sa\u00fade.<\/p>\n\n\n\n<p><strong><em>(Fonte: Estad\u00e3o\/Imagem: Prefeitura de Jundia\u00ed)<\/em><\/strong><\/p>\n","protected":false},"excerpt":{"rendered":"<p>Brasileiros com esquema vacinal completo somam mais de 88,9 milh\u00f5es.<\/p>\n","protected":false},"author":25,"featured_media":82850,"comment_status":"closed","ping_status":"closed","sticky":false,"template":"","format":"standard","meta":{"footnotes":""},"categories":[1,2839],"tags":[],"class_list":["post-82849","post","type-post","status-publish","format-standard","has-post-thumbnail","hentry","category-noticias","category-saude"],"_links":{"self":[{"href":"https:\/\/tvtecjundiai.com.br\/news\/wp-json\/wp\/v2\/posts\/82849","targetHints":{"allow":["GET"]}}],"collection":[{"href":"https:\/\/tvtecjundiai.com.br\/news\/wp-json\/wp\/v2\/posts"}],"about":[{"href":"https:\/\/tvtecjundiai.com.br\/news\/wp-json\/wp\/v2\/types\/post"}],"author":[{"embeddable":true,"href":"https:\/\/tvtecjundiai.com.br\/news\/wp-json\/wp\/v2\/users\/25"}],"replies":[{"embeddable":true,"href":"https:\/\/tvtecjundiai.com.br\/news\/wp-json\/wp\/v2\/comments?post=82849"}],"version-history":[{"count":2,"href":"https:\/\/tvtecjundiai.com.br\/news\/wp-json\/wp\/v2\/posts\/82849\/revisions"}],"predecessor-version":[{"id":82852,"href":"https:\/\/tvtecjundiai.com.br\/news\/wp-json\/wp\/v2\/posts\/82849\/revisions\/82852"}],"wp:featuredmedia":[{"embeddable":true,"href":"https:\/\/tvtecjundiai.com.br\/news\/wp-json\/wp\/v2\/media\/82850"}],"wp:attachment":[{"href":"https:\/\/tvtecjundiai.com.br\/news\/wp-json\/wp\/v2\/media?parent=82849"}],"wp:term":[{"taxonomy":"category","embeddable":true,"href":"https:\/\/tvtecjundiai.com.br\/news\/wp-json\/wp\/v2\/categories?post=82849"},{"taxonomy":"post_tag","embeddable":true,"href":"https:\/\/tvtecjundiai.com.br\/news\/wp-json\/wp\/v2\/tags?post=82849"}],"curies":[{"name":"wp","href":"https:\/\/api.w.org\/{rel}","templated":true}]}}