{"id":82884,"date":"2021-09-29T15:35:10","date_gmt":"2021-09-29T18:35:10","guid":{"rendered":"https:\/\/tvtecjundiai.com.br\/news\/?p=82884"},"modified":"2021-09-29T15:35:13","modified_gmt":"2021-09-29T18:35:13","slug":"feira-do-produtor-rural-e-reinaugurada-com-variedade-de-produtos-no-jardim-samambaia","status":"publish","type":"post","link":"https:\/\/tvtecjundiai.com.br\/news\/2021\/09\/29\/feira-do-produtor-rural-e-reinaugurada-com-variedade-de-produtos-no-jardim-samambaia\/","title":{"rendered":"&#8216;Feira do Produtor Rural&#8217; \u00e9 reinaugurada com variedade de produtos no Jardim Samambaia"},"content":{"rendered":"\n<p>A Unidade de Gest\u00e3o de Agroneg\u00f3cio, Abastecimento e Turismo (UGAAT) informa que a Feira do Produtor, realizada na esquina da avenida Adilson Rodrigues com a Rua Giuseppe Franco, no Jardim Samambaia, ser\u00e1 reinaugurada, nesta segunda-feira (4), com funcionamento das 16h \u00e0s 20h.<\/p>\n\n\n\n<p>\u201cO objetivo dessa reinaugura\u00e7\u00e3o \u00e9 ampliar a oferta de produtos frescos direto do produtor para os mun\u00edcipes. O consumidor poder\u00e1 contar com variedade de produtos de qualidade\u201d, comenta a diretora do Departamento de Abastecimento da UGAAT, Georgea Casoti.<\/p>\n\n\n\n<p>Com a amplia\u00e7\u00e3o, os mun\u00edcipes poder\u00e3o encontrar na Feira do Produtor: frutas, legumes, hortali\u00e7as, mel, cogumelos, uma Pra\u00e7a de Alimenta\u00e7\u00e3o com pastel, espetinho, lanche, caldo de cana, sucos naturais, churros, a famosa coxinha de massa de mandioca da Roseira e ainda artesanatos do programa \u2018Jundia\u00ed Feito \u00e0 M\u00e3o\u2019.&nbsp;<\/p>\n\n\n\n<p>\u201c\u00c9 um espa\u00e7o reservado exclusivamente aos Produtores Rurais da Cidade, uma garantia de alimento fresco e saud\u00e1vel \u00e0 popula\u00e7\u00e3o\u201d, esclarece o gestor da UGAAT, Eduardo Alvarez.<\/p>\n\n\n\n<div class=\"wp-block-image\"><figure class=\"aligncenter size-large\"><img loading=\"lazy\" decoding=\"async\" width=\"1200\" height=\"801\" src=\"https:\/\/tvtecjundiai.com.br\/news\/wp-content\/uploads\/sites\/2\/2021\/09\/feira-do-produtor-rural-28-1200x801.jpg\" alt=\"\" class=\"wp-image-82885\" srcset=\"https:\/\/tvtecjundiai.com.br\/news\/wp-content\/uploads\/sites\/2\/2021\/09\/feira-do-produtor-rural-28-1200x801.jpg 1200w, https:\/\/tvtecjundiai.com.br\/news\/wp-content\/uploads\/sites\/2\/2021\/09\/feira-do-produtor-rural-28-300x200.jpg 300w, https:\/\/tvtecjundiai.com.br\/news\/wp-content\/uploads\/sites\/2\/2021\/09\/feira-do-produtor-rural-28-768x512.jpg 768w, https:\/\/tvtecjundiai.com.br\/news\/wp-content\/uploads\/sites\/2\/2021\/09\/feira-do-produtor-rural-28.jpg 1280w\" sizes=\"auto, (max-width: 1200px) 100vw, 1200px\" \/><figcaption>Feira ser\u00e1 ampliada e ofertar\u00e1 mais produtos aos consumidores<\/figcaption><\/figure><\/div>\n\n\n\n<p><strong><em>(Fonte\/Imagem: Prefeitura de Jundia\u00ed)<\/em><\/strong><\/p>\n","protected":false},"excerpt":{"rendered":"<p>A feira ser\u00e1 reinaugurado na segunda-feira (04), com funcionamento das 16h \u00e0s 20h.<\/p>\n","protected":false},"author":25,"featured_media":82885,"comment_status":"closed","ping_status":"closed","sticky":false,"template":"","format":"standard","meta":{"footnotes":""},"categories":[6309,1],"tags":[],"class_list":["post-82884","post","type-post","status-publish","format-standard","has-post-thumbnail","hentry","category-gastronomia","category-noticias"],"_links":{"self":[{"href":"https:\/\/tvtecjundiai.com.br\/news\/wp-json\/wp\/v2\/posts\/82884","targetHints":{"allow":["GET"]}}],"collection":[{"href":"https:\/\/tvtecjundiai.com.br\/news\/wp-json\/wp\/v2\/posts"}],"about":[{"href":"https:\/\/tvtecjundiai.com.br\/news\/wp-json\/wp\/v2\/types\/post"}],"author":[{"embeddable":true,"href":"https:\/\/tvtecjundiai.com.br\/news\/wp-json\/wp\/v2\/users\/25"}],"replies":[{"embeddable":true,"href":"https:\/\/tvtecjundiai.com.br\/news\/wp-json\/wp\/v2\/comments?post=82884"}],"version-history":[{"count":1,"href":"https:\/\/tvtecjundiai.com.br\/news\/wp-json\/wp\/v2\/posts\/82884\/revisions"}],"predecessor-version":[{"id":82886,"href":"https:\/\/tvtecjundiai.com.br\/news\/wp-json\/wp\/v2\/posts\/82884\/revisions\/82886"}],"wp:featuredmedia":[{"embeddable":true,"href":"https:\/\/tvtecjundiai.com.br\/news\/wp-json\/wp\/v2\/media\/82885"}],"wp:attachment":[{"href":"https:\/\/tvtecjundiai.com.br\/news\/wp-json\/wp\/v2\/media?parent=82884"}],"wp:term":[{"taxonomy":"category","embeddable":true,"href":"https:\/\/tvtecjundiai.com.br\/news\/wp-json\/wp\/v2\/categories?post=82884"},{"taxonomy":"post_tag","embeddable":true,"href":"https:\/\/tvtecjundiai.com.br\/news\/wp-json\/wp\/v2\/tags?post=82884"}],"curies":[{"name":"wp","href":"https:\/\/api.w.org\/{rel}","templated":true}]}}