{"id":82902,"date":"2021-09-30T09:53:01","date_gmt":"2021-09-30T12:53:01","guid":{"rendered":"https:\/\/tvtecjundiai.com.br\/news\/?p=82902"},"modified":"2021-09-30T09:53:01","modified_gmt":"2021-09-30T12:53:01","slug":"espetaculo-gratuito-de-danca-abre-a-temporada-de-outubro-do-polytheama","status":"publish","type":"post","link":"https:\/\/tvtecjundiai.com.br\/news\/2021\/09\/30\/espetaculo-gratuito-de-danca-abre-a-temporada-de-outubro-do-polytheama\/","title":{"rendered":"Espet\u00e1culo gratuito de dan\u00e7a abre a temporada de outubro do Polytheama"},"content":{"rendered":"\n<p>A programa\u00e7\u00e3o de outubro no Teatro Polytheama ser\u00e1 aberta nesta sexta-feira (01), \u00e0s 20h, com a apresenta\u00e7\u00e3o do espet\u00e1culo \u201c4\u201d, pela Phalibis Cia. Jovem, de S\u00e3o Paulo. O espet\u00e1culo chega a Jundia\u00ed por meio do Programa de A\u00e7\u00e3o Cultura (ProAC), da Secretaria de Cultura e Economia Criativa do Estado de S\u00e3o Paulo, com o apoio da Unidade de Gest\u00e3o de Cultura.<\/p>\n\n\n\n<p>O espet\u00e1culo gratuito reunir\u00e1 no palco 22 bailarinos \u2013 17 mulheres e 5 homens \u2013 que na oportunidade apresentar\u00e3o a coreografia criada por Rafael Trevisan, com dire\u00e7\u00e3o de Elaine Silva. De acordo com o core\u00f3grafo, \u201c4\u201d \u00e9 um espet\u00e1culo de jazz, que tem por base as quatro esta\u00e7\u00f5es do ano.<\/p>\n\n\n\n<p>Sempre que pensamos nas esta\u00e7\u00f5es do ano \u2013 continuou Rafael Trevisan, fazemos contato com o car\u00e1ter c\u00edclico e transit\u00f3rio da vida. Uma fase sucede \u00e0 outra, trazendo elementos diferentes e est\u00edmulos que interferem em nossa vida de v\u00e1rias maneiras. Mudam-se a paisagem, a temperatura, o grau de luminosidade, as cores e sabores. Mudam-se os sentimentos, as express\u00f5es, as a\u00e7\u00f5es. &nbsp;Muda-se o interno e transforma o externo. \u201c4\u201d vem tra\u00e7ar um paralelo entre as diferentes esta\u00e7\u00f5es do ano e o impacto dessas mudan\u00e7as em nossas emo\u00e7\u00f5es, finalizou o core\u00f3grafo.<\/p>\n\n\n\n<p>Para o espet\u00e1culo \u201c4\u201d ser\u00e3o disponibilizados 566 ingressos, sendo at\u00e9 dois por pessoa, distribu\u00eddos na bilheteria do Teatro Polytheama, das 10h \u00e0s 20h, ou&nbsp;<a href=\"http:\/\/xn--para%20o%20espetculo%204%20sero%20disponibilizados%20566%20ingressos%2C%20sendo%20at%20dois%20por%20pessoa%2C%20distribudos%20na%20bilheteria%20do%20teatro%20polytheama%2C%20das%2010h%20s%2020h%2C%20ou%20pela%20plataforma%20sympla%20https-44svdu2as2c22ac4676cbha\/\/bileto.sympla.com.br\/event\/68982\/d\/108993\" target=\"_blank\" rel=\"noreferrer noopener\">on-line, pela plataforma Sympla<\/a>.<\/p>\n\n\n\n<p>O Teatro Polytheama fica na Rua Bar\u00e3o de Jundia\u00ed, 176 \u2013 Centro. Mais informa\u00e7\u00f5es 4586-2472.<\/p>\n\n\n\n<div class=\"wp-block-image\"><figure class=\"aligncenter size-large\"><img loading=\"lazy\" decoding=\"async\" width=\"1200\" height=\"799\" src=\"https:\/\/tvtecjundiai.com.br\/news\/wp-content\/uploads\/sites\/2\/2021\/09\/espetaculo_4-1200x799.jpg\" alt=\"\" class=\"wp-image-82903\" srcset=\"https:\/\/tvtecjundiai.com.br\/news\/wp-content\/uploads\/sites\/2\/2021\/09\/espetaculo_4-1200x799.jpg 1200w, https:\/\/tvtecjundiai.com.br\/news\/wp-content\/uploads\/sites\/2\/2021\/09\/espetaculo_4-300x200.jpg 300w, https:\/\/tvtecjundiai.com.br\/news\/wp-content\/uploads\/sites\/2\/2021\/09\/espetaculo_4-768x511.jpg 768w, https:\/\/tvtecjundiai.com.br\/news\/wp-content\/uploads\/sites\/2\/2021\/09\/espetaculo_4.jpg 1280w\" sizes=\"auto, (max-width: 1200px) 100vw, 1200px\" \/><figcaption>Espet\u00e1culo tem por base as quatro esta\u00e7\u00f5es do ano<\/figcaption><\/figure><\/div>\n\n\n\n<p><strong>Phalibis Cia. Jovem<\/strong><br>Com o objetivo de profissionalizar jovens talentos, atrav\u00e9s de trabalhos de composi\u00e7\u00e3o de repert\u00f3rio e cria\u00e7\u00e3o de identidade, a Phalibis Cia. Jovem aposta na necessidade de um corpo h\u00edbrido e com vasto repert\u00f3rio em Ballet Cl\u00e1ssico, Dan\u00e7a Contempor\u00e2nea, Dan\u00e7a Moderna e Jazz.<\/p>\n\n\n\n<p>Desde a sua funda\u00e7\u00e3o, a companhia j\u00e1 participou de diversos festivais de dan\u00e7a nacionais e internacionais, recebeu diversos pr\u00eamios e foi contemplada em diversos editais ProAC. Parte dos recursos que subsidiam a companhia e a oportunidade a novos talentos \u00e9 resultado do projeto \u201cReciclarte\u201d, tamb\u00e9m desenvolvido pela companhia, que j\u00e1 transformou mais de 200 toneladas de lixo em recursos.<\/p>\n\n\n\n<p><strong><em>(Fonte\/Imagem: Prefeitura de Jundia\u00ed)<\/em><\/strong><\/p>\n","protected":false},"excerpt":{"rendered":"<p>O espet\u00e1culo chega a Jundia\u00ed por meio do Programa de A\u00e7\u00e3o Cultura.<\/p>\n","protected":false},"author":25,"featured_media":82903,"comment_status":"closed","ping_status":"closed","sticky":false,"template":"","format":"standard","meta":{"footnotes":""},"categories":[2833,1],"tags":[],"class_list":["post-82902","post","type-post","status-publish","format-standard","has-post-thumbnail","hentry","category-cultura","category-noticias"],"_links":{"self":[{"href":"https:\/\/tvtecjundiai.com.br\/news\/wp-json\/wp\/v2\/posts\/82902","targetHints":{"allow":["GET"]}}],"collection":[{"href":"https:\/\/tvtecjundiai.com.br\/news\/wp-json\/wp\/v2\/posts"}],"about":[{"href":"https:\/\/tvtecjundiai.com.br\/news\/wp-json\/wp\/v2\/types\/post"}],"author":[{"embeddable":true,"href":"https:\/\/tvtecjundiai.com.br\/news\/wp-json\/wp\/v2\/users\/25"}],"replies":[{"embeddable":true,"href":"https:\/\/tvtecjundiai.com.br\/news\/wp-json\/wp\/v2\/comments?post=82902"}],"version-history":[{"count":1,"href":"https:\/\/tvtecjundiai.com.br\/news\/wp-json\/wp\/v2\/posts\/82902\/revisions"}],"predecessor-version":[{"id":82904,"href":"https:\/\/tvtecjundiai.com.br\/news\/wp-json\/wp\/v2\/posts\/82902\/revisions\/82904"}],"wp:featuredmedia":[{"embeddable":true,"href":"https:\/\/tvtecjundiai.com.br\/news\/wp-json\/wp\/v2\/media\/82903"}],"wp:attachment":[{"href":"https:\/\/tvtecjundiai.com.br\/news\/wp-json\/wp\/v2\/media?parent=82902"}],"wp:term":[{"taxonomy":"category","embeddable":true,"href":"https:\/\/tvtecjundiai.com.br\/news\/wp-json\/wp\/v2\/categories?post=82902"},{"taxonomy":"post_tag","embeddable":true,"href":"https:\/\/tvtecjundiai.com.br\/news\/wp-json\/wp\/v2\/tags?post=82902"}],"curies":[{"name":"wp","href":"https:\/\/api.w.org\/{rel}","templated":true}]}}