{"id":82944,"date":"2021-10-01T09:40:15","date_gmt":"2021-10-01T12:40:15","guid":{"rendered":"https:\/\/tvtecjundiai.com.br\/news\/?p=82944"},"modified":"2021-10-01T09:40:16","modified_gmt":"2021-10-01T12:40:16","slug":"operacao-noites-frias-abordou-2-815-pessoas-entre-maio-e-agosto-87-a-mais-do-que-em-2020","status":"publish","type":"post","link":"https:\/\/tvtecjundiai.com.br\/news\/2021\/10\/01\/operacao-noites-frias-abordou-2-815-pessoas-entre-maio-e-agosto-87-a-mais-do-que-em-2020\/","title":{"rendered":"Opera\u00e7\u00e3o Noites Frias abordou 2.815 pessoas entre maio e agosto, 87% a mais do que em 2020"},"content":{"rendered":"\n<p>A Unidade de Gest\u00e3o de Assist\u00eancia e Desenvolvimento Social (UGADS) apresentou, na tarde dessa ter\u00e7a-feira (28), um balan\u00e7o da Opera\u00e7\u00e3o Noites Frias 2021 para a rede socioassistencial envolvida no atendimento \u00e0 popula\u00e7\u00e3o em situa\u00e7\u00e3o de rua no Munic\u00edpio. Al\u00e9m de quase dobrar a capacidade de atendimento, a Prefeitura investiu metade do aporte em rela\u00e7\u00e3o ao ano passado, com otimiza\u00e7\u00e3o de recursos e pessoal.<\/p>\n\n\n\n<p>O encontro, realizado na Escola de Gest\u00e3o P\u00fablica (EGP), contou com a participa\u00e7\u00e3o dos servidores da Unidade, como do Centro Pop; de representantes da Unidade de Gest\u00e3o de Seguran\u00e7a Municipal (UGSM) e da Guarda Municipal de Jundia\u00ed (GMJ), al\u00e9m de representantes das Organiza\u00e7\u00f5es da Sociedade Civil (OSC) custeadas pela Prefeitura para a presta\u00e7\u00e3o dos servi\u00e7os de abordagem social e acolhimento desse segmento nas modalidades Casa de Passagem, Abrigo e Rep\u00fablica.<\/p>\n\n\n\n<p>A Opera\u00e7\u00e3o Noites Frias \u00e9 acionada sempre que h\u00e1 previs\u00e3o de temperatura inferior a 13\u00b0C, independente do per\u00edodo. Este ano, a opera\u00e7\u00e3o foi acionada por 48 noites, entre maio e agosto. Nessas noites, o servi\u00e7o de busca-ativa, que j\u00e1 \u00e9 normalmente realizado pelas equipes, recebe refor\u00e7o de equipes e o n\u00famero de vagas para acolhimentos tamb\u00e9m recebe incremento, sem aumento de custo para os cofres p\u00fablicos, nas OSC parceiras \u2013 Casa Santa Marta, Servi\u00e7o de Obras Sociais (SOS) e Centro Terap\u00eautico Educacional Crist\u00e3o (CTEC).<\/p>\n\n\n\n<div class=\"wp-block-image\"><figure class=\"aligncenter size-large\"><img loading=\"lazy\" decoding=\"async\" width=\"1200\" height=\"800\" src=\"https:\/\/tvtecjundiai.com.br\/news\/wp-content\/uploads\/sites\/2\/2021\/10\/apresentacao-dados-operacao-noites-frias-144-1200x800.jpg\" alt=\"\" class=\"wp-image-82945\" srcset=\"https:\/\/tvtecjundiai.com.br\/news\/wp-content\/uploads\/sites\/2\/2021\/10\/apresentacao-dados-operacao-noites-frias-144-1200x800.jpg 1200w, https:\/\/tvtecjundiai.com.br\/news\/wp-content\/uploads\/sites\/2\/2021\/10\/apresentacao-dados-operacao-noites-frias-144-300x200.jpg 300w, https:\/\/tvtecjundiai.com.br\/news\/wp-content\/uploads\/sites\/2\/2021\/10\/apresentacao-dados-operacao-noites-frias-144-768x512.jpg 768w, https:\/\/tvtecjundiai.com.br\/news\/wp-content\/uploads\/sites\/2\/2021\/10\/apresentacao-dados-operacao-noites-frias-144.jpg 1280w\" sizes=\"auto, (max-width: 1200px) 100vw, 1200px\" \/><figcaption>Os dados foram apresentados pelo coordenador do Centro Pop, Jo\u00e3o Guilherme dos Santos<\/figcaption><\/figure><\/div>\n\n\n\n<p>\u201cMais do que uma avalia\u00e7\u00e3o, este \u00e9 o primeiro encontro pensado como uma possibilidade para refletir, avaliar e planejar os pr\u00f3ximos desafios. Um deles \u00e9 o de comunicar \u00e0 sociedade sobre a import\u00e2ncia de que o indiv\u00edduo chegue at\u00e9 a rede para que a gente possa trabalhar em todas a suas demandas e no seu plano de sa\u00edda das ruas. O fornecimento de comida e de esmolas, por exemplo, sempre feito por pessoas bem-intencionadas, traz uma solu\u00e7\u00e3o muito imediata e pode afastar os atendidos da nossa rede. Isso diminui suas chances de retomada de protagonismo em suas vidas e de sa\u00edda das ruas. Por isso, \u00e9 necess\u00e1rio apresentar as ofertas da rede, para que quem quiser ajudar entenda a melhor forma de se unir aos nossos esfor\u00e7os, n\u00e3o atuar de modo paralelo\u201d, apresentou a gestora da UGADS, Maria Brant.<\/p>\n\n\n\n<p>Em 2021, foram abordadas 2.815 pessoas (cerca de 87% a mais que 2020, quando foram abordadas 1.506 pessoas). Foram tamb\u00e9m realizados 1.808 acolhimentos (tamb\u00e9m 87% a mais que no ano passado, quando houve 966). Apesar do aumento dos n\u00fameros, os investimentos necess\u00e1rios tiveram redu\u00e7\u00e3o de R$ 180 mil no ano passado para R$ 90 mil este ano, uma vez que a organiza\u00e7\u00e3o de escalas de funcion\u00e1rios e as vagas disponibilizadas n\u00e3o exigiram a montagem de abrigos emergenciais extras ao longo da opera\u00e7\u00e3o.<\/p>\n\n\n\n<p>Foram tamb\u00e9m distribu\u00eddos tamb\u00e9m 4.280 cobertores, al\u00e9m de cerca de 600 pares de meias, 1.600 m\u00e1scaras e mais de 300 gorros. 2021 foi tamb\u00e9m o segundo ano de Opera\u00e7\u00e3o com os cuidados para enfrentamento \u00e0 pandemia, conforme diretrizes do Comit\u00ea Municipal de Preven\u00e7\u00e3o e Enfrentamento ao Coronav\u00edrus (CEC).<\/p>\n\n\n\n<div class=\"wp-block-image\"><figure class=\"aligncenter size-large\"><img loading=\"lazy\" decoding=\"async\" width=\"1200\" height=\"800\" src=\"https:\/\/tvtecjundiai.com.br\/news\/wp-content\/uploads\/sites\/2\/2021\/10\/noites-frias-22-1200x800.jpg\" alt=\"\" class=\"wp-image-82946\" srcset=\"https:\/\/tvtecjundiai.com.br\/news\/wp-content\/uploads\/sites\/2\/2021\/10\/noites-frias-22-1200x800.jpg 1200w, https:\/\/tvtecjundiai.com.br\/news\/wp-content\/uploads\/sites\/2\/2021\/10\/noites-frias-22-300x200.jpg 300w, https:\/\/tvtecjundiai.com.br\/news\/wp-content\/uploads\/sites\/2\/2021\/10\/noites-frias-22-768x512.jpg 768w, https:\/\/tvtecjundiai.com.br\/news\/wp-content\/uploads\/sites\/2\/2021\/10\/noites-frias-22.jpg 1280w\" sizes=\"auto, (max-width: 1200px) 100vw, 1200px\" \/><figcaption>Este ano, opera\u00e7\u00e3o foi realizada em 48 noites, entre maio e agosto<\/figcaption><\/figure><\/div>\n\n\n\n<p>Entre os abordados durante a Opera\u00e7\u00e3o, mais de 50% est\u00e3o no Munic\u00edpio h\u00e1 menos de um ano \u2013 sendo que 30% est\u00e3o h\u00e1 menos de um m\u00eas. Somente 16% s\u00e3o nascidos em Jundia\u00ed. Para os abordados que est\u00e3o no Munic\u00edpio de passagem e aceitam encaminhamento para a origem, \u00e9 realizado ainda o rec\u00e2mbio via modais rodovi\u00e1rio e ferrovi\u00e1rio. Somente durante os dias de Opera\u00e7\u00e3o foram realizados 581 rec\u00e2mbios.<\/p>\n\n\n\n<p>Como motivo de perman\u00eancia nas ruas, mais de 46% declaram como causa uso de \u00e1lcool e outras drogas, quase 35% atribuem ao desemprego e 17% desaven\u00e7a familiar.<\/p>\n\n\n\n<p>Representando a C\u00e2mara Municipal, o presidente Faouaz Taha refor\u00e7ou a import\u00e2ncia da forma organizada com que a rede atua junto \u00e0 popula\u00e7\u00e3o em situa\u00e7\u00e3o de rua. \u201cGostaria de parabenizar esta rede, por seus esfor\u00e7os e pelo brilhantismo com que vem enfrentando este desafio. Por isso, refor\u00e7o a import\u00e2ncia de que a sociedade conhe\u00e7a o que voc\u00eas j\u00e1 fazem e os servi\u00e7os que voc\u00eas j\u00e1 entregam, para que possam somar e caminhar na mesma dire\u00e7\u00e3o.\u201d<\/p>\n\n\n\n<div class=\"wp-block-image\"><figure class=\"aligncenter size-large\"><img loading=\"lazy\" decoding=\"async\" width=\"1200\" height=\"800\" src=\"https:\/\/tvtecjundiai.com.br\/news\/wp-content\/uploads\/sites\/2\/2021\/10\/apresentacao-dados-operacao-noites-frias-96-1200x800.jpg\" alt=\"\" class=\"wp-image-82947\" srcset=\"https:\/\/tvtecjundiai.com.br\/news\/wp-content\/uploads\/sites\/2\/2021\/10\/apresentacao-dados-operacao-noites-frias-96-1200x800.jpg 1200w, https:\/\/tvtecjundiai.com.br\/news\/wp-content\/uploads\/sites\/2\/2021\/10\/apresentacao-dados-operacao-noites-frias-96-300x200.jpg 300w, https:\/\/tvtecjundiai.com.br\/news\/wp-content\/uploads\/sites\/2\/2021\/10\/apresentacao-dados-operacao-noites-frias-96-768x512.jpg 768w, https:\/\/tvtecjundiai.com.br\/news\/wp-content\/uploads\/sites\/2\/2021\/10\/apresentacao-dados-operacao-noites-frias-96.jpg 1280w\" sizes=\"auto, (max-width: 1200px) 100vw, 1200px\" \/><figcaption>\u201cSom das Ruas\u201d, grupo de oficina de musicaliza\u00e7\u00e3o desenvolvida pelo Centro Pop e pelo SOS, abriu a apresenta\u00e7\u00e3o<\/figcaption><\/figure><\/div>\n\n\n\n<p><em><strong>(Fonte\/Imagem: Prefeitura de Jundia\u00ed)<\/strong><\/em><\/p>\n","protected":false},"excerpt":{"rendered":"<p>Tamb\u00e9m foram distribu\u00eddos 4.280 cobertores, 600 pares de meias, 1.600 m\u00e1scaras e mais de 300 gorros.<\/p>\n","protected":false},"author":25,"featured_media":82946,"comment_status":"closed","ping_status":"closed","sticky":false,"template":"","format":"standard","meta":{"footnotes":""},"categories":[5985,5706,1,2839],"tags":[],"class_list":["post-82944","post","type-post","status-publish","format-standard","has-post-thumbnail","hentry","category-habitacao","category-inclusao","category-noticias","category-saude"],"_links":{"self":[{"href":"https:\/\/tvtecjundiai.com.br\/news\/wp-json\/wp\/v2\/posts\/82944","targetHints":{"allow":["GET"]}}],"collection":[{"href":"https:\/\/tvtecjundiai.com.br\/news\/wp-json\/wp\/v2\/posts"}],"about":[{"href":"https:\/\/tvtecjundiai.com.br\/news\/wp-json\/wp\/v2\/types\/post"}],"author":[{"embeddable":true,"href":"https:\/\/tvtecjundiai.com.br\/news\/wp-json\/wp\/v2\/users\/25"}],"replies":[{"embeddable":true,"href":"https:\/\/tvtecjundiai.com.br\/news\/wp-json\/wp\/v2\/comments?post=82944"}],"version-history":[{"count":1,"href":"https:\/\/tvtecjundiai.com.br\/news\/wp-json\/wp\/v2\/posts\/82944\/revisions"}],"predecessor-version":[{"id":82948,"href":"https:\/\/tvtecjundiai.com.br\/news\/wp-json\/wp\/v2\/posts\/82944\/revisions\/82948"}],"wp:featuredmedia":[{"embeddable":true,"href":"https:\/\/tvtecjundiai.com.br\/news\/wp-json\/wp\/v2\/media\/82946"}],"wp:attachment":[{"href":"https:\/\/tvtecjundiai.com.br\/news\/wp-json\/wp\/v2\/media?parent=82944"}],"wp:term":[{"taxonomy":"category","embeddable":true,"href":"https:\/\/tvtecjundiai.com.br\/news\/wp-json\/wp\/v2\/categories?post=82944"},{"taxonomy":"post_tag","embeddable":true,"href":"https:\/\/tvtecjundiai.com.br\/news\/wp-json\/wp\/v2\/tags?post=82944"}],"curies":[{"name":"wp","href":"https:\/\/api.w.org\/{rel}","templated":true}]}}