{"id":82991,"date":"2021-10-01T16:29:00","date_gmt":"2021-10-01T19:29:00","guid":{"rendered":"https:\/\/tvtecjundiai.com.br\/news\/?p=82991"},"modified":"2021-10-01T16:29:05","modified_gmt":"2021-10-01T19:29:05","slug":"com-apelo-a-conscientizacao-cerimonia-no-paco-municipal-abre-a-programacao-do-outubro-rosa","status":"publish","type":"post","link":"https:\/\/tvtecjundiai.com.br\/news\/2021\/10\/01\/com-apelo-a-conscientizacao-cerimonia-no-paco-municipal-abre-a-programacao-do-outubro-rosa\/","title":{"rendered":"Com apelo \u00e0 conscientiza\u00e7\u00e3o, cerim\u00f4nia no Pa\u00e7o Municipal abre a programa\u00e7\u00e3o do Outubro Rosa"},"content":{"rendered":"\n<p>Com diversas atividades tem\u00e1ticas programadas pela Prefeitura para todo o m\u00eas, a campanha Outubro Rosa teve in\u00edcio na manh\u00e3 desta sexta-feira (01) com uma cerim\u00f4nia no Pa\u00e7o Municipal. Al\u00e9m das falas de autoridades e divulga\u00e7\u00e3o das atividades da campanha, o ato fez um apelo \u00e0 preven\u00e7\u00e3o ao c\u00e2ncer de mama por meio de h\u00e1bitos saud\u00e1veis, \u00e0 import\u00e2ncia da realiza\u00e7\u00e3o dos exames e tratamentos, e \u00e0s ofertas da rede de Sa\u00fade municipal.<\/p>\n\n\n\n<p>A programa\u00e7\u00e3o \u00e9 articulada pela Assessoria de Pol\u00edticas para as Mulheres da Unidade de Gest\u00e3o da Casa Civil (UGCC), em parceria com diversas Unidades de Gest\u00e3o e com o Conselho Municipal dos Direitos da Mulher (CMDM). Junto \u00e0 campanha, a&nbsp;<a href=\"https:\/\/jundiai.sp.gov.br\/noticias\/2021\/09\/30\/outubro-rosa-jundiai-amplia-em-33-oferta-de-mamografia\/\" target=\"_blank\" rel=\"noreferrer noopener\">Prefeitura aumentou ainda em 33% a oferta de exames de mamografia<\/a>.<\/p>\n\n\n\n<p>Acompanhado da primeira-dama e presidente do Fundo Social de Solidariedade, Vanessa Machado, o prefeito Luiz Fernando Machado fez um apelo aos participantes. \u201cA rede de Sa\u00fade de Jundia\u00ed \u00e9 um bom exemplo da qualidade e excel\u00eancia do nosso servi\u00e7o p\u00fablico, que conduziu com cuidado a prote\u00e7\u00e3o da popula\u00e7\u00e3o durante a pandemia, com os crivos da Ci\u00eancia. Para a campanha do Outubro Rosa, meu apelo \u00e9 para que a excel\u00eancia do servi\u00e7o j\u00e1 prestado se converta tamb\u00e9m em mais informa\u00e7\u00f5es sobre a preven\u00e7\u00e3o e o tratamento precoce \u00e0 sociedade, principalmente neste momento em que vemos as vulnerabilidades se acirrarem por conta da pandemia\u201d.<\/p>\n\n\n\n<div class=\"wp-block-image\"><figure class=\"aligncenter size-large\"><img loading=\"lazy\" decoding=\"async\" width=\"1200\" height=\"800\" src=\"https:\/\/tvtecjundiai.com.br\/news\/wp-content\/uploads\/sites\/2\/2021\/10\/outubro_rosa_paco_municipal-62-1-1200x800.jpg\" alt=\"\" class=\"wp-image-82992\" srcset=\"https:\/\/tvtecjundiai.com.br\/news\/wp-content\/uploads\/sites\/2\/2021\/10\/outubro_rosa_paco_municipal-62-1-1200x800.jpg 1200w, https:\/\/tvtecjundiai.com.br\/news\/wp-content\/uploads\/sites\/2\/2021\/10\/outubro_rosa_paco_municipal-62-1-300x200.jpg 300w, https:\/\/tvtecjundiai.com.br\/news\/wp-content\/uploads\/sites\/2\/2021\/10\/outubro_rosa_paco_municipal-62-1-768x512.jpg 768w, https:\/\/tvtecjundiai.com.br\/news\/wp-content\/uploads\/sites\/2\/2021\/10\/outubro_rosa_paco_municipal-62-1.jpg 1280w\" sizes=\"auto, (max-width: 1200px) 100vw, 1200px\" \/><figcaption>Luiz Fernando fez um apelo para que a informa\u00e7\u00e3o sobre a import\u00e2ncia da preven\u00e7\u00e3o e tratamento chegue a mais pessoas<\/figcaption><\/figure><\/div>\n\n\n\n<p>O gestor da UGCC, Gustavo Maryssael de Campos, refor\u00e7ou a import\u00e2ncia da campanha. \u201cEncerrando o Setembro Amarelo, n\u00f3s mudamos de cor para iluminar a nossa aten\u00e7\u00e3o sobre outra importante campanha, o Outubro Rosa, neste formato, ainda com muita cautela, que s\u00f3 foi poss\u00edvel gra\u00e7as \u00e0 vacina\u00e7\u00e3o e ao trabalho da nossa rede de Sa\u00fade\u201d. E completou: \u201cComemoramos tamb\u00e9m nesta data o dia mundial do idoso e fazemos os nossos votos de que, conscientes dos cuidados, consigamos todos chegar \u00e0 fase idosa com muita sa\u00fade\u201d.<\/p>\n\n\n\n<p>Penha Maria Camunhas Martins, assessora de Pol\u00edticas para as Mulheres da UGCC, fez um apelo aos servidores presentes. \u201cN\u00f3s s\u00f3 podemos conscientizar a sociedade sobre a import\u00e2ncia da preven\u00e7\u00e3o se trabalharmos juntos. Contamos com a colabora\u00e7\u00e3o de todos os nossos servidores para abra\u00e7ar esta luta e reduzir os \u00edndices dessa doen\u00e7a\u201d.<\/p>\n\n\n\n<p>A gestora-adjunta da Unidade de Promo\u00e7\u00e3o da Sa\u00fade (UGPS), Dr\u00aa Dayane Martins, fez uma fala sobre a import\u00e2ncia da preven\u00e7\u00e3o e detec\u00e7\u00e3o precoce da doen\u00e7a.<\/p>\n\n\n\n<p>\u201cNossa preocupa\u00e7\u00e3o na UGPS \u00e9 com o cuidado e tratamento na integralidade, que v\u00e3o desde a promo\u00e7\u00e3o de h\u00e1bitos saud\u00e1veis, at\u00e9 a detec\u00e7\u00e3o, tratamento e a cirurgia pl\u00e1stica de reconstru\u00e7\u00e3o. Por isso \u00e9 importante que as mulheres saibam que podem buscar, em 35 das Unidades B\u00e1sicas de Sa\u00fade (UBS) da rede, para fazer os agendamentos necess\u00e1rios\u201d.<\/p>\n\n\n\n<p>Representando a C\u00e2mara Municipal, a vereadora Qu\u00e9zia de Luca compartilhou a emo\u00e7\u00e3o de participar do evento e fez um apelo para que os presentes levassem cada vez mais informa\u00e7\u00f5es sobre a campanha \u00e0s mulheres mais vulner\u00e1veis do Munic\u00edpio.<\/p>\n\n\n\n<p>Ao final do encontro, os servidores e mun\u00edcipes lan\u00e7aram bal\u00f5es rosas dentro do v\u00e3o do Pa\u00e7o para marcar a campanha, junto com uma faixa estendida entre os andares do pr\u00e9dio.<\/p>\n\n\n\n<div class=\"wp-block-image\"><figure class=\"aligncenter size-large\"><img loading=\"lazy\" decoding=\"async\" width=\"1200\" height=\"800\" src=\"https:\/\/tvtecjundiai.com.br\/news\/wp-content\/uploads\/sites\/2\/2021\/10\/outubro_rosa_paco_municipal-86-1200x800.jpg\" alt=\"\" class=\"wp-image-82993\" srcset=\"https:\/\/tvtecjundiai.com.br\/news\/wp-content\/uploads\/sites\/2\/2021\/10\/outubro_rosa_paco_municipal-86-1200x800.jpg 1200w, https:\/\/tvtecjundiai.com.br\/news\/wp-content\/uploads\/sites\/2\/2021\/10\/outubro_rosa_paco_municipal-86-300x200.jpg 300w, https:\/\/tvtecjundiai.com.br\/news\/wp-content\/uploads\/sites\/2\/2021\/10\/outubro_rosa_paco_municipal-86-768x512.jpg 768w, https:\/\/tvtecjundiai.com.br\/news\/wp-content\/uploads\/sites\/2\/2021\/10\/outubro_rosa_paco_municipal-86.jpg 1280w\" sizes=\"auto, (max-width: 1200px) 100vw, 1200px\" \/><figcaption>Servidores lan\u00e7aram os bal\u00f5es ao final da cerim\u00f4nia de abertura<\/figcaption><\/figure><\/div>\n\n\n\n<p><strong><em>(Fonte\/Imagem: Prefeitura de Jundia\u00ed)<\/em><\/strong><\/p>\n","protected":false},"excerpt":{"rendered":"<p>O ato fez um apelo \u00e0 preven\u00e7\u00e3o ao c\u00e2ncer de mama.<\/p>\n","protected":false},"author":25,"featured_media":82993,"comment_status":"closed","ping_status":"closed","sticky":false,"template":"","format":"standard","meta":{"footnotes":""},"categories":[1],"tags":[],"class_list":["post-82991","post","type-post","status-publish","format-standard","has-post-thumbnail","hentry","category-noticias"],"_links":{"self":[{"href":"https:\/\/tvtecjundiai.com.br\/news\/wp-json\/wp\/v2\/posts\/82991","targetHints":{"allow":["GET"]}}],"collection":[{"href":"https:\/\/tvtecjundiai.com.br\/news\/wp-json\/wp\/v2\/posts"}],"about":[{"href":"https:\/\/tvtecjundiai.com.br\/news\/wp-json\/wp\/v2\/types\/post"}],"author":[{"embeddable":true,"href":"https:\/\/tvtecjundiai.com.br\/news\/wp-json\/wp\/v2\/users\/25"}],"replies":[{"embeddable":true,"href":"https:\/\/tvtecjundiai.com.br\/news\/wp-json\/wp\/v2\/comments?post=82991"}],"version-history":[{"count":1,"href":"https:\/\/tvtecjundiai.com.br\/news\/wp-json\/wp\/v2\/posts\/82991\/revisions"}],"predecessor-version":[{"id":82994,"href":"https:\/\/tvtecjundiai.com.br\/news\/wp-json\/wp\/v2\/posts\/82991\/revisions\/82994"}],"wp:featuredmedia":[{"embeddable":true,"href":"https:\/\/tvtecjundiai.com.br\/news\/wp-json\/wp\/v2\/media\/82993"}],"wp:attachment":[{"href":"https:\/\/tvtecjundiai.com.br\/news\/wp-json\/wp\/v2\/media?parent=82991"}],"wp:term":[{"taxonomy":"category","embeddable":true,"href":"https:\/\/tvtecjundiai.com.br\/news\/wp-json\/wp\/v2\/categories?post=82991"},{"taxonomy":"post_tag","embeddable":true,"href":"https:\/\/tvtecjundiai.com.br\/news\/wp-json\/wp\/v2\/tags?post=82991"}],"curies":[{"name":"wp","href":"https:\/\/api.w.org\/{rel}","templated":true}]}}