{"id":83025,"date":"2021-10-02T17:46:31","date_gmt":"2021-10-02T20:46:31","guid":{"rendered":"https:\/\/tvtecjundiai.com.br\/news\/?p=83025"},"modified":"2021-10-02T17:46:44","modified_gmt":"2021-10-02T20:46:44","slug":"criancas-e-pais-participam-de-escuta-para-as-intervencoes-no-entorno-da-fabrica-das-infancias-japy","status":"publish","type":"post","link":"https:\/\/tvtecjundiai.com.br\/news\/2021\/10\/02\/criancas-e-pais-participam-de-escuta-para-as-intervencoes-no-entorno-da-fabrica-das-infancias-japy\/","title":{"rendered":"Crian\u00e7as e pais participam de escuta para as interven\u00e7\u00f5es no entorno da F\u00e1brica das Inf\u00e2ncias Japy"},"content":{"rendered":"\n<p>Em continuidade ao trabalho de escuta das crian\u00e7as sobre a instala\u00e7\u00e3o do parque naturalizado e da F\u00e1brica das Inf\u00e2ncias Japy, foi realizada, pela Urban95, em parceria com a Prefeitura de Jundia\u00ed, na manh\u00e3 deste s\u00e1bado (02), atividade com os alunos e pais\/respons\u00e1veis do G5 da EMEB Ramiro Ara\u00fajo Filho.<\/p>\n\n\n\n<p>A atividade teve in\u00edcio no Complexo Argos, de onde, crian\u00e7as e familiares foram caminhando at\u00e9 a F\u00e1brica das Inf\u00e2ncias Japy, na antiga Tecelagem Japy. \u201cA ideia foi estimular que os participantes percebessem, durante o trajeto, quais as sugest\u00f5es e interven\u00e7\u00f5es necess\u00e1rias para que as ruas e cal\u00e7adas fiquem mais caminh\u00e1veis, seguras e divertidas\u201d, explicou o gestor de Cultura, Marcelo Peroni.&nbsp;<\/p>\n\n\n\n<figure class=\"wp-block-image\"><img decoding=\"async\" src=\"https:\/\/jundiai.sp.gov.br\/noticias\/wp-content\/uploads\/sites\/32\/2021\/10\/escuta_emeb_ramiro_fabrica_japy-199.jpg\" alt=\"crian\u00e7as e adultos atravessam rua na faixa de pedestre\" class=\"wp-image-277691\" \/><figcaption>Crian\u00e7as e pais fizeram o trajeto do Complexo Argos at\u00e9 a F\u00e1brica das Inf\u00e2ncias caminhando<\/figcaption><\/figure>\n\n\n\n<p>Ao chegar na F\u00e1brica das Inf\u00e2ncias, as crian\u00e7as e familiares foram divididos em dois grupos, enquanto um assistia \u00e0 uma interven\u00e7\u00e3o art\u00edstica com conta\u00e7\u00e3o de hist\u00f3rias, o outro participava do processo de escuta conduzido por Marcelo.<\/p>\n\n\n\n<p>Laura Santos de Souza, 6 anos e a irm\u00e3 Julia Santos, 9 anos, foram acompanhadas dos pais Neiva e Fabiano Souza e apresentaram suas sugest\u00f5es. \u201cVimos muito lixo na rua, as pessoas precisam ser mais educadas. Al\u00e9m disso, achamos que os muros podem estar mais coloridos e tamb\u00e9m podem tirar esse monte de fio emaranhado que vimos pelo caminho\u201d, contaram as garotas.<\/p>\n\n\n\n<p>Para a m\u00e3e das meninas, Neiva Souza, a a\u00e7\u00e3o foi de grande valia. \u201cGostei de participar, porque no dia a dia, na correria, acabamos n\u00e3o prestando aten\u00e7\u00e3o nos detalhes. Hoje percebemos inclusive dificuldade para atravessar a rua como pedestre\u201d, comentou.&nbsp;<\/p>\n\n\n\n<figure class=\"wp-block-image\"><img decoding=\"async\" src=\"https:\/\/jundiai.sp.gov.br\/noticias\/wp-content\/uploads\/sites\/32\/2021\/10\/reuniao_comite_das_criancas_mobilidade-2.jpg\" alt=\"\" class=\"wp-image-277692\" \/><figcaption>As alunas Julia e Laura foram acompanhadas da fam\u00edlia e deram suas sugest\u00f5es<\/figcaption><\/figure>\n\n\n\n<p>As crian\u00e7as ainda falaram sobre diversos pontos que podem ser melhorados no trajeto percorrido: sem\u00e1foro com botoeira de pedestres, melhorias nas cal\u00e7adas, \u00e1rvores para abrigar p\u00e1ssaros e fornecer sombras, brinquedos pelo caminho, amarelinha pintada na cal\u00e7ada e acessibilidade para pessoas com defici\u00eancia estiveram entre os apontamentos<\/p>\n\n\n\n<p>Ap\u00f3s participarem das duas atividades, o grupo retornou para o Complexo Argos fazendo uma nova caminhada. \u201cDesta vez eu vou pedir para que voc\u00eas, crian\u00e7as, pe\u00e7am o celular emprestado para os pais e tirem fotos do que chamar a aten\u00e7\u00e3o de voc\u00eas, seja de algo bom ou ruim\u201d, explanou Peroni.<\/p>\n\n\n\n<p>Os apontamentos realizados pelas crian\u00e7as ser\u00e3o ainda trabalhados em sala de aula. \u201cOs professores ir\u00e3o trabalhar o tema durante a semana, estimulando as crian\u00e7as a desenharem o que viram no trajeto e suas sugest\u00f5es. Depois, esse trabalho ser\u00e1 encaminhado para a Cultura\u201d, comenta a diretora de Educa\u00e7\u00e3o Infantil, da Unidade de Educa\u00e7\u00e3o, Tha\u00eds Nono.<\/p>\n\n\n\n<p>O material recebido ser\u00e1 enviado para a equipe do Instituto Alana, Funda\u00e7\u00e3o Bernard van Leer, Urban 95 e Ateli\u00ea Navio, respons\u00e1vel por coordenar as a\u00e7\u00f5es da Urban 95 em Jundia\u00ed e desenvolver as interven\u00e7\u00f5es no entorno da F\u00e1brica Japy. \u201cAl\u00e9m desta escuta, iremos trabalhar com outras duas escolas que ficam pr\u00f3ximas ao espa\u00e7o, as EMEBs Jos\u00e9 Romeiro e Maria de Toledo Pontes\u201d, conta Peroni.<\/p>\n\n\n\n<figure class=\"wp-block-image\"><img decoding=\"async\" src=\"https:\/\/jundiai.sp.gov.br\/noticias\/wp-content\/uploads\/sites\/32\/2021\/10\/escuta_emeb_ramiro_fabrica_japy-522.jpg\" alt=\"\" class=\"wp-image-277693\" \/><figcaption>Conta\u00e7\u00e3o de hist\u00f3ria fez parte das a\u00e7\u00f5es do dia<\/figcaption><\/figure>\n\n\n\n<p><em>Fonte: Prefeitura de Jundia\u00ed<\/em><\/p>\n","protected":false},"excerpt":{"rendered":"<p>Os participantes fizeram o trajeto do Complexo Argos at\u00e9 a F\u00e1brica das Inf\u00e2ncias caminhando<\/p>\n","protected":false},"author":24,"featured_media":83026,"comment_status":"closed","ping_status":"closed","sticky":false,"template":"","format":"standard","meta":{"footnotes":""},"categories":[2833,3076,8356,8354,2825],"tags":[],"class_list":["post-83025","post","type-post","status-publish","format-standard","has-post-thumbnail","hentry","category-cultura","category-entretenimento","category-jundiai","category-lazer","category-turismo"],"_links":{"self":[{"href":"https:\/\/tvtecjundiai.com.br\/news\/wp-json\/wp\/v2\/posts\/83025","targetHints":{"allow":["GET"]}}],"collection":[{"href":"https:\/\/tvtecjundiai.com.br\/news\/wp-json\/wp\/v2\/posts"}],"about":[{"href":"https:\/\/tvtecjundiai.com.br\/news\/wp-json\/wp\/v2\/types\/post"}],"author":[{"embeddable":true,"href":"https:\/\/tvtecjundiai.com.br\/news\/wp-json\/wp\/v2\/users\/24"}],"replies":[{"embeddable":true,"href":"https:\/\/tvtecjundiai.com.br\/news\/wp-json\/wp\/v2\/comments?post=83025"}],"version-history":[{"count":1,"href":"https:\/\/tvtecjundiai.com.br\/news\/wp-json\/wp\/v2\/posts\/83025\/revisions"}],"predecessor-version":[{"id":83027,"href":"https:\/\/tvtecjundiai.com.br\/news\/wp-json\/wp\/v2\/posts\/83025\/revisions\/83027"}],"wp:featuredmedia":[{"embeddable":true,"href":"https:\/\/tvtecjundiai.com.br\/news\/wp-json\/wp\/v2\/media\/83026"}],"wp:attachment":[{"href":"https:\/\/tvtecjundiai.com.br\/news\/wp-json\/wp\/v2\/media?parent=83025"}],"wp:term":[{"taxonomy":"category","embeddable":true,"href":"https:\/\/tvtecjundiai.com.br\/news\/wp-json\/wp\/v2\/categories?post=83025"},{"taxonomy":"post_tag","embeddable":true,"href":"https:\/\/tvtecjundiai.com.br\/news\/wp-json\/wp\/v2\/tags?post=83025"}],"curies":[{"name":"wp","href":"https:\/\/api.w.org\/{rel}","templated":true}]}}