{"id":83034,"date":"2021-10-03T10:40:15","date_gmt":"2021-10-03T13:40:15","guid":{"rendered":"https:\/\/tvtecjundiai.com.br\/news\/?p=83034"},"modified":"2021-10-04T09:30:11","modified_gmt":"2021-10-04T12:30:11","slug":"jundiai-retira-104-mil-vacinas-para-dose-adicional-de-profissionais-de-saude-e-antecipacao-d2-pfizer-1","status":"publish","type":"post","link":"https:\/\/tvtecjundiai.com.br\/news\/2021\/10\/03\/jundiai-retira-104-mil-vacinas-para-dose-adicional-de-profissionais-de-saude-e-antecipacao-d2-pfizer-1\/","title":{"rendered":"Jundia\u00ed recebe 10,4 mil doses de vacinas contra COVID-19"},"content":{"rendered":"\n<p>Na manh\u00e3 de s\u00e1bado (02), as equipes da Prefeitura de Jundia\u00ed fizeram a retirada da 64\u00aa grade de vacinas contra a Covid-19 na Diretoria Regional de Sa\u00fade (DRS) de Campinas. Foram 10.494 doses da Pfizer, que ser\u00e3o destinadas para aplica\u00e7\u00e3o de dose adicional para os profissionais de sa\u00fade e antecipa\u00e7\u00e3o da segunda dose Pfizer.<\/p>\n\n\n\n<p>O agendamento para a dose adicional dos profissionais de sa\u00fade \u00e9 destinado para aqueles que receberam a segunda dose h\u00e1 seis meses e ser\u00e1 aberto na ter\u00e7a-feira (05), \u00e0s 11 horas pelos canais digitais APP e site da Prefeitura de Jundia\u00ed.<\/p>\n\n\n\n<figure class=\"wp-block-image\"><img decoding=\"async\" src=\"https:\/\/jundiai.sp.gov.br\/noticias\/wp-content\/uploads\/sites\/32\/2021\/10\/chegada_vacina_d3_covid-74.jpg\" alt=\"\" class=\"wp-image-277688\" \/><figcaption>Vacinas ser\u00e3o destinadas para dose adicional e D2<\/figcaption><\/figure>\n\n\n\n<p>No dia da aplica\u00e7\u00e3o, as pessoas devem levar documento de identifica\u00e7\u00e3o com foto e CPF. \u201cOs profissionais devem apresentar comprovante do Conselho de Classe ou do v\u00ednculo empregat\u00edcio do estabelecimento de sa\u00fade em que atua\u201d, lembra a enfermeira e coordenadora da Vigil\u00e2ncia Epidemiol\u00f3gica, Maria do Carmo Possidente.<\/p>\n\n\n\n<p>Quem puder, tamb\u00e9m pode colaborar com a campanha Vacina\u00e7\u00e3o Solid\u00e1ria doando um quilo de alimento n\u00e3o perec\u00edvel para o Fundo Social de Solidariedade (Funss).<\/p>\n\n\n\n<p>O agendamento e p\u00fablico da antecipa\u00e7\u00e3o da segunda dose Pfizer ser\u00e3o divulgados nos pr\u00f3ximos dias.<\/p>\n\n\n\n<p><em>Fonte: Prefeitura de Jundia\u00ed<\/em><\/p>\n","protected":false},"excerpt":{"rendered":"<p>A retirada da 64\u00aa grade foi feita no s\u00e1bado (02) pela equipe da Prefeitura <\/p>\n","protected":false},"author":24,"featured_media":83035,"comment_status":"closed","ping_status":"closed","sticky":false,"template":"","format":"standard","meta":{"footnotes":""},"categories":[29,8356,2839,8355],"tags":[],"class_list":["post-83034","post","type-post","status-publish","format-standard","has-post-thumbnail","hentry","category-destaque","category-jundiai","category-saude","category-saude-3"],"_links":{"self":[{"href":"https:\/\/tvtecjundiai.com.br\/news\/wp-json\/wp\/v2\/posts\/83034","targetHints":{"allow":["GET"]}}],"collection":[{"href":"https:\/\/tvtecjundiai.com.br\/news\/wp-json\/wp\/v2\/posts"}],"about":[{"href":"https:\/\/tvtecjundiai.com.br\/news\/wp-json\/wp\/v2\/types\/post"}],"author":[{"embeddable":true,"href":"https:\/\/tvtecjundiai.com.br\/news\/wp-json\/wp\/v2\/users\/24"}],"replies":[{"embeddable":true,"href":"https:\/\/tvtecjundiai.com.br\/news\/wp-json\/wp\/v2\/comments?post=83034"}],"version-history":[{"count":2,"href":"https:\/\/tvtecjundiai.com.br\/news\/wp-json\/wp\/v2\/posts\/83034\/revisions"}],"predecessor-version":[{"id":83040,"href":"https:\/\/tvtecjundiai.com.br\/news\/wp-json\/wp\/v2\/posts\/83034\/revisions\/83040"}],"wp:featuredmedia":[{"embeddable":true,"href":"https:\/\/tvtecjundiai.com.br\/news\/wp-json\/wp\/v2\/media\/83035"}],"wp:attachment":[{"href":"https:\/\/tvtecjundiai.com.br\/news\/wp-json\/wp\/v2\/media?parent=83034"}],"wp:term":[{"taxonomy":"category","embeddable":true,"href":"https:\/\/tvtecjundiai.com.br\/news\/wp-json\/wp\/v2\/categories?post=83034"},{"taxonomy":"post_tag","embeddable":true,"href":"https:\/\/tvtecjundiai.com.br\/news\/wp-json\/wp\/v2\/tags?post=83034"}],"curies":[{"name":"wp","href":"https:\/\/api.w.org\/{rel}","templated":true}]}}