{"id":83071,"date":"2021-10-05T10:38:24","date_gmt":"2021-10-05T13:38:24","guid":{"rendered":"https:\/\/tvtecjundiai.com.br\/news\/?p=83071"},"modified":"2021-10-05T11:52:14","modified_gmt":"2021-10-05T14:52:14","slug":"cine-autorama-e-foxconn-levam-seis-sessoes-gratuitas-de-cinema-drive-in-para-jundiai-1","status":"publish","type":"post","link":"https:\/\/tvtecjundiai.com.br\/news\/2021\/10\/05\/cine-autorama-e-foxconn-levam-seis-sessoes-gratuitas-de-cinema-drive-in-para-jundiai-1\/","title":{"rendered":"Complexo Fepasa recebe seis sess\u00f5es gratuitas de cinema drive-in"},"content":{"rendered":"\n<p>Programa\u00e7\u00e3o apresenta anima\u00e7\u00f5es, filmes nacionais e os cl\u00e1ssicos \u201cET. O Extraterrestre\u201d, \u201cGrease \u2013 Nos Tempos da Brilhantina\u201d e \u201c\u201cStar Wars &#8211; O Imp\u00e9rio Contra-Ataca\u201d<\/p>\n\n\n\n<p>Ingressos podem ser reservados a partir do dia 29 de setembro pelo site:&nbsp;<a rel=\"noreferrer noopener\" href=\"http:\/\/www.cineautorama.com.br\/\" target=\"_blank\">www.cineautorama.com.br<\/a><\/p>\n\n\n\n<p>De&nbsp;<strong>09 a 11 de outubro<\/strong>, o&nbsp;<strong>Cine Autorama<\/strong>, projeto de cinema drive-in itinerante da Brazucah Produ\u00e7\u00f5es, estaciona em<strong>&nbsp;Jundia\u00ed<\/strong>, no interior de S\u00e3o Paulo, para promover seis exibi\u00e7\u00f5es gratuitas de filmes nacionais e internacionais. Com a parceria da Foxconn, a programa\u00e7\u00e3o traz duas sess\u00f5es di\u00e1rias, sempre&nbsp;<strong>\u00e0s 18h30 e 21h<\/strong>, no estacionamento do&nbsp;<strong>Complexo Fepasa<\/strong>.&nbsp;<\/p>\n\n\n\n<p>Na abertura no dia 09 ser\u00e1 exibido \u201c<strong>E.T &#8211; O Extraterrestre\u201d<\/strong>, filme vencedor de quatro estatuetas do Oscar em 1983 e um dos maiores sucessos da carreira de Steven Spielberg. Em seguida, o cinema nacional marca presen\u00e7a com&nbsp;<strong>\u201cMinha M\u00e3e \u00e9 uma Pe\u00e7a 3\u201d<\/strong>, longa dirigido por Suzana Garcia e estrelado pelo saudoso ator Paulo Gustavo.<\/p>\n\n\n\n<p>Para o dia 10, a organiza\u00e7\u00e3o selecionou duas produ\u00e7\u00f5es internacionais, de diferentes \u00e9pocas, que v\u00e3o embalar o p\u00fablico com muita m\u00fasica e aventura. A primeira delas \u00e9&nbsp;<strong>\u201cComo Treinar o Seu Drag\u00e3o 3\u201d<\/strong>, de Dean DeBlois, filme indicado ao Oscar 2020 na categoria Melhor Anima\u00e7\u00e3o, que ser\u00e1 seguido pelo empolgante musical&nbsp;<strong>\u201cGrease: Nos Tempos da Brilhantina\u201d<\/strong>, estrelado por John Travolta e Olivia Newton-John e um dos maiores sucessos do g\u00eanero de todos os tempos.<\/p>\n\n\n\n<p>O \u00faltimo dia de exibi\u00e7\u00f5es em Jundia\u00ed come\u00e7a com o longa&nbsp;<strong>\u201cTurma da M\u00f4nica: La\u00e7os\u201d<\/strong>, adapta\u00e7\u00e3o para as telonas dos cl\u00e1ssicos quadrinhos de Maur\u00edcio de Sousa, e ser\u00e1 finalizado em grande estilo com mega produ\u00e7\u00e3o&nbsp;&nbsp;<strong>\u201cStar Wars &#8211; O Imp\u00e9rio Contra-Ataca\u201d<\/strong>, que traz um grande elenco liderado pelo astro Harrison Ford.<\/p>\n\n\n\n<p>Os ingressos para todas as sess\u00f5es podem ser reservados a partir do dia&nbsp;<strong>29 de setembro<\/strong>, \u00e0s 12h, pelo site do Cine Autorama:&nbsp;<a href=\"http:\/\/www.cineautorama.com.br\/\" rel=\"noreferrer noopener\" target=\"_blank\">www.cineautorama.com.br<\/a>&nbsp;.<\/p>\n\n\n\n<p>\u201cJundia\u00ed sempre abra\u00e7ou o nosso projeto com muito carinho e empolga\u00e7\u00e3o. Por isso, nada mais justo do que montar uma programa\u00e7\u00e3o que mistura grandes cl\u00e1ssicos do cinema com produ\u00e7\u00f5es recentes de grande sucesso\u201d, afirma Marco Costa, s\u00f3cio da Brazucah Produ\u00e7\u00f5es e idealizador do Cine Autorama.<\/p>\n\n\n\n<p>Esta \u00e9 a terceira passagem do Cine Autorama em Jundia\u00ed, sendo que as exibi\u00e7\u00f5es anteriores ocorreram em dezembro de 2020 e janeiro de 2021 reunindo um p\u00fablico superior a 1000 espectadores.<\/p>\n\n\n\n<p>O Cine Autorama em Jundia\u00ed \u00e9 viabilizado atrav\u00e9s do ProAC, com patroc\u00ednio da Foxconn, apoio da Unidade de Gest\u00e3o de Cultura de Jundia\u00ed e AT Cultural, realiza\u00e7\u00e3o Brazucah Produ\u00e7\u00f5es, Secretaria de Cultura e Economia Criativa, Governo do Estado de S\u00e3o Paulo.<\/p>\n\n\n\n<figure class=\"wp-block-image size-large\"><img loading=\"lazy\" decoding=\"async\" width=\"1200\" height=\"800\" src=\"https:\/\/tvtecjundiai.com.br\/news\/wp-content\/uploads\/sites\/2\/2021\/10\/sessao_memorial_petz_foto-Danilo-Ramos_03-1200x800.jpg\" alt=\"\" class=\"wp-image-83072\" srcset=\"https:\/\/tvtecjundiai.com.br\/news\/wp-content\/uploads\/sites\/2\/2021\/10\/sessao_memorial_petz_foto-Danilo-Ramos_03-1200x800.jpg 1200w, https:\/\/tvtecjundiai.com.br\/news\/wp-content\/uploads\/sites\/2\/2021\/10\/sessao_memorial_petz_foto-Danilo-Ramos_03-300x200.jpg 300w, https:\/\/tvtecjundiai.com.br\/news\/wp-content\/uploads\/sites\/2\/2021\/10\/sessao_memorial_petz_foto-Danilo-Ramos_03-768x512.jpg 768w, https:\/\/tvtecjundiai.com.br\/news\/wp-content\/uploads\/sites\/2\/2021\/10\/sessao_memorial_petz_foto-Danilo-Ramos_03.jpg 1280w\" sizes=\"auto, (max-width: 1200px) 100vw, 1200px\" \/><\/figure>\n\n\n\n<p><strong>Protocolos&nbsp; de seguran\u00e7a:<\/strong><\/p>\n\n\n\n<p>O evento seguir\u00e1 todas as normas de seguran\u00e7a preconizadas pela Organiza\u00e7\u00e3o Mundial de Sa\u00fade (OMS) e pelas autoridades locais. A limita\u00e7\u00e3o ser\u00e1 de at\u00e9 quatro pessoas por ve\u00edculo, para que casais com filhos possam participar.<\/p>\n\n\n\n<p>\u00c9 recomendado ainda que compare\u00e7am juntas no mesmo carro apenas pessoas que estejam convivendo durante o per\u00edodo de distanciamento social ou que residam na mesma casa. Tamb\u00e9m ser\u00e1 mantida uma dist\u00e2ncia m\u00ednima de dois metros entre os ve\u00edculos.<\/p>\n\n\n\n<p><strong>Sobre o Cine Autorama:<\/strong><\/p>\n\n\n\n<p>O Cine Autorama foi o primeiro cinema drive-in m\u00f3vel a surgir no Brasil. Concebido pela Brazucah Produ\u00e7\u00f5es e com mais de cinco anos de estrada, o projeto democratiza o acesso \u00e0 cultura e j\u00e1 realizou mais de 250 eventos para cerca de 55 mil pessoas em todo o pa\u00eds. Somente em S\u00e3o Paulo, o circuito itinerante j\u00e1 marcou presen\u00e7a em locais ic\u00f4nicos da cidade como o Memorial da Am\u00e9rica Latina, pra\u00e7a Charles Miller, Assembleia Legislativa de S\u00e3o Paulo e aeroporto Campo de Marte. Desde o come\u00e7o, j\u00e1 foram exibidas sess\u00f5es gratuitas para mais de 75 cidades de diferentes estados brasileiros.<\/p>\n\n\n\n<p><strong>Programa\u00e7\u00e3o<\/strong>:<\/p>\n\n\n\n<p><strong>09 de outubro<\/strong><\/p>\n\n\n\n<p><strong>18h30<\/strong>&nbsp;\u2013 \u201cE.T. O Extraterrestre\u201d (Steven Spielberg &#8211;&nbsp; EUA &#8211;&nbsp; Fic\u00e7\u00e3o Cient\u00edfica &#8211; 115 min &#8211; Livre &#8211; 1982)<\/p>\n\n\n\n<p><strong>Sinopse<\/strong>: O garoto Elliott faz amizade com um pequeno alien\u00edgena inofensivo que est\u00e1 bem longe do seu planeta. Ele decide manter a ador\u00e1vel criatura em segredo e em casa ap\u00f3s apresent\u00e1-la aos irm\u00e3os.<\/p>\n\n\n\n<p><strong>21h&nbsp;<\/strong>&#8211; Minha M\u00e3e \u00e9 Uma Pe\u00e7a 3 &#8211;&nbsp; (Susana Garcia \u2013 Brasil \u2013 111 min \u2013 Com\u00e9dia \u2013 12 anos \u2013 2019.<\/p>\n\n\n\n<p><strong>Sinopse<\/strong>: Dona Herm\u00ednia (Paulo Gustavo) vai ter que se redescobrir e se reinventar porque seus filhos est\u00e3o formando novas fam\u00edlias. Essa superm\u00e3e vai ter que segurar a emo\u00e7\u00e3o para lidar com um novo cen\u00e1rio de vida.<\/p>\n\n\n\n<p><strong>10 de outubro<\/strong><\/p>\n\n\n\n<p><strong>18h30<\/strong>&nbsp;&#8211; Como Treinar Seu Drag\u00e3o 3 (Dean DeBlois \u2013 EUA \u2013 104 min \u2013 Anima\u00e7\u00e3o \u2013 Livre)<\/p>\n\n\n\n<p>Sinopse: Solu\u00e7o busca realizar seu grande sonho de encontrar um lar pac\u00edfico onde os drag\u00f5es possam viver em seguran\u00e7a. L\u00e1, Banguela descobre uma companheira, assim como ele, mas um tanto selvagem. Mas \u00e9 quando o perigo come\u00e7a a rondar o lar, que a dupla Banguela e Solu\u00e7o \u00e9 testada e precisa tomar decis\u00f5es dif\u00edceis para salvar suas esp\u00e9cies.<\/p>\n\n\n\n<p><strong>21h<\/strong>&nbsp;&#8211; Grease &#8211; Nos Tempos da Brilhantina (Randal Kleiser \u2013 EUA &#8211; 111 min &#8211; Musical\/Romance -Livre \u2013 1978)<\/p>\n\n\n\n<p><strong>Sinopse<\/strong>: Na Calif\u00f3rnia de 1959, a boa mo\u00e7a Sandy e o metido Danny se apaixonam e aproveitam um ver\u00e3o inesquec\u00edvel na praia. Quando voltam \u00e0s aulas, eles descobrem que frequentam a mesma escola. Danny lidera a gangue dos T-Birds, um grupo que gosta de jaquetas de couro e muito gel no cabelo, e Sandy passa tempo com as Pink Ladies, lideradas pela firme e sarc\u00e1stica Rizzo. Quando os dois se re\u00fanem, Sandy percebe que Danny n\u00e3o \u00e9 o mesmo por quem se apaixonou, e ambos precisam mudar caso queiram ficar juntos.<\/p>\n\n\n\n<p><strong>11 de outubro<\/strong><\/p>\n\n\n\n<p><strong>18h30&nbsp;<\/strong>&#8211; Turma da M\u00f4nica &#8211; La\u00e7os (Daniel Rezende \u2013 Brasil \u2013 97 min &#8211; Livre \u2013 2019)<\/p>\n\n\n\n<p>Sinopse: Floquinho, o cachorro do Cebolinha, desapareceu. O menino desenvolve ent\u00e3o um plano infal\u00edvel para resgatar o c\u00e3ozinho, mas para isso vai precisar da ajuda de seus fi\u00e9is amigos M\u00f4nica, Magali e Casc\u00e3o). Juntos, eles ir\u00e3o enfrentar grandes desafios e viver grandes aventuras para levar o c\u00e3o de volta para casa.<\/p>\n\n\n\n<p><strong>21h<\/strong>&nbsp;&#8211; Star Wars &#8211; O Imp\u00e9rio Contra-ataca (Irvin Kershner \u2013 EUA \u2013 124 min \u2013 Livre \u2013 1980)<\/p>\n\n\n\n<p><strong>Sinopse<\/strong>: Yoda treina Luke Skywalker para ser um cavaleiro Jedi. Han Solo corteja a Princesa Leia enquanto Darth Vader retorna para combater as for\u00e7as rebeldes que tentam salvar a gal\u00e1xia.<\/p>\n\n\n\n<p><strong>Servi\u00e7o<\/strong>:<\/p>\n\n\n\n<p><strong>O qu\u00ea<\/strong>: Cine Autorama em Jundia\u00ed, interior de S\u00e3o Paulo<\/p>\n\n\n\n<p><strong>Quando<\/strong>: De 09 a 11 de outubro de 2021, sess\u00f5es sempre \u00e0s 18h30 e 21h.<\/p>\n\n\n\n<p><strong>Onde<\/strong>: Estacionamento do Complexo Fepasa &#8211; Avenida Uni\u00e3o dos Ferrovi\u00e1rios, 1760.<\/p>\n\n\n\n<p><strong>Quanto<\/strong>: Entrada gratuita<\/p>\n\n\n\n<p><strong>Link para os ingressos<\/strong>:&nbsp;<a rel=\"noreferrer noopener\" href=\"http:\/\/www.cineautorama.com.br\/\" target=\"_blank\">www.cineautorama.com.br<\/a>&nbsp;&#8211; a partir de 29 de setembro, \u00e0s 12h.<\/p>\n\n\n\n<p><em><strong>(Fonte\/Imagem: Assessoria Brazucah)<\/strong><\/em><\/p>\n","protected":false},"excerpt":{"rendered":"<p>Ingressos podem ser reservados pelo site:\u00a0www.cineautorama.com.br<\/p>\n","protected":false},"author":27,"featured_media":83072,"comment_status":"closed","ping_status":"closed","sticky":false,"template":"","format":"standard","meta":{"footnotes":""},"categories":[2833,8356],"tags":[],"class_list":["post-83071","post","type-post","status-publish","format-standard","has-post-thumbnail","hentry","category-cultura","category-jundiai"],"_links":{"self":[{"href":"https:\/\/tvtecjundiai.com.br\/news\/wp-json\/wp\/v2\/posts\/83071","targetHints":{"allow":["GET"]}}],"collection":[{"href":"https:\/\/tvtecjundiai.com.br\/news\/wp-json\/wp\/v2\/posts"}],"about":[{"href":"https:\/\/tvtecjundiai.com.br\/news\/wp-json\/wp\/v2\/types\/post"}],"author":[{"embeddable":true,"href":"https:\/\/tvtecjundiai.com.br\/news\/wp-json\/wp\/v2\/users\/27"}],"replies":[{"embeddable":true,"href":"https:\/\/tvtecjundiai.com.br\/news\/wp-json\/wp\/v2\/comments?post=83071"}],"version-history":[{"count":3,"href":"https:\/\/tvtecjundiai.com.br\/news\/wp-json\/wp\/v2\/posts\/83071\/revisions"}],"predecessor-version":[{"id":83076,"href":"https:\/\/tvtecjundiai.com.br\/news\/wp-json\/wp\/v2\/posts\/83071\/revisions\/83076"}],"wp:featuredmedia":[{"embeddable":true,"href":"https:\/\/tvtecjundiai.com.br\/news\/wp-json\/wp\/v2\/media\/83072"}],"wp:attachment":[{"href":"https:\/\/tvtecjundiai.com.br\/news\/wp-json\/wp\/v2\/media?parent=83071"}],"wp:term":[{"taxonomy":"category","embeddable":true,"href":"https:\/\/tvtecjundiai.com.br\/news\/wp-json\/wp\/v2\/categories?post=83071"},{"taxonomy":"post_tag","embeddable":true,"href":"https:\/\/tvtecjundiai.com.br\/news\/wp-json\/wp\/v2\/tags?post=83071"}],"curies":[{"name":"wp","href":"https:\/\/api.w.org\/{rel}","templated":true}]}}