{"id":83082,"date":"2021-10-05T15:58:31","date_gmt":"2021-10-05T18:58:31","guid":{"rendered":"https:\/\/tvtecjundiai.com.br\/news\/?p=83082"},"modified":"2021-10-05T15:58:38","modified_gmt":"2021-10-05T18:58:38","slug":"coral-cidade-das-criancas-inicia-ensaios-em-novo-nucleo-da-vila-esperanca","status":"publish","type":"post","link":"https:\/\/tvtecjundiai.com.br\/news\/2021\/10\/05\/coral-cidade-das-criancas-inicia-ensaios-em-novo-nucleo-da-vila-esperanca\/","title":{"rendered":"Coral Cidade das Crian\u00e7as inicia ensaios em novo n\u00facleo da Vila Esperan\u00e7a"},"content":{"rendered":"\n<p>Come\u00e7aram nesta segunda-feira (04) as aulas do Coral infantojuvenil Cidade das Crian\u00e7as no Centro Comunit\u00e1rio Vila Esperan\u00e7a. Este \u00e9 o primeiro n\u00facleo descentralizado do corpo art\u00edstico vinculado \u00e0 Unidade de Gest\u00e3o de Cultura (UGC) no Munic\u00edpio.<\/p>\n\n\n\n<p>O grupo tem como coordenadora a diretora art\u00edstica Vasti Atique, com a reg\u00eancia de J\u00e9ssica Vieira e como pianista Sofia Prado. As aulas direcionam-se para crian\u00e7as de sete a 11 anos de todo o Munic\u00edpio e tem como intuito promover atividades descentralizadas, para a socializa\u00e7\u00e3o e desenvolvimento dos participantes.&nbsp;<\/p>\n\n\n\n<p>Julia Akemi Kumakawa, de sete anos, soube das inscri\u00e7\u00f5es pela internet. \u201cGosto muito de cantar e de dan\u00e7ar, e quis aprender mais. Minha cantora preferida \u00e9 a Katy Perry e o meu filme \u00e9 \u2018Frozen\u2019\u201d, compartilhou a pequena moradora do jardim do Trevo.<\/p>\n\n\n\n<div class=\"wp-block-image\"><figure class=\"aligncenter size-large\"><img loading=\"lazy\" decoding=\"async\" width=\"1200\" height=\"800\" src=\"https:\/\/tvtecjundiai.com.br\/news\/wp-content\/uploads\/sites\/2\/2021\/10\/ensaio-coral-cidade-das-criancas-vila-esperanca-25-1200x800.jpg\" alt=\"\" class=\"wp-image-83083\" srcset=\"https:\/\/tvtecjundiai.com.br\/news\/wp-content\/uploads\/sites\/2\/2021\/10\/ensaio-coral-cidade-das-criancas-vila-esperanca-25-1200x800.jpg 1200w, https:\/\/tvtecjundiai.com.br\/news\/wp-content\/uploads\/sites\/2\/2021\/10\/ensaio-coral-cidade-das-criancas-vila-esperanca-25-300x200.jpg 300w, https:\/\/tvtecjundiai.com.br\/news\/wp-content\/uploads\/sites\/2\/2021\/10\/ensaio-coral-cidade-das-criancas-vila-esperanca-25-768x512.jpg 768w, https:\/\/tvtecjundiai.com.br\/news\/wp-content\/uploads\/sites\/2\/2021\/10\/ensaio-coral-cidade-das-criancas-vila-esperanca-25.jpg 1280w\" sizes=\"auto, (max-width: 1200px) 100vw, 1200px\" \/><figcaption>Julia Akemi aprovou o primeiro ensaio<\/figcaption><\/figure><\/div>\n\n\n\n<p>J\u00e1 Ana Laura de Souza, de dez anos, quis participar, pois mora no bairro e j\u00e1 estudou violino. \u201cO curso que eu fazia foi interrompido por causa da pandemia. Quando o pessoal do Coral fez a divulga\u00e7\u00e3o na minha escola, a Emeb Ranieri Mazzilli, eu pensei que poderia ser uma boa oportunidade, pois as aulas seriam aqui no bairro mesmo\u201d, comemorou.<\/p>\n\n\n\n<p>O gestor da UGC, Marcelo Peroni, explica a proposta do novo n\u00facleo. \u201cEste \u00e9 mais um investimento na oferta de atividades culturais formativas pelo programa municipal Cidade das Crian\u00e7as. J\u00e1 contamos com um n\u00facleo do Coral com sede no complexo Fepasa e esta nova proposta visa levar esta forma\u00e7\u00e3o gratuita para bairro mais afastado e onde havia demanda da popula\u00e7\u00e3o. Contamos com a ades\u00e3o as crian\u00e7as do bairro para que divulguem as aulas e participem\u201d. &nbsp;<\/p>\n\n\n\n<p>Vasti refor\u00e7ou o poder de transforma\u00e7\u00e3o da m\u00fasica. \u201cEsta proposta tem tudo para dar certo. O poder de transforma\u00e7\u00e3o da m\u00fasica \u00e9 essencial para o desenvolvimento cognitivo das crian\u00e7as e, com este n\u00facleo descentralizado, trazemos uma atividade extracurricular muito importante para as crian\u00e7as do bairro\u201d.<\/p>\n\n\n\n<p>J\u00e1 para a regente J\u00e9ssica, qualquer pessoa, dependendo da dedica\u00e7\u00e3o e compromisso, pode aprender a cantar e a tocar qualquer instrumento. \u201cTem muitas crian\u00e7as que saem do mundo das drogas por conta da m\u00fasica. Ent\u00e3o, acho que o poder da m\u00fasica \u00e9 transformador. Qualquer pessoa pode aprender a tocar e cantar, dependendo da dedica\u00e7\u00e3o e compromisso\u201d.<\/p>\n\n\n\n<p>As aulas s\u00e3o realizadas todas as segundas-feiras, das 14h30 \u00e0s 15h30 no Centro Comunit\u00e1rio da Vila Esperan\u00e7a, que fica na rua Guilherme Augusto Baad, n\u00ba 314. As crian\u00e7as de sete a 11 anos interessadas em participar podem comparecer ao local no hor\u00e1rio das aulas para realizar sua inscri\u00e7\u00e3o. A pr\u00f3xima aula ser\u00e1 na segunda (18). Mais informa\u00e7\u00f5es pelo telefone 4585-9750.<\/p>\n\n\n\n<div class=\"wp-block-image\"><figure class=\"aligncenter size-large\"><img loading=\"lazy\" decoding=\"async\" width=\"1200\" height=\"800\" src=\"https:\/\/tvtecjundiai.com.br\/news\/wp-content\/uploads\/sites\/2\/2021\/10\/ensaio-coral-cidade-das-criancas-vila-esperanca-48-1200x800.jpg\" alt=\"\" class=\"wp-image-83084\" srcset=\"https:\/\/tvtecjundiai.com.br\/news\/wp-content\/uploads\/sites\/2\/2021\/10\/ensaio-coral-cidade-das-criancas-vila-esperanca-48-1200x800.jpg 1200w, https:\/\/tvtecjundiai.com.br\/news\/wp-content\/uploads\/sites\/2\/2021\/10\/ensaio-coral-cidade-das-criancas-vila-esperanca-48-300x200.jpg 300w, https:\/\/tvtecjundiai.com.br\/news\/wp-content\/uploads\/sites\/2\/2021\/10\/ensaio-coral-cidade-das-criancas-vila-esperanca-48-768x512.jpg 768w, https:\/\/tvtecjundiai.com.br\/news\/wp-content\/uploads\/sites\/2\/2021\/10\/ensaio-coral-cidade-das-criancas-vila-esperanca-48.jpg 1280w\" sizes=\"auto, (max-width: 1200px) 100vw, 1200px\" \/><figcaption>Ana Laura tamb\u00e9m aprovou os exerc\u00edcios da primeira aula e ir\u00e1 convidar mais amigos do bairro<\/figcaption><\/figure><\/div>\n\n\n\n<p><strong><em>(Fonte\/Imagem: Prefeitura de Jundia\u00ed)<\/em><\/strong><\/p>\n","protected":false},"excerpt":{"rendered":"<p>As aulas s\u00e3o realizadas todas as segundas-feiras, das 14h30 \u00e0s 15h30 no Centro Comunit\u00e1rio da Vila Esperan\u00e7a.<\/p>\n","protected":false},"author":25,"featured_media":83084,"comment_status":"closed","ping_status":"closed","sticky":false,"template":"","format":"standard","meta":{"footnotes":""},"categories":[2833,1],"tags":[],"class_list":["post-83082","post","type-post","status-publish","format-standard","has-post-thumbnail","hentry","category-cultura","category-noticias"],"_links":{"self":[{"href":"https:\/\/tvtecjundiai.com.br\/news\/wp-json\/wp\/v2\/posts\/83082","targetHints":{"allow":["GET"]}}],"collection":[{"href":"https:\/\/tvtecjundiai.com.br\/news\/wp-json\/wp\/v2\/posts"}],"about":[{"href":"https:\/\/tvtecjundiai.com.br\/news\/wp-json\/wp\/v2\/types\/post"}],"author":[{"embeddable":true,"href":"https:\/\/tvtecjundiai.com.br\/news\/wp-json\/wp\/v2\/users\/25"}],"replies":[{"embeddable":true,"href":"https:\/\/tvtecjundiai.com.br\/news\/wp-json\/wp\/v2\/comments?post=83082"}],"version-history":[{"count":1,"href":"https:\/\/tvtecjundiai.com.br\/news\/wp-json\/wp\/v2\/posts\/83082\/revisions"}],"predecessor-version":[{"id":83085,"href":"https:\/\/tvtecjundiai.com.br\/news\/wp-json\/wp\/v2\/posts\/83082\/revisions\/83085"}],"wp:featuredmedia":[{"embeddable":true,"href":"https:\/\/tvtecjundiai.com.br\/news\/wp-json\/wp\/v2\/media\/83084"}],"wp:attachment":[{"href":"https:\/\/tvtecjundiai.com.br\/news\/wp-json\/wp\/v2\/media?parent=83082"}],"wp:term":[{"taxonomy":"category","embeddable":true,"href":"https:\/\/tvtecjundiai.com.br\/news\/wp-json\/wp\/v2\/categories?post=83082"},{"taxonomy":"post_tag","embeddable":true,"href":"https:\/\/tvtecjundiai.com.br\/news\/wp-json\/wp\/v2\/tags?post=83082"}],"curies":[{"name":"wp","href":"https:\/\/api.w.org\/{rel}","templated":true}]}}