{"id":83092,"date":"2021-10-05T16:08:59","date_gmt":"2021-10-05T19:08:59","guid":{"rendered":"https:\/\/tvtecjundiai.com.br\/news\/?p=83092"},"modified":"2021-10-05T16:09:06","modified_gmt":"2021-10-05T19:09:06","slug":"polytheama-tem-opera-do-compositor-italiano-puccini-com-entrada-gratuita","status":"publish","type":"post","link":"https:\/\/tvtecjundiai.com.br\/news\/2021\/10\/05\/polytheama-tem-opera-do-compositor-italiano-puccini-com-entrada-gratuita\/","title":{"rendered":"Polytheama tem \u00f3pera do compositor italiano Puccini com entrada gratuita"},"content":{"rendered":"\n<p>Numa promo\u00e7\u00e3o conjunta do Consolato Generale d\u2019Italia e do Istituto Italiano di Cultura, ambos de S\u00e3o Paulo, e com apoio da Unidade de Gest\u00e3o de Cultura, chega ao palco do teatro Polytheama a \u00f3pera \u201cGianni Schicchi\u201d. A obra, do compositor italiano Giacomo Puccini, ser\u00e1 apresentada neste domingo (10), \u00e0s 17h, pela Cia. \u00d3pera de S\u00e3o Paulo.<\/p>\n\n\n\n<p>\u201cGianni Schicchi\u201d \u00e9 uma \u00f3pera c\u00f4mica em um ato, baseada no Canto XXX do Inferno, da \u201cA Divina Com\u00e9dia\u201d de Dante Alighieri, e com libreto de Giovacchino Forzano. Na hist\u00f3ria, Buoso Donati morre e deixa em testamento toda sua fortuna para a igreja. A fam\u00edlia, cobi\u00e7ando a heran\u00e7a, chama Gianni Schicchi para se passar pelo morto e alterar o testamento. Todos est\u00e3o cientes de que a pena para esse tipo de crime \u00e9 o ex\u00edlio de Floren\u00e7a e o corte da m\u00e3o direita. Imitando o falecido, Schicchi d\u00e1 um golpe em toda a fam\u00edlia e deixa os bens mais preciosos para si mesmo.<\/p>\n\n\n\n<p>A dire\u00e7\u00e3o musical de \u201cGianni Schicchi\u201d \u00e9 de Edson Piza, tamb\u00e9m atuando como pianista. O espet\u00e1culo tem dura\u00e7\u00e3o de 90 minutos e classifica\u00e7\u00e3o et\u00e1ria a parir de 12 anos.<\/p>\n\n\n\n<figure class=\"wp-block-image\"><img decoding=\"async\" src=\"https:\/\/jundiai.sp.gov.br\/noticias\/wp-content\/uploads\/sites\/32\/2021\/10\/gianni-schicchi.jpg\" alt=\"Homem com touca e capa, em cima de m\u00f3vel, \u00e9 rodeado por mulheres e homens que gesticulam e com express\u00f5es faciais, com estante de livros ao fundo\" class=\"wp-image-277825\" \/><figcaption>\u00d3pera c\u00f4mica \u00e9 baseada em canto do livro \u201cA Divina Com\u00e9dia\u201d, de Dante Alighieri<\/figcaption><\/figure>\n\n\n\n<p>Confira o elenco do espet\u00e1culo: o bar\u00edtono Tom\u00e1s David, no papel de Gianni Schicchi; a soprano Raquel Paulin, como Lauretta; a mezzo soprano Andreia Souza, como Zita, la vecchia; o tenor Daniel Umbelino, no papel de Rinuccio, sobrinho de Zita; o tenor Marcello Mesquita, como Gherardo, sobrinho de Buoso; e a soprano Cristiane Mesquita, como Nella, sua mulher; a baixo Larissa&nbsp;Rosa, nos papeis de Guerardino, filho de ambos, e Guccio, o pintor; o bar\u00edtono Albert Andrade, como Betto Di Signa, cunhado de Buoso; o baixo Andrey Mira, como Simone, primo de Buoso; o bar\u00edtono Marcos Ouros, como Marco, seu filho; a mezzo soprano Larissa Guimar\u00e3es, como La Ciesca, mulher de Marco; Marcos Fernandes, como Ser Amancio Di Nicolao, tabeli\u00e3o e Maestro Spinelloccio; o baixo e diretor de cena Gustavo Lassen, como Pinellino, o sapateiro; e Paulo Esper, como Dante Alighieri.<\/p>\n\n\n\n<p>Os ingressos podem ser retirados na bilheteria do teatro Polytheama (Rua Bar\u00e3o de Jundia\u00ed, 176 \u2013 Centro), ou\u00a0<a rel=\"noreferrer noopener\" href=\"https:\/\/bileto.sympla.com.br\/event\/69022\/d\/109321\" target=\"_blank\">pela plataforma Sympla<\/a>. Mais informa\u00e7\u00f5es pelo telefone 4586-2472.<\/p>\n\n\n\n<p><em><strong>(Fonte\/Imagem: Prefeitura de Jundia\u00ed) <\/strong><\/em><\/p>\n","protected":false},"excerpt":{"rendered":"<p>O espet\u00e1culo tem dura\u00e7\u00e3o de 90 minutos e classifica\u00e7\u00e3o et\u00e1ria a parir de 12 anos.<\/p>\n","protected":false},"author":27,"featured_media":83093,"comment_status":"closed","ping_status":"closed","sticky":false,"template":"","format":"standard","meta":{"footnotes":""},"categories":[2833,8356,8354],"tags":[],"class_list":["post-83092","post","type-post","status-publish","format-standard","has-post-thumbnail","hentry","category-cultura","category-jundiai","category-lazer"],"_links":{"self":[{"href":"https:\/\/tvtecjundiai.com.br\/news\/wp-json\/wp\/v2\/posts\/83092","targetHints":{"allow":["GET"]}}],"collection":[{"href":"https:\/\/tvtecjundiai.com.br\/news\/wp-json\/wp\/v2\/posts"}],"about":[{"href":"https:\/\/tvtecjundiai.com.br\/news\/wp-json\/wp\/v2\/types\/post"}],"author":[{"embeddable":true,"href":"https:\/\/tvtecjundiai.com.br\/news\/wp-json\/wp\/v2\/users\/27"}],"replies":[{"embeddable":true,"href":"https:\/\/tvtecjundiai.com.br\/news\/wp-json\/wp\/v2\/comments?post=83092"}],"version-history":[{"count":1,"href":"https:\/\/tvtecjundiai.com.br\/news\/wp-json\/wp\/v2\/posts\/83092\/revisions"}],"predecessor-version":[{"id":83094,"href":"https:\/\/tvtecjundiai.com.br\/news\/wp-json\/wp\/v2\/posts\/83092\/revisions\/83094"}],"wp:featuredmedia":[{"embeddable":true,"href":"https:\/\/tvtecjundiai.com.br\/news\/wp-json\/wp\/v2\/media\/83093"}],"wp:attachment":[{"href":"https:\/\/tvtecjundiai.com.br\/news\/wp-json\/wp\/v2\/media?parent=83092"}],"wp:term":[{"taxonomy":"category","embeddable":true,"href":"https:\/\/tvtecjundiai.com.br\/news\/wp-json\/wp\/v2\/categories?post=83092"},{"taxonomy":"post_tag","embeddable":true,"href":"https:\/\/tvtecjundiai.com.br\/news\/wp-json\/wp\/v2\/tags?post=83092"}],"curies":[{"name":"wp","href":"https:\/\/api.w.org\/{rel}","templated":true}]}}