{"id":83124,"date":"2021-10-06T13:01:14","date_gmt":"2021-10-06T16:01:14","guid":{"rendered":"https:\/\/tvtecjundiai.com.br\/news\/?p=83124"},"modified":"2021-10-06T13:01:18","modified_gmt":"2021-10-06T16:01:18","slug":"inscricoes-para-estudar-no-sesi-em-2022-iniciam-em-26-de-outubro","status":"publish","type":"post","link":"https:\/\/tvtecjundiai.com.br\/news\/2021\/10\/06\/inscricoes-para-estudar-no-sesi-em-2022-iniciam-em-26-de-outubro\/","title":{"rendered":"Inscri\u00e7\u00f5es para estudar no Sesi em 2022 iniciam em 26 de outubro"},"content":{"rendered":"\n<p>A partir das 8 horas da manh\u00e3 do dia 26 de outubro de 2021 estar\u00e3o abertas as inscri\u00e7\u00f5es para os interessados em matricular seus filhos na rede escolar SESI-SP de todo o Estado, para o ano letivo de 2022. As vagas s\u00e3o para a Educa\u00e7\u00e3o Infantil e os Ensinos Fundamental e M\u00e9dio. O cadastro deve ser feito exclusivamente online, pelo site do Sesi-SP, a partir da data de in\u00edcio do processo seletivo.<\/p>\n\n\n\n<div class=\"wp-block-image\"><figure class=\"aligncenter size-full\"><img loading=\"lazy\" decoding=\"async\" width=\"750\" height=\"500\" src=\"https:\/\/tvtecjundiai.com.br\/news\/wp-content\/uploads\/sites\/2\/2021\/10\/244692390_4247070698724733_8028195795979009804_n.jpg\" alt=\"\" class=\"wp-image-83126\" srcset=\"https:\/\/tvtecjundiai.com.br\/news\/wp-content\/uploads\/sites\/2\/2021\/10\/244692390_4247070698724733_8028195795979009804_n.jpg 750w, https:\/\/tvtecjundiai.com.br\/news\/wp-content\/uploads\/sites\/2\/2021\/10\/244692390_4247070698724733_8028195795979009804_n-300x200.jpg 300w\" sizes=\"auto, (max-width: 750px) 100vw, 750px\" \/><\/figure><\/div>\n\n\n\n<p><strong>Saiba quem pode se inscrever e quais as datas<\/strong><\/p>\n\n\n\n<p>T\u00eam prioridade nas vagas os dependentes legais de funcion\u00e1rios das empresas contribuintes do SESI (Benefici\u00e1rios). Tamb\u00e9m inclusos na categoria, os dependentes legais de funcion\u00e1rios do SESI-SP, SENAI-SP, FIESP, CIESP e IRS. Para esse p\u00fablico, o per\u00edodo de inscri\u00e7\u00f5es fica aberto das 8 horas do dia 26 de outubro at\u00e9 \u00e0s 16h do dia 3 de novembro.<\/p>\n\n\n\n<p>Demais p\u00fablicos (N\u00e3o Benefici\u00e1rios) poder\u00e3o se cadastrar a partir das 8 horas do dia 5 de novembro at\u00e9 \u00e0s 16 horas de 8 de novembro. Estes inscritos ser\u00e3o contemplados ap\u00f3s atendimento aos Benefici\u00e1rios, de acordo com a disponibilidade de vagas em cada unidade escolar. A abertura de inscri\u00e7\u00f5es estar\u00e1 condicionada a an\u00e1lise da demanda das demais categorias em cada unidade e ano escolar.<\/p>\n\n\n\n<p>N\u00e3o ser\u00e3o aceitas inscri\u00e7\u00f5es fora do per\u00edodo designado por categoria.<\/p>\n\n\n\n<p><strong>Unidades escolares e vagas dispon\u00edveis<\/strong><\/p>\n\n\n\n<p>No ato do cadastro, o sistema de inscri\u00e7\u00f5es mostrar\u00e1 somente as s\u00e9ries e unidades escolares com vagas dispon\u00edveis, entre as 142 escolas da institui\u00e7\u00e3o.<\/p>\n\n\n\n<p>Em 2022, o SESI-SP atuar\u00e1 com turmas de Educa\u00e7\u00e3o Infantil, para crian\u00e7as de 4 e 5 anos de idade, em quatro cidades: capital paulista (no bairro Santana), S\u00e3o Jos\u00e9 do Rio Preto, Suzano, al\u00e9m de Birigui, que inaugura a modalidade no pr\u00f3ximo ano.<\/p>\n\n\n\n<p><strong>Sorteio de vagas para candidatos da Educa\u00e7\u00e3o Infantil ao 3\u00ba ano do Ensino Fundamental<\/strong><\/p>\n\n\n\n<p>Para concorrer as vagas da Educa\u00e7\u00e3o Infantil e do 1\u00ba ao 3\u00ba ano do Ensino Fundamental, os candidatos participam de um sorteio por categoria (Benefici\u00e1rios e N\u00e3o Benefici\u00e1rios) sempre que o n\u00famero de inscritos for maior que o n\u00famero de vagas em cada categoria. A divulga\u00e7\u00e3o da lista de inscritos sai em 10 de novembro, \u00e0s 14 horas, e o sorteio ocorrer\u00e1 no dia 12 do mesmo m\u00eas, \u00e0s 9 horas. Para acesso aos resultados destas etapas, os respons\u00e1veis devem comparecer diretamente na escola em que o candidato for inscrito.<\/p>\n\n\n\n<p><strong>Vagas para demais s\u00e9ries ser\u00e3o preenchidas por meio de sorteio e an\u00e1lise de rendimento escolar<\/strong><\/p>\n\n\n\n<p>Os candidatos a vagas a partir do 4\u00ba ano do Fundamental ao Ensino M\u00e9dio tamb\u00e9m passar\u00e3o pela etapa de sorteio e, posteriormente, por an\u00e1lise de rendimentos do hist\u00f3rico escolar nas disciplinas de Portugu\u00eas e Matem\u00e1tica, referentes ao ano letivo de 2020.<\/p>\n\n\n\n<p>A divulga\u00e7\u00e3o da lista de inscritos sai em 10 de novembro, \u00e0s 14 horas, e o sorteio ocorrer\u00e1 no dia 12 do mesmo m\u00eas, \u00e0s 9 horas. Para acesso aos resultados destas etapas, os respons\u00e1veis devem comparecer diretamente na escola em que o candidato for inscrito.<\/p>\n\n\n\n<p><strong>Matr\u00edculas<\/strong><\/p>\n\n\n\n<p>Os respons\u00e1veis pelos candidatos aprovados para as turmas do 1\u00ba ao 3\u00ba ano do Ensino Fundamental t\u00eam entre os dias 16 de novembro a 22 de dezembro para efetuar matr\u00edcula. Para todas as demais s\u00e9ries, o prazo fica entre 26 de novembro at\u00e9 22 de dezembro.<\/p>\n\n\n\n<p><strong>Mensalidades<\/strong><\/p>\n\n\n\n<p>Os valores das mensalidades devem ser consultados diretamente na unidade escolar de interesse ou no ato do cadastro no sistema de inscri\u00e7\u00f5es.<\/p>\n","protected":false},"excerpt":{"rendered":"<p>Trabalhadores da ind\u00fastria podem inscrever seus filhos de 26 de outubro a 3 de novembro.<\/p>\n","protected":false},"author":25,"featured_media":83126,"comment_status":"closed","ping_status":"closed","sticky":false,"template":"","format":"standard","meta":{"footnotes":""},"categories":[2828,1],"tags":[],"class_list":["post-83124","post","type-post","status-publish","format-standard","has-post-thumbnail","hentry","category-educacao","category-noticias"],"_links":{"self":[{"href":"https:\/\/tvtecjundiai.com.br\/news\/wp-json\/wp\/v2\/posts\/83124","targetHints":{"allow":["GET"]}}],"collection":[{"href":"https:\/\/tvtecjundiai.com.br\/news\/wp-json\/wp\/v2\/posts"}],"about":[{"href":"https:\/\/tvtecjundiai.com.br\/news\/wp-json\/wp\/v2\/types\/post"}],"author":[{"embeddable":true,"href":"https:\/\/tvtecjundiai.com.br\/news\/wp-json\/wp\/v2\/users\/25"}],"replies":[{"embeddable":true,"href":"https:\/\/tvtecjundiai.com.br\/news\/wp-json\/wp\/v2\/comments?post=83124"}],"version-history":[{"count":1,"href":"https:\/\/tvtecjundiai.com.br\/news\/wp-json\/wp\/v2\/posts\/83124\/revisions"}],"predecessor-version":[{"id":83129,"href":"https:\/\/tvtecjundiai.com.br\/news\/wp-json\/wp\/v2\/posts\/83124\/revisions\/83129"}],"wp:featuredmedia":[{"embeddable":true,"href":"https:\/\/tvtecjundiai.com.br\/news\/wp-json\/wp\/v2\/media\/83126"}],"wp:attachment":[{"href":"https:\/\/tvtecjundiai.com.br\/news\/wp-json\/wp\/v2\/media?parent=83124"}],"wp:term":[{"taxonomy":"category","embeddable":true,"href":"https:\/\/tvtecjundiai.com.br\/news\/wp-json\/wp\/v2\/categories?post=83124"},{"taxonomy":"post_tag","embeddable":true,"href":"https:\/\/tvtecjundiai.com.br\/news\/wp-json\/wp\/v2\/tags?post=83124"}],"curies":[{"name":"wp","href":"https:\/\/api.w.org\/{rel}","templated":true}]}}