{"id":83148,"date":"2021-10-06T17:03:47","date_gmt":"2021-10-06T20:03:47","guid":{"rendered":"https:\/\/tvtecjundiai.com.br\/news\/?p=83148"},"modified":"2021-10-06T17:04:01","modified_gmt":"2021-10-06T20:04:01","slug":"dia-das-criancas-tera-programacao-gratuita-de-atividades-culturais-no-complexo-fepasa-em-jundiai","status":"publish","type":"post","link":"https:\/\/tvtecjundiai.com.br\/news\/2021\/10\/06\/dia-das-criancas-tera-programacao-gratuita-de-atividades-culturais-no-complexo-fepasa-em-jundiai\/","title":{"rendered":"Dia das Crian\u00e7as ter\u00e1 programa\u00e7\u00e3o gratuita de atividades culturais no Complexo Fepasa em Jundia\u00ed"},"content":{"rendered":"\n<p>Oficinas de musicaliza\u00e7\u00e3o e dan\u00e7a, show de variedades e teatro infantil s\u00e3o as atra\u00e7\u00f5es gratuitas programadas pela Unidade de Gest\u00e3o de Cultura (UGC) para a pr\u00f3xima ter\u00e7a-feira (12), Dia das Crian\u00e7as.<\/p>\n\n\n\n<p>A programa\u00e7\u00e3o ser\u00e1 realizada no Complexo Fepasa e seguir\u00e1 os protocolos estabelecidos pelo Comit\u00ea Municipal de Preven\u00e7\u00e3o e Enfrentamento ao Coronav\u00edrus (CEC), como aferi\u00e7\u00e3o de temperatura, disponibiliza\u00e7\u00e3o de \u00e1lcool gel e distanciamento.<\/p>\n\n\n\n<p>A participa\u00e7\u00e3o ser\u00e1 por ordem de chegada, sem necessidade de agendamento pr\u00e9vio, e com limite m\u00e1ximo de at\u00e9 110 pessoas, controladas no acesso. A proposta da programa\u00e7\u00e3o \u00e9 dar oportunidade para que crian\u00e7as de diferentes idades tenham contato com diversas manifesta\u00e7\u00f5es culturais, e ao mesmo tempo, divulgar o espa\u00e7o como op\u00e7\u00e3o para o lazer e at\u00e9 mesmo confraterniza\u00e7\u00e3o.<\/p>\n\n\n\n<p>De acordo com o gestor da UGC, Marcelo Peroni, as atividades foram pensadas para atender crian\u00e7as desde a Primeira Inf\u00e2ncia (0 a 3 anos) at\u00e9 a fase Infantojuvenil (4 a 12 anos), no contexto do programa municipal Cidade das Crian\u00e7as. \u201cTeremos um dia de integra\u00e7\u00e3o, j\u00e1 que pais e respons\u00e1veis estar\u00e3o acompanhando seus filhos, netos, afilhados e sobrinhos durante as atividades e ainda poder\u00e3o usufruir dos espa\u00e7os do Complexo Fepasa onde \u00e9 poss\u00edvel andar de bicicleta e brincar entre os jardins\u201d.<\/p>\n\n\n\n<p><\/p>\n\n\n\n<figure class=\"wp-block-image\"><img decoding=\"async\" src=\"https:\/\/jundiai.sp.gov.br\/noticias\/wp-content\/uploads\/sites\/32\/2021\/10\/coral-cidade-das-criancas_sala-dos-relogios-80.jpg\" alt=\"Crian\u00e7as usando m\u00e1scaras, em p\u00e9 em frente a cadeiras de madeiras, em sala de piso de madeira, com janelas e rel\u00f3gios diversos na parede\" \/><\/figure>\n\n\n\n<p>A programa\u00e7\u00e3o do Dia da Crian\u00e7a no Complexo Fepasa est\u00e1 assim definida:<\/p>\n\n\n\n<ul class=\"wp-block-list\"><li><strong>9h, na Sala dos Rel\u00f3gios<\/strong><br>Oficina de Musicaliza\u00e7\u00e3o Infantil, com Luciana Nagumo, da Escola de M\u00fasica de Jundia\u00ed;<\/li><li><strong>10h30, na Sala Jundia\u00ed<\/strong><br>Show de variedades com a Palha\u00e7a Rubra, atra\u00e7\u00e3o que chega a Jundia\u00ed pelo Projeto \u201cCircuito SP On-Line\u201d, da Secretaria de Cultura e Economia Criativa do Estado de S\u00e3o Paulo;<\/li><li><strong>14h, na Sala Jundia\u00ed<\/strong><br>Oficina de Dan\u00e7a, com Let\u00edcia Galv\u00e3o do Instituto de Orienta\u00e7\u00e3o Art\u00edstica (IOA);<\/li><li><strong>15h, no Espa\u00e7o de Exposi\u00e7\u00f5es, anexo \u00e0 Sala Jundia\u00ed<\/strong><br>Apresenta\u00e7\u00e3o art\u00edstica do grupo \u201cKombinado n\u00e3o \u00e9 carro\u201d, com o espet\u00e1culo \u201cEu disse brinco\u2026brincarei\u201d.<\/li><\/ul>\n\n\n\n<p>O Complexo Fepasa fica na avenida Uni\u00e3o dos Ferrovi\u00e1rios, 1760. Mais informa\u00e7\u00f5es pelo telefone 4585-9750.<\/p>\n\n\n\n<p><em><strong>(Fonte\/Imagem: Prefeitura de Jundia\u00ed)<\/strong><\/em><\/p>\n","protected":false},"excerpt":{"rendered":"<p>A participa\u00e7\u00e3o ser\u00e1 por ordem de chegada, sem necessidade de agendamento pr\u00e9vio, e com limite m\u00e1ximo de at\u00e9 110 pessoas<\/p>\n","protected":false},"author":24,"featured_media":83151,"comment_status":"closed","ping_status":"closed","sticky":false,"template":"","format":"standard","meta":{"footnotes":""},"categories":[2833,8356],"tags":[],"class_list":["post-83148","post","type-post","status-publish","format-standard","has-post-thumbnail","hentry","category-cultura","category-jundiai"],"_links":{"self":[{"href":"https:\/\/tvtecjundiai.com.br\/news\/wp-json\/wp\/v2\/posts\/83148","targetHints":{"allow":["GET"]}}],"collection":[{"href":"https:\/\/tvtecjundiai.com.br\/news\/wp-json\/wp\/v2\/posts"}],"about":[{"href":"https:\/\/tvtecjundiai.com.br\/news\/wp-json\/wp\/v2\/types\/post"}],"author":[{"embeddable":true,"href":"https:\/\/tvtecjundiai.com.br\/news\/wp-json\/wp\/v2\/users\/24"}],"replies":[{"embeddable":true,"href":"https:\/\/tvtecjundiai.com.br\/news\/wp-json\/wp\/v2\/comments?post=83148"}],"version-history":[{"count":1,"href":"https:\/\/tvtecjundiai.com.br\/news\/wp-json\/wp\/v2\/posts\/83148\/revisions"}],"predecessor-version":[{"id":83153,"href":"https:\/\/tvtecjundiai.com.br\/news\/wp-json\/wp\/v2\/posts\/83148\/revisions\/83153"}],"wp:featuredmedia":[{"embeddable":true,"href":"https:\/\/tvtecjundiai.com.br\/news\/wp-json\/wp\/v2\/media\/83151"}],"wp:attachment":[{"href":"https:\/\/tvtecjundiai.com.br\/news\/wp-json\/wp\/v2\/media?parent=83148"}],"wp:term":[{"taxonomy":"category","embeddable":true,"href":"https:\/\/tvtecjundiai.com.br\/news\/wp-json\/wp\/v2\/categories?post=83148"},{"taxonomy":"post_tag","embeddable":true,"href":"https:\/\/tvtecjundiai.com.br\/news\/wp-json\/wp\/v2\/tags?post=83148"}],"curies":[{"name":"wp","href":"https:\/\/api.w.org\/{rel}","templated":true}]}}