{"id":83154,"date":"2021-10-07T09:06:09","date_gmt":"2021-10-07T12:06:09","guid":{"rendered":"https:\/\/tvtecjundiai.com.br\/news\/?p=83154"},"modified":"2021-10-07T09:06:26","modified_gmt":"2021-10-07T12:06:26","slug":"estudantes-produzem-reportagem-sobre-o-sistema-de-saude-da-cidade-de-jundiai","status":"publish","type":"post","link":"https:\/\/tvtecjundiai.com.br\/news\/2021\/10\/07\/estudantes-produzem-reportagem-sobre-o-sistema-de-saude-da-cidade-de-jundiai\/","title":{"rendered":"Estudantes produzem reportagem sobre o sistema de sa\u00fade da cidade de Jundia\u00ed"},"content":{"rendered":"\n<p>As estudantes Desiere Zaniqueli e Jennifer Tanoue, ambas da Escola Estadual Adib Miguel Haddad, foram recebidas pelo prefeito Luiz Fernando Machado nesta quarta-feira (6), no Pa\u00e7o Municipal, onde apresentaram algumas quest\u00f5es relacionadas \u00e0 sa\u00fade p\u00fablica da cidade. Ambas est\u00e3o participando de um concurso que envolve a produ\u00e7\u00e3o de uma reportagem baseada em um dos 17 ODSs (Objetivos de Desenvolvimento Sustent\u00e1vel), da Agenda 2030 da ONU. No caso delas, a ODS escolhida foi Sa\u00fade e Qualidade de Vida.<\/p>\n\n\n\n<figure class=\"wp-block-image\"><img decoding=\"async\" src=\"https:\/\/jundiai.sp.gov.br\/noticias\/wp-content\/uploads\/sites\/32\/2021\/10\/reuniao_gabinete_alunas_adib_haddad_sustentabilidade-225.jpg\" alt=\"\" class=\"wp-image-277959\" \/><figcaption>O gestor Tiago Texera, as estudantes Jennifer e Desiere e o prefeito Luiz Fernando<\/figcaption><\/figure>\n\n\n\n<p>Luiz Fernando e o gestor de Sa\u00fade, Tiago Texera, responderam aos questionamentos pessoalmente e tamb\u00e9m entregaram as respostas em um documento. \u201cAs estudantes nos abordaram durante a apresenta\u00e7\u00e3o do projeto do Ambulat\u00f3rio de Especialidades M\u00e9dicas e Diagn\u00f3sticos e Pronto Atendimento da Vila Progresso, para moradores do bairro, e fiz quest\u00e3o de receb\u00ea-las para tirar todas as d\u00favidas\u201d, explicou o prefeito. \u201cSa\u00fade sempre ser\u00e1 prioridade em nosso munic\u00edpio. Perceber o interesse sobre os servi\u00e7os \u00e9 um est\u00edmulo para o nosso trabalho.\u201d<\/p>\n\n\n\n<p>\u201cAchei a conversa muito interessante, pois foi poss\u00edvel tirar muitas d\u00favidas\u201d, contou Desiere. \u201cAjudar\u00e1 e muito na produ\u00e7\u00e3o de nossa reportagem.\u201d As estudantes estiveram no gabinete do prefeito na companhia do professor e coordenador pedag\u00f3gico Adelino Zonho e da professora Girlene de Oliveira Fernandes.<\/p>\n\n\n\n<p>\u201cA estrutura de nossa Sa\u00fade tem de ser pensada de maneira sist\u00eamica, com equipes de Sa\u00fade da Fam\u00edlia, equipamentos que fazem atendimento de baixa e m\u00e9dia complexidade e, claro, nossos hospitais, cada um deles cumprindo o seu papel\u201d, declarou Texera. \u201cNo caso do bairro Santa Gertrudes, onde se encontra a escola Adib Miguel Haddad, estamos ampliando a UBS local, que passar\u00e1 a ter o dobro do tamanho.\u201d<\/p>\n\n\n\n<p><em><strong>(Fonte\/Imagem: Prefeitura de Jundia\u00ed)<\/strong><\/em><\/p>\n","protected":false},"excerpt":{"rendered":"<p>Ambas s\u00e3o da Escola Estadual Adib Miguel Haddad<\/p>\n","protected":false},"author":24,"featured_media":83155,"comment_status":"closed","ping_status":"closed","sticky":false,"template":"","format":"standard","meta":{"footnotes":""},"categories":[2828,8356],"tags":[],"class_list":["post-83154","post","type-post","status-publish","format-standard","has-post-thumbnail","hentry","category-educacao","category-jundiai"],"_links":{"self":[{"href":"https:\/\/tvtecjundiai.com.br\/news\/wp-json\/wp\/v2\/posts\/83154","targetHints":{"allow":["GET"]}}],"collection":[{"href":"https:\/\/tvtecjundiai.com.br\/news\/wp-json\/wp\/v2\/posts"}],"about":[{"href":"https:\/\/tvtecjundiai.com.br\/news\/wp-json\/wp\/v2\/types\/post"}],"author":[{"embeddable":true,"href":"https:\/\/tvtecjundiai.com.br\/news\/wp-json\/wp\/v2\/users\/24"}],"replies":[{"embeddable":true,"href":"https:\/\/tvtecjundiai.com.br\/news\/wp-json\/wp\/v2\/comments?post=83154"}],"version-history":[{"count":1,"href":"https:\/\/tvtecjundiai.com.br\/news\/wp-json\/wp\/v2\/posts\/83154\/revisions"}],"predecessor-version":[{"id":83156,"href":"https:\/\/tvtecjundiai.com.br\/news\/wp-json\/wp\/v2\/posts\/83154\/revisions\/83156"}],"wp:featuredmedia":[{"embeddable":true,"href":"https:\/\/tvtecjundiai.com.br\/news\/wp-json\/wp\/v2\/media\/83155"}],"wp:attachment":[{"href":"https:\/\/tvtecjundiai.com.br\/news\/wp-json\/wp\/v2\/media?parent=83154"}],"wp:term":[{"taxonomy":"category","embeddable":true,"href":"https:\/\/tvtecjundiai.com.br\/news\/wp-json\/wp\/v2\/categories?post=83154"},{"taxonomy":"post_tag","embeddable":true,"href":"https:\/\/tvtecjundiai.com.br\/news\/wp-json\/wp\/v2\/tags?post=83154"}],"curies":[{"name":"wp","href":"https:\/\/api.w.org\/{rel}","templated":true}]}}