{"id":83196,"date":"2021-10-07T17:50:42","date_gmt":"2021-10-07T20:50:42","guid":{"rendered":"https:\/\/tvtecjundiai.com.br\/news\/?p=83196"},"modified":"2021-10-07T17:50:50","modified_gmt":"2021-10-07T20:50:50","slug":"ciempi-promove-atelie-para-a-criacao-de-atividades-na-emeb-maria-thereza","status":"publish","type":"post","link":"https:\/\/tvtecjundiai.com.br\/news\/2021\/10\/07\/ciempi-promove-atelie-para-a-criacao-de-atividades-na-emeb-maria-thereza\/","title":{"rendered":"CIEMPI promove ateli\u00ea para a cria\u00e7\u00e3o de atividades na EMEB Maria Thereza"},"content":{"rendered":"\n<p>O Centro Internacional de Estudos, Mem\u00f3rias e Pesquisas da Inf\u00e2ncia (CIEMPI), \u00f3rg\u00e3o ligado \u00e0 Unidade de Gest\u00e3o de Educa\u00e7\u00e3o (UGE), promoveu na \u00faltima quarta-feira (06), um ateli\u00ea na creche, na EMEB Professora Maria Thereza Almeida Pontes e Nogueira. A atividade foi criar contextos, atividades de investiga\u00e7\u00e3o para as crian\u00e7as da unidade escolar. A capacita\u00e7\u00e3o dos educadores \u00e9 um dos pilares da Escola Inovadora.<\/p>\n\n\n\n<p>A partir da forma\u00e7\u00e3o de tr\u00eas encontros, que tiveram in\u00edcio durante as atividades remotas, o grupo se aprofundou no estudo da pesquisa dos beb\u00eas e crian\u00e7as. \u201cIniciamos os encontros remotamente, que foram momentos de troca com toda a equipe. Desse modo, percebemos as necessidades reais e o interesse em criar contextos e tornar a escola um grande ateli\u00ea\u201d, comentou a supervisora Cleane Aparecida dos Santos.<\/p>\n\n\n\n<div class=\"wp-block-image\"><figure class=\"aligncenter size-large\"><img loading=\"lazy\" decoding=\"async\" width=\"1200\" height=\"900\" src=\"https:\/\/tvtecjundiai.com.br\/news\/wp-content\/uploads\/sites\/2\/2021\/10\/emeb-maria-thereza_ciempi-1-1200x900.jpeg\" alt=\"\" class=\"wp-image-83197\" srcset=\"https:\/\/tvtecjundiai.com.br\/news\/wp-content\/uploads\/sites\/2\/2021\/10\/emeb-maria-thereza_ciempi-1-1200x900.jpeg 1200w, https:\/\/tvtecjundiai.com.br\/news\/wp-content\/uploads\/sites\/2\/2021\/10\/emeb-maria-thereza_ciempi-1-300x225.jpeg 300w, https:\/\/tvtecjundiai.com.br\/news\/wp-content\/uploads\/sites\/2\/2021\/10\/emeb-maria-thereza_ciempi-1-768x576.jpeg 768w, https:\/\/tvtecjundiai.com.br\/news\/wp-content\/uploads\/sites\/2\/2021\/10\/emeb-maria-thereza_ciempi-1.jpeg 1280w\" sizes=\"auto, (max-width: 1200px) 100vw, 1200px\" \/><figcaption>Equipe escolar se reuniu para criar contextos, atividades de investiga\u00e7\u00e3o para as crian\u00e7as<\/figcaption><\/figure><\/div>\n\n\n\n<p>Para concluir a s\u00e9rie de encontros, a equipe escolar recebeu a coordenadora do CIEMPI, Miriam Stefanin Vieira Alberti, que atuou junto \u00e0 equipe no planejamento dos contextos de aprendizagem para os beb\u00eas e crian\u00e7as a partir da concep\u00e7\u00e3o da import\u00e2ncia do ateli\u00ea e da arte no fazeres da creche, tornando tamb\u00e9m estas a\u00e7\u00f5es \u201cForam momentos de prazer e criatividade para as equipes, e que exige um tempo na rotina escolar\u201d salienta.<\/p>\n\n\n\n<p>Com a forma\u00e7\u00e3o, os educadores conseguiram aplicar os contextos com as crian\u00e7as que, seguindo a intencionalidade pedag\u00f3gica, trabalharam abordagens de construtividade, ateli\u00ea do sabor, luz e sombra. \u201cO CIEMPI atua no pensamento coletivo do grupo para projetar espa\u00e7os e materiais que possam ser utilizados, levando-se em conta as escolhas para que os estudantes possam interagir com os espa\u00e7os e materiais. \u00c9 ver a escola como um grande ateli\u00ea, seguindo as abordagens de Reggio-Emilia\u201d, lembra a gestora de Educa\u00e7\u00e3o, Vast\u00ed Ferrari Marques.<\/p>\n\n\n\n<div class=\"wp-block-image\"><figure class=\"aligncenter size-large\"><img loading=\"lazy\" decoding=\"async\" width=\"1200\" height=\"741\" src=\"https:\/\/tvtecjundiai.com.br\/news\/wp-content\/uploads\/sites\/2\/2021\/10\/emeb-maria-thereza_ciempi-2-1200x741.jpeg\" alt=\"\" class=\"wp-image-83198\" srcset=\"https:\/\/tvtecjundiai.com.br\/news\/wp-content\/uploads\/sites\/2\/2021\/10\/emeb-maria-thereza_ciempi-2-1200x741.jpeg 1200w, https:\/\/tvtecjundiai.com.br\/news\/wp-content\/uploads\/sites\/2\/2021\/10\/emeb-maria-thereza_ciempi-2-300x185.jpeg 300w, https:\/\/tvtecjundiai.com.br\/news\/wp-content\/uploads\/sites\/2\/2021\/10\/emeb-maria-thereza_ciempi-2-768x474.jpeg 768w, https:\/\/tvtecjundiai.com.br\/news\/wp-content\/uploads\/sites\/2\/2021\/10\/emeb-maria-thereza_ciempi-2.jpeg 1280w\" sizes=\"auto, (max-width: 1200px) 100vw, 1200px\" \/><figcaption>Contexto de luz e sombra j\u00e1 foi realizado com os estudantes<\/figcaption><\/figure><\/div>\n\n\n\n<p>A diretora da EMEB, Cinthia Rizzato, ressaltou que foi um momento rico e proveitoso para a equipe\u00a0 \u201cA proposta formativa de projeta\u00e7\u00e3o dos ateli\u00eas foi muito significativa para a equipe escolar, que colocou em jogo a criatividade, a intencionalidade e o educador brincante que todos o s\u00e3o para planejar, investigar e relan\u00e7ar oportunidades de descobertas, desafios e encantos \u00e0s crian\u00e7as. Estamos felizes com a parceria com o CIEMPI\u201d, disse a educadora.\u00a0<\/p>\n\n\n\n<p><strong><em>(Fonte\/Imagem: Prefeitura de Junia\u00ed)<\/em><\/strong><\/p>\n","protected":false},"excerpt":{"rendered":"<p>A atividade foi criar contextos, atividades de investiga\u00e7\u00e3o para as crian\u00e7as da unidade escolar.<\/p>\n","protected":false},"author":25,"featured_media":83197,"comment_status":"closed","ping_status":"closed","sticky":false,"template":"","format":"standard","meta":{"footnotes":""},"categories":[2828,1],"tags":[],"class_list":["post-83196","post","type-post","status-publish","format-standard","has-post-thumbnail","hentry","category-educacao","category-noticias"],"_links":{"self":[{"href":"https:\/\/tvtecjundiai.com.br\/news\/wp-json\/wp\/v2\/posts\/83196","targetHints":{"allow":["GET"]}}],"collection":[{"href":"https:\/\/tvtecjundiai.com.br\/news\/wp-json\/wp\/v2\/posts"}],"about":[{"href":"https:\/\/tvtecjundiai.com.br\/news\/wp-json\/wp\/v2\/types\/post"}],"author":[{"embeddable":true,"href":"https:\/\/tvtecjundiai.com.br\/news\/wp-json\/wp\/v2\/users\/25"}],"replies":[{"embeddable":true,"href":"https:\/\/tvtecjundiai.com.br\/news\/wp-json\/wp\/v2\/comments?post=83196"}],"version-history":[{"count":1,"href":"https:\/\/tvtecjundiai.com.br\/news\/wp-json\/wp\/v2\/posts\/83196\/revisions"}],"predecessor-version":[{"id":83199,"href":"https:\/\/tvtecjundiai.com.br\/news\/wp-json\/wp\/v2\/posts\/83196\/revisions\/83199"}],"wp:featuredmedia":[{"embeddable":true,"href":"https:\/\/tvtecjundiai.com.br\/news\/wp-json\/wp\/v2\/media\/83197"}],"wp:attachment":[{"href":"https:\/\/tvtecjundiai.com.br\/news\/wp-json\/wp\/v2\/media?parent=83196"}],"wp:term":[{"taxonomy":"category","embeddable":true,"href":"https:\/\/tvtecjundiai.com.br\/news\/wp-json\/wp\/v2\/categories?post=83196"},{"taxonomy":"post_tag","embeddable":true,"href":"https:\/\/tvtecjundiai.com.br\/news\/wp-json\/wp\/v2\/tags?post=83196"}],"curies":[{"name":"wp","href":"https:\/\/api.w.org\/{rel}","templated":true}]}}