{"id":83234,"date":"2021-10-08T14:33:01","date_gmt":"2021-10-08T17:33:01","guid":{"rendered":"https:\/\/tvtecjundiai.com.br\/news\/?p=83234"},"modified":"2021-10-08T14:33:18","modified_gmt":"2021-10-08T17:33:18","slug":"educadores-da-rede-municipal-participam-de-curso-de-primeiros-socorros-da-fmjunior","status":"publish","type":"post","link":"https:\/\/tvtecjundiai.com.br\/news\/2021\/10\/08\/educadores-da-rede-municipal-participam-de-curso-de-primeiros-socorros-da-fmjunior\/","title":{"rendered":"Educadores da rede municipal participam de curso de primeiros socorros da FMJ\u00fanior"},"content":{"rendered":"\n<p>Tornar as escolas da rede municipal de Jundia\u00ed um lugar mais seguro em eventuais ocorr\u00eancias emergenciais, esse \u00e9 o objetivo do Curso de Primeiros Socorros, para diretores da rede municipal de ensino, promovido pela FMJ\u00fanior, apoiada pela Faculdade de Medicina de Jundia\u00ed, em parceria com a Unidade de Gest\u00e3o de Educa\u00e7\u00e3o (UGE) e articula\u00e7\u00e3o da Rede Jundia\u00ed de Coopera\u00e7\u00e3o, vinculada \u00e0 Unidade de Gest\u00e3o de Governo e Finan\u00e7as (UGGF), que teve in\u00edcio nesta sexta-feira (8).<\/p>\n\n\n\n<p>A abertura oficial do curso contou com a presen\u00e7a do gestor de Governo e Finan\u00e7as, Jos\u00e9 Antonio Parimoschi, da gestora de Educa\u00e7\u00e3o, Vast\u00ed Ferrari Marques, do diretor da Faculdade de Medicina de Jundia\u00ed (FMJ), Evaldo Marchi e do CEO da FMJ\u00fanior, Guilherme Bellato, diretora da Rede Jundia\u00ed de Coopera\u00e7\u00e3o, Daniele Ruiz e diretora do Departamento de Forma\u00e7\u00e3o da UGE, Silvia Magalh\u00e3es.<\/p>\n\n\n\n<figure class=\"wp-block-image\"><img decoding=\"async\" src=\"https:\/\/jundiai.sp.gov.br\/noticias\/wp-content\/uploads\/sites\/32\/2021\/10\/curso-primeiros-socorros-educacao_c_-33.jpg\" alt=\"\" class=\"wp-image-278153\" \/><figcaption>Guilherme ministrou o curso para os educadores<\/figcaption><\/figure>\n\n\n\n<p>Participam do curso 200 diretores, coordenadores e assistentes de escolas do Ensino Fundamental da rede municipal, divididos em duas turmas. Dentre os temas abordados, os participantes aprendem sobre parada cardiorrespirat\u00f3ria, engasgos, crises convulsivas e queimaduras. Os educadores treinam manobras de salvamento em manequins com sensores, o que aprimora a t\u00e9cnica aprendida.&nbsp;<\/p>\n\n\n\n<p>\u201cA FMJ \u00e9 um celeiro de conhecimento. Esse curso \u00e9 de grande import\u00e2ncia para ajudar os profissionais de educa\u00e7\u00e3o em momentos para o salvamento de vidas. Jundia\u00ed \u00e9 uma boa cidade porque tem pessoas comprometidas em colaborar na resolu\u00e7\u00e3o de problemas, exemplo \u00e9 o Guilherme, que teve a ideia de promover essa capacita\u00e7\u00e3o pela FMJ\u00fanior\u201d, afirmou Parimoschi.<\/p>\n\n\n\n<p>O objetivo \u00e9 que as escolas de Jundia\u00ed sejam lugares cada vez mais seguros e que, na eventualidade da ocorr\u00eancia de alguma emerg\u00eancia, profissionais estejam capacitados para fazer um primeiro atendimento. \u201cA escola \u00e9 um \u00f3rg\u00e3o vivo e essa parceria da Escola Inovadora com a FMJ\u00fanior s\u00f3 tem a somar. Aprender sobre como atuar em uma eventual situa\u00e7\u00e3o de emerg\u00eancia \u00e9 primordial para ajudar as crian\u00e7as bem pequenas, como tamb\u00e9m outros profissionais at\u00e9 conseguir chamar o atendimento especializado\u201d, lembrou a gestora de Educa\u00e7\u00e3o, Vast\u00ed.<\/p>\n\n\n\n<figure class=\"wp-block-image\"><img decoding=\"async\" src=\"https:\/\/jundiai.sp.gov.br\/noticias\/wp-content\/uploads\/sites\/32\/2021\/10\/curso-primeiros-socorros-educacao_c_-4.jpg\" alt=\"\" class=\"wp-image-278154\" \/><figcaption>Evaldo, Vast\u00ed, Guilherme e Parimoshi estiveram presentes na abertura do curso<\/figcaption><\/figure>\n\n\n\n<p>Para Guilherme Bellato, idealizador e fundador da empresa, \u201cNossa miss\u00e3o \u00e9 disseminar o conhecimento correto, ensinar as pessoas a saberem o que fazer e o que n\u00e3o fazer em determinadas situa\u00e7\u00f5es de emerg\u00eancia, enquanto o atendimento especializado n\u00e3o chega. O foco \u00e9 reduzir o n\u00famero de mortes evit\u00e1veis\u201d, comentou.<\/p>\n\n\n\n<p>Para o Dr. Evaldo Marchi, diretor da FMJ: \u201cEsse projeto da empresa j\u00fanior representa a concretiza\u00e7\u00e3o do empreendedorismo dentro da FMJ. Uma empresa organizada por alunos, assistida pela faculdade, possibilitando que as escolas tornem-se mais seguras\u201d.<\/p>\n\n\n\n<p>Diretores e educadores estavam com os olhos fixos e aten\u00e7\u00e3o totalmente voltada para as explica\u00e7\u00f5es. \u201cJ\u00e1 fiz muitos com essa abordagem, mas esse foi o melhor, pois a parte te\u00f3rica foi r\u00e1pida e a parte pr\u00e1tica foi realmente m\u00e3o na massa. Agora vou passar para a equipe escolar\u201d, comentou a diretora da EMEB Cl\u00e9o Nogueira Barbosa, Lisandra Santos.<\/p>\n\n\n\n<figure class=\"wp-block-image\"><img decoding=\"async\" src=\"https:\/\/jundiai.sp.gov.br\/noticias\/wp-content\/uploads\/sites\/32\/2021\/10\/curso-primeiros-socorros-educacao_c_-89.jpg\" alt=\"Mulher morena, com blusa branca e cal\u00e7a preta, est\u00e1 com um boneco nos bra\u00e7os, simulando manobra para desengasgue. \" class=\"wp-image-278150\" \/><figcaption>Lisandra aprovou a parte pr\u00e1tica do curso de primeiros socorros<\/figcaption><\/figure>\n\n\n\n<p>A empresa j\u00fanior j\u00e1 treinou funcion\u00e1rios do DAE Jundia\u00ed, do Mundo das Crian\u00e7as, do Parque da Cidade e da pr\u00f3pria Faculdade de Medicina de Jundia\u00ed e proporciona uma experi\u00eancia real\u00edstica em suas capacita\u00e7\u00f5es.&nbsp;<\/p>\n\n\n\n<p>O curso se repetir\u00e1 no dia 22 de outubro,\u00a0 com a segunda turma, com mais 100 educadores de escolas do Ensino Fundamental.<\/p>\n\n\n\n<p><em><strong>(Fonte\/Imagem: Prefeitura de Jundia\u00ed)<\/strong><\/em><\/p>\n","protected":false},"excerpt":{"rendered":"<p>O curso se repetir\u00e1 no dia 22 de outubro,\u00a0 com a segunda turma, com mais 100 educadores.<\/p>\n","protected":false},"author":27,"featured_media":83235,"comment_status":"closed","ping_status":"closed","sticky":false,"template":"","format":"standard","meta":{"footnotes":""},"categories":[8356],"tags":[],"class_list":["post-83234","post","type-post","status-publish","format-standard","has-post-thumbnail","hentry","category-jundiai"],"_links":{"self":[{"href":"https:\/\/tvtecjundiai.com.br\/news\/wp-json\/wp\/v2\/posts\/83234","targetHints":{"allow":["GET"]}}],"collection":[{"href":"https:\/\/tvtecjundiai.com.br\/news\/wp-json\/wp\/v2\/posts"}],"about":[{"href":"https:\/\/tvtecjundiai.com.br\/news\/wp-json\/wp\/v2\/types\/post"}],"author":[{"embeddable":true,"href":"https:\/\/tvtecjundiai.com.br\/news\/wp-json\/wp\/v2\/users\/27"}],"replies":[{"embeddable":true,"href":"https:\/\/tvtecjundiai.com.br\/news\/wp-json\/wp\/v2\/comments?post=83234"}],"version-history":[{"count":1,"href":"https:\/\/tvtecjundiai.com.br\/news\/wp-json\/wp\/v2\/posts\/83234\/revisions"}],"predecessor-version":[{"id":83236,"href":"https:\/\/tvtecjundiai.com.br\/news\/wp-json\/wp\/v2\/posts\/83234\/revisions\/83236"}],"wp:featuredmedia":[{"embeddable":true,"href":"https:\/\/tvtecjundiai.com.br\/news\/wp-json\/wp\/v2\/media\/83235"}],"wp:attachment":[{"href":"https:\/\/tvtecjundiai.com.br\/news\/wp-json\/wp\/v2\/media?parent=83234"}],"wp:term":[{"taxonomy":"category","embeddable":true,"href":"https:\/\/tvtecjundiai.com.br\/news\/wp-json\/wp\/v2\/categories?post=83234"},{"taxonomy":"post_tag","embeddable":true,"href":"https:\/\/tvtecjundiai.com.br\/news\/wp-json\/wp\/v2\/tags?post=83234"}],"curies":[{"name":"wp","href":"https:\/\/api.w.org\/{rel}","templated":true}]}}