{"id":83324,"date":"2021-10-11T08:54:31","date_gmt":"2021-10-11T11:54:31","guid":{"rendered":"https:\/\/tvtecjundiai.com.br\/news\/?p=83324"},"modified":"2021-10-11T08:54:36","modified_gmt":"2021-10-11T11:54:36","slug":"vacinacao-contra-covid-991-milhoes-de-brasileiros-estao-totalmente-imunizados","status":"publish","type":"post","link":"https:\/\/tvtecjundiai.com.br\/news\/2021\/10\/11\/vacinacao-contra-covid-991-milhoes-de-brasileiros-estao-totalmente-imunizados\/","title":{"rendered":"Vacina\u00e7\u00e3o contra Covid: 99,1 milh\u00f5es de brasileiros est\u00e3o totalmente imunizados"},"content":{"rendered":"\n<p>O Brasil tem\u00a099.189.553 pessoas que tomaram a segunda dose ou a dose \u00fanica de imunizantes contra Covid-19, o que equivale a 46,5% da popula\u00e7\u00e3o com o esquema vacinal completo, segundo dados do cons\u00f3rcio de ve\u00edculos de imprensa divulgados \u00e0s 20h deste domingo (10).<\/p>\n\n\n\n<figure class=\"wp-block-image size-large\"><img loading=\"lazy\" decoding=\"async\" width=\"1200\" height=\"800\" src=\"https:\/\/tvtecjundiai.com.br\/news\/wp-content\/uploads\/sites\/2\/2021\/10\/vacinacao-covid-19-d2-no-parque-da-uva_c_-123-1200x800.jpg\" alt=\"\" class=\"wp-image-83325\" srcset=\"https:\/\/tvtecjundiai.com.br\/news\/wp-content\/uploads\/sites\/2\/2021\/10\/vacinacao-covid-19-d2-no-parque-da-uva_c_-123-1200x800.jpg 1200w, https:\/\/tvtecjundiai.com.br\/news\/wp-content\/uploads\/sites\/2\/2021\/10\/vacinacao-covid-19-d2-no-parque-da-uva_c_-123-300x200.jpg 300w, https:\/\/tvtecjundiai.com.br\/news\/wp-content\/uploads\/sites\/2\/2021\/10\/vacinacao-covid-19-d2-no-parque-da-uva_c_-123-768x512.jpg 768w, https:\/\/tvtecjundiai.com.br\/news\/wp-content\/uploads\/sites\/2\/2021\/10\/vacinacao-covid-19-d2-no-parque-da-uva_c_-123.jpg 1230w\" sizes=\"auto, (max-width: 1200px) 100vw, 1200px\" \/><figcaption>Somando a primeira, a segunda, a dose \u00fanica e a dose de refor\u00e7o, pa\u00eds aplicou 250.903.202 doses desde o come\u00e7o da vacina\u00e7\u00e3o<\/figcaption><\/figure>\n\n\n\n<p>Os que tomaram a primeira dose e est\u00e3o parcialmente imunizados s\u00e3o 149.368.880 pessoas, o que corresponde a 70,02% da popula\u00e7\u00e3o. J\u00e1 a dose de refor\u00e7o foi aplicada em 2.344.769 de pessoas.<\/p>\n\n\n\n<p>Somando a primeira dose, a segunda, a \u00fanica e a de refor\u00e7o,\u00a0s\u00e3o 250.903.202 doses aplicadas desde o come\u00e7o da vacina\u00e7\u00e3o, em janeiro de 2021.<\/p>\n\n\n\n<p>Os estados com maior porcentagem da popula\u00e7\u00e3o totalmente imunizada (com segunda dose ou dose \u00fanica) at\u00e9 este domingo s\u00e3o: S\u00e3o Paulo (60,88%), Mato Grosso do Sul (60,06%) e Rio Grande do Sul (52,98%).<\/p>\n\n\n\n<p><em>(Fonte: G1 \/ Imagem: Prefeitura de Jundia\u00ed)<\/em><\/p>\n","protected":false},"excerpt":{"rendered":"<p>Somando a primeira, a segunda, a dose \u00fanica e a dose de refor\u00e7o, pa\u00eds aplicou 250.903.202 doses desde o come\u00e7o da vacina\u00e7\u00e3o<\/p>\n","protected":false},"author":17,"featured_media":83325,"comment_status":"closed","ping_status":"closed","sticky":false,"template":"","format":"standard","meta":{"footnotes":""},"categories":[2834,1,2839],"tags":[1903,6242,47],"class_list":["post-83324","post","type-post","status-publish","format-standard","has-post-thumbnail","hentry","category-cidades","category-noticias","category-saude","tag-brasil","tag-coronavirus","tag-vacinacao"],"_links":{"self":[{"href":"https:\/\/tvtecjundiai.com.br\/news\/wp-json\/wp\/v2\/posts\/83324","targetHints":{"allow":["GET"]}}],"collection":[{"href":"https:\/\/tvtecjundiai.com.br\/news\/wp-json\/wp\/v2\/posts"}],"about":[{"href":"https:\/\/tvtecjundiai.com.br\/news\/wp-json\/wp\/v2\/types\/post"}],"author":[{"embeddable":true,"href":"https:\/\/tvtecjundiai.com.br\/news\/wp-json\/wp\/v2\/users\/17"}],"replies":[{"embeddable":true,"href":"https:\/\/tvtecjundiai.com.br\/news\/wp-json\/wp\/v2\/comments?post=83324"}],"version-history":[{"count":1,"href":"https:\/\/tvtecjundiai.com.br\/news\/wp-json\/wp\/v2\/posts\/83324\/revisions"}],"predecessor-version":[{"id":83326,"href":"https:\/\/tvtecjundiai.com.br\/news\/wp-json\/wp\/v2\/posts\/83324\/revisions\/83326"}],"wp:featuredmedia":[{"embeddable":true,"href":"https:\/\/tvtecjundiai.com.br\/news\/wp-json\/wp\/v2\/media\/83325"}],"wp:attachment":[{"href":"https:\/\/tvtecjundiai.com.br\/news\/wp-json\/wp\/v2\/media?parent=83324"}],"wp:term":[{"taxonomy":"category","embeddable":true,"href":"https:\/\/tvtecjundiai.com.br\/news\/wp-json\/wp\/v2\/categories?post=83324"},{"taxonomy":"post_tag","embeddable":true,"href":"https:\/\/tvtecjundiai.com.br\/news\/wp-json\/wp\/v2\/tags?post=83324"}],"curies":[{"name":"wp","href":"https:\/\/api.w.org\/{rel}","templated":true}]}}