{"id":83334,"date":"2021-10-11T09:37:51","date_gmt":"2021-10-11T12:37:51","guid":{"rendered":"https:\/\/tvtecjundiai.com.br\/news\/?p=83334"},"modified":"2021-10-11T09:37:59","modified_gmt":"2021-10-11T12:37:59","slug":"dae-convoca-moradores-do-balsan-para-solicitar-ligacoes-de-agua-e-esgoto","status":"publish","type":"post","link":"https:\/\/tvtecjundiai.com.br\/news\/2021\/10\/11\/dae-convoca-moradores-do-balsan-para-solicitar-ligacoes-de-agua-e-esgoto\/","title":{"rendered":"DAE convoca moradores do Balsan para solicitar liga\u00e7\u00f5es de \u00e1gua e esgoto"},"content":{"rendered":"\n<p>A equipe da Diretoria Comercial da DAE Jundia\u00ed vai atender moradores no Loteamento Balsan, nos pr\u00f3ximos dias 16 e 17 de outubro (s\u00e1bado e domingo), para que possam solicitar as liga\u00e7\u00f5es de \u00e1gua e esgoto. Um posto tempor\u00e1rio da empresa ser\u00e1 montado no Centro Comunit\u00e1rio localizado na rua da Mina, n\u00famero 365. Em ambos os dias, a unidade vai funcionar das 9 \u00e0s 16h30.<\/p>\n\n\n\n<figure class=\"wp-block-image size-full\"><img loading=\"lazy\" decoding=\"async\" width=\"768\" height=\"512\" src=\"https:\/\/tvtecjundiai.com.br\/news\/wp-content\/uploads\/sites\/2\/2021\/10\/ligacao-de-agua-e-esgoto_balsan-2-768x512-1.jpg\" alt=\"\" class=\"wp-image-83335\" srcset=\"https:\/\/tvtecjundiai.com.br\/news\/wp-content\/uploads\/sites\/2\/2021\/10\/ligacao-de-agua-e-esgoto_balsan-2-768x512-1.jpg 768w, https:\/\/tvtecjundiai.com.br\/news\/wp-content\/uploads\/sites\/2\/2021\/10\/ligacao-de-agua-e-esgoto_balsan-2-768x512-1-300x200.jpg 300w\" sizes=\"auto, (max-width: 768px) 100vw, 768px\" \/><figcaption>Posto tempor\u00e1rio da DAE ser\u00e1 montado no Centro Comunit\u00e1rio, na rua da Mina. Moradores devem apresentar documentos pessoais e preencher o formul\u00e1rio da DAE<\/figcaption><\/figure>\n\n\n\n<p>Com a conclus\u00e3o das obras, a rede antiga ser\u00e1 desativada. Um folder com as informa\u00e7\u00f5es ser\u00e1 entregue na regi\u00e3o, por onde tamb\u00e9m passar\u00e1 um carro de som avisando sobre o atendimento da DAE.<\/p>\n\n\n\n<p>Para fazer o pedido de liga\u00e7\u00e3o, basta que os moradores apresentem documentos pessoais e preencham o cadastro. Ap\u00f3s 30 dias de funcionamento da liga\u00e7\u00e3o, a conta de \u00e1gua ser\u00e1 emitida.<\/p>\n\n\n\n<p>\u201cNosso objetivo \u00e9 ajudar os moradores a conclu\u00edrem este processo, para que possam contar com \u00e1gua tratada na torneira de casa, sabendo tamb\u00e9m que o esgoto vai ter o destino correto. Este \u00e9 um benef\u00edcio que a DAE est\u00e1 realizando, mas a popula\u00e7\u00e3o tem que fazer a sua parte, que \u00e9 pedir a liga\u00e7\u00e3o\u201d, afirma o diretor Comercial e Financeiro da DAE, Benedito Nogueira.<\/p>\n\n\n\n<p>Morador no bairro desde que nasceu, o l\u00edder de opera\u00e7\u00f5es log\u00edsticas Jo\u00e3o Batista Soares Junior, 28 anos, afirma que esta a\u00e7\u00e3o vai al\u00e9m da \u00e1gua e esgoto. \u201cAl\u00e9m de termos acesso ao saneamento, que \u00e9 uma quest\u00e3o de sa\u00fade, ter a conta de \u00e1gua significa conquistar cidadania. Agora teremos um endere\u00e7o, um CEP. \u00c9 o come\u00e7o de tudo\u201d, comemora.<\/p>\n\n\n\n<p><\/p>\n\n\n\n<p><strong>Benef\u00edcio<\/strong> <\/p>\n\n\n\n<figure class=\"wp-block-image size-full\"><img loading=\"lazy\" decoding=\"async\" width=\"768\" height=\"512\" src=\"https:\/\/tvtecjundiai.com.br\/news\/wp-content\/uploads\/sites\/2\/2021\/10\/ligacao-de-agua-e-esgoto_balsan-1-768x512-1.jpg\" alt=\"\" class=\"wp-image-83336\" srcset=\"https:\/\/tvtecjundiai.com.br\/news\/wp-content\/uploads\/sites\/2\/2021\/10\/ligacao-de-agua-e-esgoto_balsan-1-768x512-1.jpg 768w, https:\/\/tvtecjundiai.com.br\/news\/wp-content\/uploads\/sites\/2\/2021\/10\/ligacao-de-agua-e-esgoto_balsan-1-768x512-1-300x200.jpg 300w\" sizes=\"auto, (max-width: 768px) 100vw, 768px\" \/><figcaption>Obras foram realizadas em Jundia\u00ed e V\u00e1rzea Paulista, beneficiando mais de mil fam\u00edlias. Rede antiga de \u00e1gua ser\u00e1 desativada<\/figcaption><\/figure>\n\n\n\n<p>No total, 6.545 metros de adutoras, redes de \u00e1gua e redes coletoras de esgoto foram implantados pela DAE e a Prefeitura de Jundia\u00ed no Balsan. Em Jundia\u00ed, a obra ocorreu nos bairros Jardim Tamoio, Balsan e Baixada do Paran\u00e1; em V\u00e1rzea Paulista, dentro do Loteamento Balsan. O investimento \u00e9 de R$ 4,3 milh\u00f5es.<\/p>\n\n\n\n<p>O saneamento na regi\u00e3o saiu do papel gra\u00e7as \u00e0 assinatura de um Termo de Ajustamento de Conduta (TAC), firmado entre o Minist\u00e9rio P\u00fablico e as Prefeituras de Jundia\u00ed e V\u00e1rzea Paulista, com anu\u00eancia da Sabesp. O TAC ainda prev\u00ea que ser\u00e1 alterado o limite de munic\u00edpios, passando a \u00e1rea do Loteamento Balsan em V\u00e1rzea Paulista para Jundia\u00ed, ap\u00f3s aprova\u00e7\u00e3o das respectivas C\u00e2maras Municipais e da Assembleia Legislativa do Estado de S\u00e3o Paulo.<\/p>\n\n\n\n<p>Em caso de d\u00favidas, os mun\u00edcipes podem entrar em contato com a Central de Relacionamento da DAE, pelo 08000 133 155.<\/p>\n\n\n\n<p><\/p>\n\n\n\n<p><em>Fonte\/Imagem: Dae Jundia\u00ed<\/em> <\/p>\n","protected":false},"excerpt":{"rendered":"<p>Para fazer o pedido de liga\u00e7\u00e3o, basta que os moradores apresentem documentos pessoais e preencham o cadastro<\/p>\n","protected":false},"author":17,"featured_media":83336,"comment_status":"closed","ping_status":"closed","sticky":false,"template":"","format":"standard","meta":{"footnotes":""},"categories":[5860],"tags":[],"class_list":["post-83334","post","type-post","status-publish","format-standard","has-post-thumbnail","hentry","category-saneamento"],"_links":{"self":[{"href":"https:\/\/tvtecjundiai.com.br\/news\/wp-json\/wp\/v2\/posts\/83334","targetHints":{"allow":["GET"]}}],"collection":[{"href":"https:\/\/tvtecjundiai.com.br\/news\/wp-json\/wp\/v2\/posts"}],"about":[{"href":"https:\/\/tvtecjundiai.com.br\/news\/wp-json\/wp\/v2\/types\/post"}],"author":[{"embeddable":true,"href":"https:\/\/tvtecjundiai.com.br\/news\/wp-json\/wp\/v2\/users\/17"}],"replies":[{"embeddable":true,"href":"https:\/\/tvtecjundiai.com.br\/news\/wp-json\/wp\/v2\/comments?post=83334"}],"version-history":[{"count":1,"href":"https:\/\/tvtecjundiai.com.br\/news\/wp-json\/wp\/v2\/posts\/83334\/revisions"}],"predecessor-version":[{"id":83337,"href":"https:\/\/tvtecjundiai.com.br\/news\/wp-json\/wp\/v2\/posts\/83334\/revisions\/83337"}],"wp:featuredmedia":[{"embeddable":true,"href":"https:\/\/tvtecjundiai.com.br\/news\/wp-json\/wp\/v2\/media\/83336"}],"wp:attachment":[{"href":"https:\/\/tvtecjundiai.com.br\/news\/wp-json\/wp\/v2\/media?parent=83334"}],"wp:term":[{"taxonomy":"category","embeddable":true,"href":"https:\/\/tvtecjundiai.com.br\/news\/wp-json\/wp\/v2\/categories?post=83334"},{"taxonomy":"post_tag","embeddable":true,"href":"https:\/\/tvtecjundiai.com.br\/news\/wp-json\/wp\/v2\/tags?post=83334"}],"curies":[{"name":"wp","href":"https:\/\/api.w.org\/{rel}","templated":true}]}}