{"id":83353,"date":"2021-10-11T14:56:57","date_gmt":"2021-10-11T17:56:57","guid":{"rendered":"https:\/\/tvtecjundiai.com.br\/news\/?p=83353"},"modified":"2021-10-11T15:01:50","modified_gmt":"2021-10-11T18:01:50","slug":"ugmt-cria-nova-linha-entre-os-terminais-hortolandia-e-vila-arens","status":"publish","type":"post","link":"https:\/\/tvtecjundiai.com.br\/news\/2021\/10\/11\/ugmt-cria-nova-linha-entre-os-terminais-hortolandia-e-vila-arens\/","title":{"rendered":"UGMT cria nova linha entre os terminais Hortol\u00e2ndia e Vila Arens"},"content":{"rendered":"\n<p>A partir da pr\u00f3xima quarta-feira (13), a Unidade Gest\u00e3o de Mobilidade e Transporte (UGMT) coloca em opera\u00e7\u00e3o a nova Linha 970, que liga os terminais Hortol\u00e2ndia e Vila Arens. O objetivo \u00e9 trazer mais op\u00e7\u00f5es ao usu\u00e1rio e fortalecer o trecho que tem em seu itiner\u00e1rio a avenida Uni\u00e3o dos Ferrovi\u00e1rios.<\/p>\n\n\n\n<figure class=\"wp-block-image size-full\"><img loading=\"lazy\" decoding=\"async\" width=\"768\" height=\"510\" src=\"https:\/\/tvtecjundiai.com.br\/news\/wp-content\/uploads\/sites\/2\/2021\/10\/terminal-vila-arens-29-768x510-1.jpg\" alt=\"\" class=\"wp-image-83354\" srcset=\"https:\/\/tvtecjundiai.com.br\/news\/wp-content\/uploads\/sites\/2\/2021\/10\/terminal-vila-arens-29-768x510-1.jpg 768w, https:\/\/tvtecjundiai.com.br\/news\/wp-content\/uploads\/sites\/2\/2021\/10\/terminal-vila-arens-29-768x510-1-300x199.jpg 300w\" sizes=\"auto, (max-width: 768px) 100vw, 768px\" \/><figcaption>\u00d4nibus sai do Terminal Vila Arens; a partir do dia 13, nova linha entra em opera\u00e7\u00e3o para fazer trajeto at\u00e9 Terminal Hortol\u00e2ndia<\/figcaption><\/figure>\n\n\n\n<p>A nova linha \u00e9 necess\u00e1ria devido \u00e0 grande utiliza\u00e7\u00e3o de outra linha, a 961, por usu\u00e1rios que se deslocam para as regi\u00f5es industriais e fazem conex\u00e3o no Terminal Hortol\u00e2ndia, o que tem levado a mais partidas em hor\u00e1rios de grande movimento.<\/p>\n\n\n\n<p>Essa a\u00e7\u00e3o \u00e9 resultado do trabalho de intelig\u00eancia das equipes da UGMT, que planejam, monitoram e fiscalizam os deslocamentos dos usu\u00e1rios pelos corredores que ligam os terminais, com o intuito de proporcionar maior mobilidade.<\/p>\n\n\n\n<p>As equipes da UGMT ir\u00e3o manter o monitoramento da linha a partir de quarta-feira, para garantir o resultado da implanta\u00e7\u00e3o. As novas tabelas com os hor\u00e1rios estar\u00e3o dispon\u00edveis no&nbsp;<a rel=\"noreferrer noopener\" href=\"http:\/\/www.jundiai.sp.gov.br\/\" target=\"_blank\">Portal da Prefeitura de Jundia\u00ed<\/a>.<\/p>\n\n\n\n<p><em>Fonte\/Imagem: Prefeitura de Jundia\u00ed<\/em> <\/p>\n","protected":false},"excerpt":{"rendered":"<p>Nova linha \u00e9 necess\u00e1ria devido \u00e0 grande utiliza\u00e7\u00e3o de outra linha, a 961, o que tem levado a mais partidas em hor\u00e1rios de grande movimento<\/p>\n","protected":false},"author":17,"featured_media":83354,"comment_status":"closed","ping_status":"closed","sticky":false,"template":"","format":"standard","meta":{"footnotes":""},"categories":[5697],"tags":[],"class_list":["post-83353","post","type-post","status-publish","format-standard","has-post-thumbnail","hentry","category-mobilidade-noticias"],"_links":{"self":[{"href":"https:\/\/tvtecjundiai.com.br\/news\/wp-json\/wp\/v2\/posts\/83353","targetHints":{"allow":["GET"]}}],"collection":[{"href":"https:\/\/tvtecjundiai.com.br\/news\/wp-json\/wp\/v2\/posts"}],"about":[{"href":"https:\/\/tvtecjundiai.com.br\/news\/wp-json\/wp\/v2\/types\/post"}],"author":[{"embeddable":true,"href":"https:\/\/tvtecjundiai.com.br\/news\/wp-json\/wp\/v2\/users\/17"}],"replies":[{"embeddable":true,"href":"https:\/\/tvtecjundiai.com.br\/news\/wp-json\/wp\/v2\/comments?post=83353"}],"version-history":[{"count":2,"href":"https:\/\/tvtecjundiai.com.br\/news\/wp-json\/wp\/v2\/posts\/83353\/revisions"}],"predecessor-version":[{"id":83360,"href":"https:\/\/tvtecjundiai.com.br\/news\/wp-json\/wp\/v2\/posts\/83353\/revisions\/83360"}],"wp:featuredmedia":[{"embeddable":true,"href":"https:\/\/tvtecjundiai.com.br\/news\/wp-json\/wp\/v2\/media\/83354"}],"wp:attachment":[{"href":"https:\/\/tvtecjundiai.com.br\/news\/wp-json\/wp\/v2\/media?parent=83353"}],"wp:term":[{"taxonomy":"category","embeddable":true,"href":"https:\/\/tvtecjundiai.com.br\/news\/wp-json\/wp\/v2\/categories?post=83353"},{"taxonomy":"post_tag","embeddable":true,"href":"https:\/\/tvtecjundiai.com.br\/news\/wp-json\/wp\/v2\/tags?post=83353"}],"curies":[{"name":"wp","href":"https:\/\/api.w.org\/{rel}","templated":true}]}}