{"id":83371,"date":"2021-10-12T16:19:47","date_gmt":"2021-10-12T19:19:47","guid":{"rendered":"https:\/\/tvtecjundiai.com.br\/news\/?p=83371"},"modified":"2021-10-12T16:19:53","modified_gmt":"2021-10-12T19:19:53","slug":"dia-das-criancas-no-complexo-fepasa-tem-animacao-o-dia-todo","status":"publish","type":"post","link":"https:\/\/tvtecjundiai.com.br\/news\/2021\/10\/12\/dia-das-criancas-no-complexo-fepasa-tem-animacao-o-dia-todo\/","title":{"rendered":"Dia das Crian\u00e7as no Complexo Fepasa tem anima\u00e7\u00e3o o dia todo"},"content":{"rendered":"\n<p>M\u00fasica, alegria e agita\u00e7\u00e3o marcaram a manh\u00e3 do Complexo Fepasa, em Jundia\u00ed. As atividades em comemora\u00e7\u00e3o ao Dia das Crian\u00e7as prosseguem at\u00e9 o per\u00edodo da tarde, com apresenta\u00e7\u00f5es e oficinas para crian\u00e7as e fam\u00edlias. N\u00e3o h\u00e1 necessidade de agendamento pr\u00e9vio, contudo, a organiza\u00e7\u00e3o da Unidade de Gest\u00e3o de Cultura (UGC) mant\u00e9m os cuidados preventivos exigidos pela pandemia da COVID-19.<\/p>\n\n\n\n<p>Tha\u00eds Cespedes, administradora de empresas, levou o filho Bernardo, 5 anos, para passar a manh\u00e3 no Complexo Fepasa se divertindo e comemorando o Dia das Crian\u00e7as com as atividades culturais gratuitas. \u201cA musicaliza\u00e7\u00e3o \u00e9 ferramenta de desenvolvimento fant\u00e1stica para as crian\u00e7as. A oficina foi um espet\u00e1culo\u201d, comentou a m\u00e3e, enquanto deixava a Sala dos Rel\u00f3gios para ir at\u00e9 a Sala Jundia\u00ed, onde acompanhou a apresenta\u00e7\u00e3o da palha\u00e7a Rubra, atra\u00e7\u00e3o que chega a Jundia\u00ed pelo Projeto \u201cCircuito SP On-Line\u201d, da Secretaria de Cultura e Economia Criativa do Estado de S\u00e3o Paulo.<\/p>\n\n\n\n<figure class=\"wp-block-image\"><img decoding=\"async\" src=\"https:\/\/jundiai.sp.gov.br\/noticias\/wp-content\/uploads\/sites\/32\/2021\/10\/dia-das-criancas-no-complexo-fepasa_c_-127.jpg\" alt=\"\" class=\"wp-image-278337\" \/><figcaption>Palha\u00e7a Rubra encantou a plateia com m\u00fasicas e brincadeiras<\/figcaption><\/figure>\n\n\n\n<p>A atividade tamb\u00e9m foi transmitida ao vivo pelas redes sociais da Cultura no&nbsp;<a rel=\"noreferrer noopener\" href=\"https:\/\/www.facebook.com\/culturajundiai\" target=\"_blank\">Facebook<\/a>&nbsp;e no&nbsp;<a rel=\"noreferrer noopener\" href=\"https:\/\/www.youtube.com\/c\/CulturaJundia%C3%AD\/featured\" target=\"_blank\">YouTube<\/a>. De acordo com o gestor da UGC, Marcelo Peroni, a programa\u00e7\u00e3o do dia foi definida para promover a participa\u00e7\u00e3o e conv\u00edvio das fam\u00edlias. \u201cAs atividades no per\u00edodo da manh\u00e3 movimentaram o Complexo Fepasa. \u00c0 tarde foram organizadas apresenta\u00e7\u00f5es de dan\u00e7a e art\u00edstica que agradar\u00e3o adultos e crian\u00e7as\u201d, adianta.<\/p>\n\n\n\n<figure class=\"wp-block-image\"><img decoding=\"async\" src=\"https:\/\/jundiai.sp.gov.br\/noticias\/wp-content\/uploads\/sites\/32\/2021\/10\/dia-das-criancas-no-complexo-fepasa_c_-7.jpg\" alt=\"\" class=\"wp-image-278338\" \/><figcaption>Oficina de musicaliza\u00e7\u00e3o, realizada na Sala dos Rel\u00f3gios, foi dedicada para a Primeira Inf\u00e2ncia<\/figcaption><\/figure>\n\n\n\n<p><strong>Programa\u00e7\u00e3o<\/strong><\/p>\n\n\n\n<ul class=\"wp-block-list\"><li><strong>14h, na Sala Jundia\u00ed<\/strong><br>Oficina de Dan\u00e7a, com Let\u00edcia Galv\u00e3o do Instituto de Orienta\u00e7\u00e3o Art\u00edstica (IOA);<\/li><li><strong>15h, no Espa\u00e7o de Exposi\u00e7\u00f5es, anexo \u00e0 Sala Jundia\u00ed<\/strong><br>Apresenta\u00e7\u00e3o art\u00edstica do grupo \u201cKombinado n\u00e3o \u00e9 carro\u201d, com o espet\u00e1culo \u201cEu disse brinco\u2026brincarei\u201d.<\/li><\/ul>\n\n\n\n<p>Confira mais detalhes das atividades no\u00a0<a rel=\"noreferrer noopener\" href=\"https:\/\/cultura.jundiai.sp.gov.br\/evento\/programacao-dia-das-criancas\/\" target=\"_blank\">site da Cultura<\/a>. O Complexo Fepasa fica na avenida Uni\u00e3o dos Ferrovi\u00e1rios, 1760.\u00a0A entrada \u00e9 gratuita e n\u00e3o h\u00e1 necessidade de agendamento pr\u00e9vio.<\/p>\n\n\n\n<p><em>(Fonte\/Imagem: Prefeitura de Jundia\u00ed)<\/em><\/p>\n","protected":false},"excerpt":{"rendered":"<p>M\u00fasica, alegria e agita\u00e7\u00e3o marcaram a manh\u00e3 deste feriado<\/p>\n","protected":false},"author":17,"featured_media":83372,"comment_status":"closed","ping_status":"closed","sticky":false,"template":"","format":"standard","meta":{"footnotes":""},"categories":[8356,8354,1],"tags":[],"class_list":["post-83371","post","type-post","status-publish","format-standard","has-post-thumbnail","hentry","category-jundiai","category-lazer","category-noticias"],"_links":{"self":[{"href":"https:\/\/tvtecjundiai.com.br\/news\/wp-json\/wp\/v2\/posts\/83371","targetHints":{"allow":["GET"]}}],"collection":[{"href":"https:\/\/tvtecjundiai.com.br\/news\/wp-json\/wp\/v2\/posts"}],"about":[{"href":"https:\/\/tvtecjundiai.com.br\/news\/wp-json\/wp\/v2\/types\/post"}],"author":[{"embeddable":true,"href":"https:\/\/tvtecjundiai.com.br\/news\/wp-json\/wp\/v2\/users\/17"}],"replies":[{"embeddable":true,"href":"https:\/\/tvtecjundiai.com.br\/news\/wp-json\/wp\/v2\/comments?post=83371"}],"version-history":[{"count":1,"href":"https:\/\/tvtecjundiai.com.br\/news\/wp-json\/wp\/v2\/posts\/83371\/revisions"}],"predecessor-version":[{"id":83373,"href":"https:\/\/tvtecjundiai.com.br\/news\/wp-json\/wp\/v2\/posts\/83371\/revisions\/83373"}],"wp:featuredmedia":[{"embeddable":true,"href":"https:\/\/tvtecjundiai.com.br\/news\/wp-json\/wp\/v2\/media\/83372"}],"wp:attachment":[{"href":"https:\/\/tvtecjundiai.com.br\/news\/wp-json\/wp\/v2\/media?parent=83371"}],"wp:term":[{"taxonomy":"category","embeddable":true,"href":"https:\/\/tvtecjundiai.com.br\/news\/wp-json\/wp\/v2\/categories?post=83371"},{"taxonomy":"post_tag","embeddable":true,"href":"https:\/\/tvtecjundiai.com.br\/news\/wp-json\/wp\/v2\/tags?post=83371"}],"curies":[{"name":"wp","href":"https:\/\/api.w.org\/{rel}","templated":true}]}}