{"id":83374,"date":"2021-10-12T16:23:55","date_gmt":"2021-10-12T19:23:55","guid":{"rendered":"https:\/\/tvtecjundiai.com.br\/news\/?p=83374"},"modified":"2021-10-12T16:23:58","modified_gmt":"2021-10-12T19:23:58","slug":"iluminacao-de-led-chega-ao-bairro-cidade-jardim-e-soma-500-pontos-na-cidade","status":"publish","type":"post","link":"https:\/\/tvtecjundiai.com.br\/news\/2021\/10\/12\/iluminacao-de-led-chega-ao-bairro-cidade-jardim-e-soma-500-pontos-na-cidade\/","title":{"rendered":"Ilumina\u00e7\u00e3o de LED chega ao bairro Cidade Jardim e soma 500 pontos na cidade"},"content":{"rendered":"\n<p>A amplia\u00e7\u00e3o dos pontos de ilumina\u00e7\u00e3o realizada nos espa\u00e7os p\u00fablicos em Jundia\u00ed, nos \u00faltimos anos, conta com l\u00e2mpadas de tecnologia em LED, mais econ\u00f4micas e com maior luminosidade. Ao todo, j\u00e1 s\u00e3o 500 pontos de ilumina\u00e7\u00e3o desse tipo em todo o territ\u00f3rio.<\/p>\n\n\n\n<p>De acordo com o Prefeito Luiz Fernando Machado, essa tecnologia em ilumina\u00e7\u00e3o garante mais efici\u00eancia para o servi\u00e7o. \u201cAl\u00e9m do quesito economia no consumo de energia, as l\u00e2mpadas em LED proporcionam melhor ilumina\u00e7\u00e3o ao ambiente\u201d, comenta. \u201cE estamos falando aqui n\u00e3o apenas de melhor ambi\u00eancia, mas tamb\u00e9m de mais seguran\u00e7a para as pessoas nos espa\u00e7os p\u00fablicos.\u201d<\/p>\n\n\n\n<figure class=\"wp-block-image\"><img decoding=\"async\" src=\"https:\/\/jundiai.sp.gov.br\/noticias\/wp-content\/uploads\/sites\/32\/2021\/10\/drona_praca-conceito-familia-e-pet_cidade-jardim-6.jpg\" alt=\"\" class=\"wp-image-278177\" \/><figcaption>Pra\u00e7a Fam\u00edlia e Pet Cidade Jardim vista do alto: 15 postes com 36 lumin\u00e1rias com LED<\/figcaption><\/figure>\n\n\n\n<p>O local mais recente a receber a tecnologia \u00e9 a Pra\u00e7a Fam\u00edlia e Pet Cidade Jardim, espa\u00e7o de lazer para atividades f\u00edsicas no qual a popula\u00e7\u00e3o tamb\u00e9m pode levar seu c\u00e3o de estima\u00e7\u00e3o. Foram instalados ali 15 postes com 36 lumin\u00e1rias.<\/p>\n\n\n\n<p>Ao lado do marido, o assessor de Tecnologia da Informa\u00e7\u00e3o Edir Fonseca, a manicure Ros\u00e2ngela Alves Teixeira passa todos os dias pela pra\u00e7a. \u201c\u00c9 o caminho que fa\u00e7o da minha casa ao trabalho\u201d, conta ela. \u201cAntes era mais escuro e agora ficou muito melhor.\u201d Segundo a manicure, aos finais de semana a pra\u00e7a fica repleta de gente, um espa\u00e7o de lazer para as fam\u00edlias do bairro.<\/p>\n\n\n\n<p>A agente trabalhista Vanessa Caroline de Freitas mora em um pr\u00e9dio em frente \u00e0 pra\u00e7a e utiliza o local para passear com sua cadela Mel, de seis meses. \u201cSem d\u00favida a pra\u00e7a e a ilumina\u00e7\u00e3o ficaram muito boas e a comunidade est\u00e1 aproveitando todo seu espa\u00e7o.\u201d<\/p>\n\n\n\n<p>A obra na pra\u00e7a no Cidade Jardim est\u00e1 com sua primeira fase quase conclu\u00edda, um investimento de R$ 250 mil. Com a tecnologia em LED, a economia no consumo de energia chega a 50%. A meta da gest\u00e3o \u00e9 ampliar a cobertura e renovar os 49 mil pontos de ilumina\u00e7\u00e3o da cidade com o novo sistema.<\/p>\n\n\n\n<figure class=\"wp-block-image\"><img decoding=\"async\" src=\"https:\/\/jundiai.sp.gov.br\/noticias\/wp-content\/uploads\/sites\/32\/2021\/10\/praca-conceito-familia-e-pet_cidade-jardim-3.jpg\" alt=\"\" class=\"wp-image-278178\" \/><figcaption>O casal Ros\u00e2ngela e Edir vive no bairro Cidade Jardim e aprovou a reforma e a ilumina\u00e7\u00e3o<\/figcaption><\/figure>\n\n\n\n<p>Al\u00e9m da pra\u00e7a no Cidade Jardim, a tecnologia LED j\u00e1 foi implementada na Avenida Jundia\u00ed (dois sentidos), na \u00e1rea do Vale Azul (Caxambu), no CECE Dr Nicolino de Luca, o Bol\u00e3o, na Pra\u00e7a Fam\u00edlia e Pet do bairro Ponte S\u00e3o Jo\u00e3o e no novo trecho que liga a Samuel Martins \u00e0 avenida 14 de Dezembro, entre outros.&nbsp;<\/p>\n\n\n\n<p>Segundo a diretora do Departamento de Ilumina\u00e7\u00e3o P\u00fablica, Daiane Lima, a Unidade de Gest\u00e3o de Infraestrutura e Servi\u00e7os P\u00fablicos instalar\u00e1 ilumina\u00e7\u00e3o com LED em outros espa\u00e7os p\u00fablicos que passam por obras e revitaliza\u00e7\u00e3o, como o Parque Linear do Parque da Represa, o Parque Bot\u00e2nico do Jardim Santa Gertrudes e a avenida Pedro Clarismundo Fornari.<\/p>\n\n\n\n<figure class=\"wp-block-image\"><img decoding=\"async\" src=\"https:\/\/jundiai.sp.gov.br\/noticias\/wp-content\/uploads\/sites\/32\/2021\/10\/drona_praca-conceito-familia-e-pet_cidade-jardim-13.jpg\" alt=\"\" class=\"wp-image-278187\" \/><figcaption>A nova pra\u00e7a do Cidade Jardim tem espa\u00e7o para levar o pet e tamb\u00e9m para pr\u00e1ticas esportivas<\/figcaption><\/figure>\n\n\n\n<p><em>(Fonte\/Imagem: Prefeitura de Jundia\u00ed)<\/em><\/p>\n","protected":false},"excerpt":{"rendered":"<p>Foram instalados na Pra\u00e7a Fam\u00edlia e Pet Cidade Jardim 15 postes com 36 lumin\u00e1rias<\/p>\n","protected":false},"author":17,"featured_media":83375,"comment_status":"closed","ping_status":"closed","sticky":false,"template":"","format":"standard","meta":{"footnotes":""},"categories":[8356,1],"tags":[],"class_list":["post-83374","post","type-post","status-publish","format-standard","has-post-thumbnail","hentry","category-jundiai","category-noticias"],"_links":{"self":[{"href":"https:\/\/tvtecjundiai.com.br\/news\/wp-json\/wp\/v2\/posts\/83374","targetHints":{"allow":["GET"]}}],"collection":[{"href":"https:\/\/tvtecjundiai.com.br\/news\/wp-json\/wp\/v2\/posts"}],"about":[{"href":"https:\/\/tvtecjundiai.com.br\/news\/wp-json\/wp\/v2\/types\/post"}],"author":[{"embeddable":true,"href":"https:\/\/tvtecjundiai.com.br\/news\/wp-json\/wp\/v2\/users\/17"}],"replies":[{"embeddable":true,"href":"https:\/\/tvtecjundiai.com.br\/news\/wp-json\/wp\/v2\/comments?post=83374"}],"version-history":[{"count":1,"href":"https:\/\/tvtecjundiai.com.br\/news\/wp-json\/wp\/v2\/posts\/83374\/revisions"}],"predecessor-version":[{"id":83376,"href":"https:\/\/tvtecjundiai.com.br\/news\/wp-json\/wp\/v2\/posts\/83374\/revisions\/83376"}],"wp:featuredmedia":[{"embeddable":true,"href":"https:\/\/tvtecjundiai.com.br\/news\/wp-json\/wp\/v2\/media\/83375"}],"wp:attachment":[{"href":"https:\/\/tvtecjundiai.com.br\/news\/wp-json\/wp\/v2\/media?parent=83374"}],"wp:term":[{"taxonomy":"category","embeddable":true,"href":"https:\/\/tvtecjundiai.com.br\/news\/wp-json\/wp\/v2\/categories?post=83374"},{"taxonomy":"post_tag","embeddable":true,"href":"https:\/\/tvtecjundiai.com.br\/news\/wp-json\/wp\/v2\/tags?post=83374"}],"curies":[{"name":"wp","href":"https:\/\/api.w.org\/{rel}","templated":true}]}}