{"id":83383,"date":"2021-10-13T09:33:24","date_gmt":"2021-10-13T12:33:24","guid":{"rendered":"https:\/\/tvtecjundiai.com.br\/news\/?p=83383"},"modified":"2021-10-13T09:33:39","modified_gmt":"2021-10-13T12:33:39","slug":"volta-as-aulas-presenciais-sera-obrigatoria-no-estado-de-sp-a-partir-de-segunda-feira-18","status":"publish","type":"post","link":"https:\/\/tvtecjundiai.com.br\/news\/2021\/10\/13\/volta-as-aulas-presenciais-sera-obrigatoria-no-estado-de-sp-a-partir-de-segunda-feira-18\/","title":{"rendered":"Volta \u00e0s aulas presenciais ser\u00e1 obrigat\u00f3ria no Estado de SP a partir de segunda-feira (18)"},"content":{"rendered":"\n<p>As aulas presenciais voltam a ser obrigat\u00f3rias na rede p\u00fablica e privada do estado de S\u00e3o Paulo a partir da pr\u00f3xima segunda-feira (18).<\/p>\n\n\n\n<p>A partir da semana que vem, estudantes s\u00f3 poder\u00e3o deixar de frequentar as escolas mediante apresenta\u00e7\u00e3o de justificativa m\u00e9dica.<\/p>\n\n\n\n<p>A informa\u00e7\u00e3o foi antecipada na manh\u00e3 quarta-feira (13) pelo jornal &#8220;O Estado de S\u00e3o Paulo&#8221; e confirmada pela Secretaria da Educa\u00e7\u00e3o.<\/p>\n\n\n\n<p>Na rede p\u00fablica, s\u00e3o cerca de 3,5 milh\u00f5es de alunos distribu\u00eddos em mais de 5,4 mil escolas em todo o estado.<\/p>\n\n\n\n<p>Segundo a secretaria, o distanciamento entre as carteiras ser\u00e1 incialmente mantido, mas deixar\u00e1 de ser exigido a partir do dia 3 de novembro.<\/p>\n\n\n\n<p>Questionado, o governo n\u00e3o esclareceu como a obrigatoriedade ser\u00e1 aplicada nas escolas que n\u00e3o t\u00eam estrutura f\u00edsica para operar com 100% da capacidade diariamente mantendo o distanciamento entre os estudantes.<\/p>\n\n\n\n<div class=\"wp-block-image\"><figure class=\"aligncenter size-large\"><img loading=\"lazy\" decoding=\"async\" width=\"1200\" height=\"801\" src=\"https:\/\/tvtecjundiai.com.br\/news\/wp-content\/uploads\/sites\/2\/2021\/09\/aulas_sincronas_emeb_flavio_dangieri-188-1200x801.jpg\" alt=\"\" class=\"wp-image-82004\" srcset=\"https:\/\/tvtecjundiai.com.br\/news\/wp-content\/uploads\/sites\/2\/2021\/09\/aulas_sincronas_emeb_flavio_dangieri-188-1200x801.jpg 1200w, https:\/\/tvtecjundiai.com.br\/news\/wp-content\/uploads\/sites\/2\/2021\/09\/aulas_sincronas_emeb_flavio_dangieri-188-300x200.jpg 300w, https:\/\/tvtecjundiai.com.br\/news\/wp-content\/uploads\/sites\/2\/2021\/09\/aulas_sincronas_emeb_flavio_dangieri-188-768x512.jpg 768w, https:\/\/tvtecjundiai.com.br\/news\/wp-content\/uploads\/sites\/2\/2021\/09\/aulas_sincronas_emeb_flavio_dangieri-188.jpg 1280w\" sizes=\"auto, (max-width: 1200px) 100vw, 1200px\" \/><\/figure><\/div>\n\n\n\n<p>Em agosto, a gest\u00e3o estadual j\u00e1 tinha reduzido o distanciamento de 1,5 metro para 1 metro.<\/p>\n\n\n\n<p>O uso de m\u00e1scara por parte de estudantes e funcion\u00e1rios permanece obrigat\u00f3rio para todos, assim como a utiliza\u00e7\u00e3o de \u00e1lcool em gel nas escolas e equipamentos de prote\u00e7\u00e3o individual por parte de professores e demais funcion\u00e1rios.<\/p>\n\n\n\n<p>Mais detalhes sobre o retorno obrigat\u00f3rio ser\u00e3o divulgados pela gest\u00e3o de Jo\u00e3o Doria (PSDB) em coletiva de imprensa no in\u00edcio da tarde.<\/p>\n\n\n\n<p><strong><em>(Fonte: G1\/Imagem: Prefeitura de Jundia\u00ed)<\/em><\/strong><\/p>\n","protected":false},"excerpt":{"rendered":"<p>N\u00e3o ser\u00e1 mais necess\u00e1rio o distanciamento de 1 metro entre estudantes.<\/p>\n","protected":false},"author":25,"featured_media":82006,"comment_status":"closed","ping_status":"closed","sticky":false,"template":"","format":"standard","meta":{"footnotes":""},"categories":[2828,1],"tags":[],"class_list":["post-83383","post","type-post","status-publish","format-standard","has-post-thumbnail","hentry","category-educacao","category-noticias"],"_links":{"self":[{"href":"https:\/\/tvtecjundiai.com.br\/news\/wp-json\/wp\/v2\/posts\/83383","targetHints":{"allow":["GET"]}}],"collection":[{"href":"https:\/\/tvtecjundiai.com.br\/news\/wp-json\/wp\/v2\/posts"}],"about":[{"href":"https:\/\/tvtecjundiai.com.br\/news\/wp-json\/wp\/v2\/types\/post"}],"author":[{"embeddable":true,"href":"https:\/\/tvtecjundiai.com.br\/news\/wp-json\/wp\/v2\/users\/25"}],"replies":[{"embeddable":true,"href":"https:\/\/tvtecjundiai.com.br\/news\/wp-json\/wp\/v2\/comments?post=83383"}],"version-history":[{"count":1,"href":"https:\/\/tvtecjundiai.com.br\/news\/wp-json\/wp\/v2\/posts\/83383\/revisions"}],"predecessor-version":[{"id":83386,"href":"https:\/\/tvtecjundiai.com.br\/news\/wp-json\/wp\/v2\/posts\/83383\/revisions\/83386"}],"wp:featuredmedia":[{"embeddable":true,"href":"https:\/\/tvtecjundiai.com.br\/news\/wp-json\/wp\/v2\/media\/82006"}],"wp:attachment":[{"href":"https:\/\/tvtecjundiai.com.br\/news\/wp-json\/wp\/v2\/media?parent=83383"}],"wp:term":[{"taxonomy":"category","embeddable":true,"href":"https:\/\/tvtecjundiai.com.br\/news\/wp-json\/wp\/v2\/categories?post=83383"},{"taxonomy":"post_tag","embeddable":true,"href":"https:\/\/tvtecjundiai.com.br\/news\/wp-json\/wp\/v2\/tags?post=83383"}],"curies":[{"name":"wp","href":"https:\/\/api.w.org\/{rel}","templated":true}]}}