{"id":83427,"date":"2021-10-14T09:38:59","date_gmt":"2021-10-14T12:38:59","guid":{"rendered":"https:\/\/tvtecjundiai.com.br\/news\/?p=83427"},"modified":"2021-10-14T09:39:01","modified_gmt":"2021-10-14T12:39:01","slug":"jardim-fepasa-recebe-oficinas-culturais-gratuitas-de-musica-e-teatro","status":"publish","type":"post","link":"https:\/\/tvtecjundiai.com.br\/news\/2021\/10\/14\/jardim-fepasa-recebe-oficinas-culturais-gratuitas-de-musica-e-teatro\/","title":{"rendered":"Jardim Fepasa recebe Oficinas Culturais gratuitas de M\u00fasica e Teatro"},"content":{"rendered":"\n<p>Dentro da proposta de descentraliza\u00e7\u00e3o da oferta de oficinas culturais pelos bairros da cidade, a Unidade de Gest\u00e3o de Cultura (UGC) promove, at\u00e9 dezembro, um programa de oficinas gratuitas de M\u00fasica e Teatro no Jardim Fepasa, em parceria com a Funda\u00e7\u00e3o Municipal de A\u00e7\u00e3o Social (Fumas).<\/p>\n\n\n\n<p>Os encontros semanais s\u00e3o voltados para adolescentes (a partir de 12 anos) e adultos, e ser\u00e3o realizados na Casa Verde, centro comunit\u00e1rio localizado na rua Sebasti\u00e3o de Oliveira Queiroz, s\/n\u00ba, no Jardim Fepasa.<\/p>\n\n\n\n<p>A sele\u00e7\u00e3o dos inscritos ser\u00e1 feita por ordem de inscri\u00e7\u00e3o. Para cada uma das oficinas est\u00e3o dispon\u00edveis 15 vagas.<\/p>\n\n\n\n<div class=\"wp-block-image\"><figure class=\"aligncenter size-full\"><img loading=\"lazy\" decoding=\"async\" width=\"1165\" height=\"960\" src=\"https:\/\/tvtecjundiai.com.br\/news\/wp-content\/uploads\/sites\/2\/2021\/10\/oficina-circense-atraves-do-teatro-de-objetos-26-1165x960-1.jpg\" alt=\"\" class=\"wp-image-83428\" srcset=\"https:\/\/tvtecjundiai.com.br\/news\/wp-content\/uploads\/sites\/2\/2021\/10\/oficina-circense-atraves-do-teatro-de-objetos-26-1165x960-1.jpg 1165w, https:\/\/tvtecjundiai.com.br\/news\/wp-content\/uploads\/sites\/2\/2021\/10\/oficina-circense-atraves-do-teatro-de-objetos-26-1165x960-1-300x247.jpg 300w, https:\/\/tvtecjundiai.com.br\/news\/wp-content\/uploads\/sites\/2\/2021\/10\/oficina-circense-atraves-do-teatro-de-objetos-26-1165x960-1-768x633.jpg 768w\" sizes=\"auto, (max-width: 1165px) 100vw, 1165px\" \/><figcaption>Ser\u00e3o disponibilizadas 15 vagas para cada oficina (Foto tirada antes da pandemia)<\/figcaption><\/figure><\/div>\n\n\n\n<p><strong>M\u00fasica<\/strong><br>A oficina de M\u00fasica \u201cBatucando\u201d vai oferecer um espa\u00e7o para a pr\u00e1tica musical popular brasileira e o desenvolvimento do corpo e da voz como instrumento para a aprendizagem musical de maneira acess\u00edvel. Os encontros ficar\u00e3o a cargo da arte-educadora Eliss\u00e9ia Duarte e \u00e9 voltada para interessados em geral maiores de 16 anos.<\/p>\n\n\n\n<p><a href=\"https:\/\/forms.gle\/cNMvbatU8ndRDoRc9\" target=\"_blank\" rel=\"noreferrer noopener\">FA\u00c7A SUA INSCRI\u00c7\u00c3O<\/a><\/p>\n\n\n\n<p>As aulas come\u00e7am dia 20 e v\u00e3o at\u00e9 22 de dezembro, sempre \u00e0s quartas-feiras, das 14h \u00e0s 15h30.<\/p>\n\n\n\n<p><strong>Teatro<\/strong><br>J\u00e1 a oficina de Teatro tem como objetivo propiciar uma experi\u00eancia teatral atrav\u00e9s da pr\u00e1tica e da teoria, propondo jogos teatrais, improvisa\u00e7\u00f5es e cria\u00e7\u00f5es de cena. A oficina estar\u00e1 sob a responsabilidade do arte-educador Luan Silva e atender\u00e1 adolescentes dos 12 aos 15 anos.<\/p>\n\n\n\n<p><a href=\"https:\/\/forms.gle\/4c9VmTMucgYFkTA66\" target=\"_blank\" rel=\"noreferrer noopener\">FA\u00c7A SUA INSCRI\u00c7\u00c3O<\/a><\/p>\n\n\n\n<p>Os encontros come\u00e7am no dia 21 e v\u00e3o at\u00e9 23 de dezembro, sempre \u00e0s quintas-feiras, das 14h \u00e0s 15h30.<\/p>\n\n\n\n<p>Mais informa\u00e7\u00f5es pelo telefone da UGC: (11) 4585-9750.<\/p>\n\n\n\n<p><strong><em>(Fonte\/Imagem: Prefeitura de Jundia\u00ed)<\/em><\/strong><\/p>\n","protected":false},"excerpt":{"rendered":"<p>Os encontros semanais s\u00e3o voltados para adolescentes (a partir de 12 anos) e adultos.<\/p>\n","protected":false},"author":25,"featured_media":83428,"comment_status":"closed","ping_status":"closed","sticky":false,"template":"","format":"standard","meta":{"footnotes":""},"categories":[2833,1],"tags":[],"class_list":["post-83427","post","type-post","status-publish","format-standard","has-post-thumbnail","hentry","category-cultura","category-noticias"],"_links":{"self":[{"href":"https:\/\/tvtecjundiai.com.br\/news\/wp-json\/wp\/v2\/posts\/83427","targetHints":{"allow":["GET"]}}],"collection":[{"href":"https:\/\/tvtecjundiai.com.br\/news\/wp-json\/wp\/v2\/posts"}],"about":[{"href":"https:\/\/tvtecjundiai.com.br\/news\/wp-json\/wp\/v2\/types\/post"}],"author":[{"embeddable":true,"href":"https:\/\/tvtecjundiai.com.br\/news\/wp-json\/wp\/v2\/users\/25"}],"replies":[{"embeddable":true,"href":"https:\/\/tvtecjundiai.com.br\/news\/wp-json\/wp\/v2\/comments?post=83427"}],"version-history":[{"count":1,"href":"https:\/\/tvtecjundiai.com.br\/news\/wp-json\/wp\/v2\/posts\/83427\/revisions"}],"predecessor-version":[{"id":83429,"href":"https:\/\/tvtecjundiai.com.br\/news\/wp-json\/wp\/v2\/posts\/83427\/revisions\/83429"}],"wp:featuredmedia":[{"embeddable":true,"href":"https:\/\/tvtecjundiai.com.br\/news\/wp-json\/wp\/v2\/media\/83428"}],"wp:attachment":[{"href":"https:\/\/tvtecjundiai.com.br\/news\/wp-json\/wp\/v2\/media?parent=83427"}],"wp:term":[{"taxonomy":"category","embeddable":true,"href":"https:\/\/tvtecjundiai.com.br\/news\/wp-json\/wp\/v2\/categories?post=83427"},{"taxonomy":"post_tag","embeddable":true,"href":"https:\/\/tvtecjundiai.com.br\/news\/wp-json\/wp\/v2\/tags?post=83427"}],"curies":[{"name":"wp","href":"https:\/\/api.w.org\/{rel}","templated":true}]}}