{"id":83561,"date":"2021-10-18T09:01:08","date_gmt":"2021-10-18T12:01:08","guid":{"rendered":"https:\/\/tvtecjundiai.com.br\/news\/?p=83561"},"modified":"2021-10-18T09:01:12","modified_gmt":"2021-10-18T12:01:12","slug":"cultura-lanca-novo-programa-e-abre-edital-para-a-contratacao-de-artistas-e-grupos","status":"publish","type":"post","link":"https:\/\/tvtecjundiai.com.br\/news\/2021\/10\/18\/cultura-lanca-novo-programa-e-abre-edital-para-a-contratacao-de-artistas-e-grupos\/","title":{"rendered":"Cultura lan\u00e7a novo programa e abre edital para a contrata\u00e7\u00e3o de artistas e grupos"},"content":{"rendered":"\n<p>A fim fomentar e fortalecer a produ\u00e7\u00e3o cultural no Munic\u00edpio, a Unidade de Gest\u00e3o de Cultura (UGC) lan\u00e7ou o CulturaMais, novo programa que ir\u00e1 selecionar e contratar artistas solo ou em grupo, por meio de propostas art\u00edsticas e culturais em diversas linguagens.<\/p>\n\n\n\n<p>Podem se inscrever at\u00e9 o dia 26 de novembro pessoas jur\u00eddicas maiores de 18 anos. As inscri\u00e7\u00f5es devem ser feitas no&nbsp;<a href=\"https:\/\/cultura.jundiai.sp.gov.br\/editais-e-regulamentos\/\" target=\"_blank\" rel=\"noreferrer noopener\">site da Cultura<\/a>, onde se encontram o&nbsp;<a href=\"https:\/\/docs.google.com\/forms\/d\/e\/1FAIpQLSdUvKNCzMqfFrXx5uLTZQ96vwa5zvsCqcFyhUuNwW82GDw6eg\/viewform\" target=\"_blank\" rel=\"noreferrer noopener\">formul\u00e1rio de inscri\u00e7\u00e3o<\/a>&nbsp;e os documentos necess\u00e1rios:&nbsp;<a href=\"https:\/\/cultura.jundiai.sp.gov.br\/wp-content\/uploads\/2021\/10\/Anexo-I-Orcamento-1.pdf\" target=\"_blank\" rel=\"noreferrer noopener\">or\u00e7amento<\/a>,&nbsp;<a href=\"https:\/\/cultura.jundiai.sp.gov.br\/wp-content\/uploads\/2021\/10\/Anexo-II-Autorizacao-de-Cessao-de-Direitos-Autorais-e-de-Imagem-1.pdf\" target=\"_blank\" rel=\"noreferrer noopener\">autoriza\u00e7\u00e3o de cess\u00e3o de direitos autorais e de imagem<\/a>,&nbsp;<a href=\"https:\/\/cultura.jundiai.sp.gov.br\/wp-content\/uploads\/2021\/10\/Anexo-III-Autorizacao-de-Uso-de-Obras-de-Terceiros-1.pdf\" target=\"_blank\" rel=\"noreferrer noopener\">autoriza\u00e7\u00e3o de uso de obras de terceiros<\/a>&nbsp;e&nbsp;<a href=\"https:\/\/cultura.jundiai.sp.gov.br\/wp-content\/uploads\/2021\/10\/Anexo-IV-Ficha-Tecnica-3.pdf\" target=\"_blank\" rel=\"noreferrer noopener\">ficha t\u00e9cnica<\/a>.<\/p>\n\n\n\n<p>Est\u00e3o previstos mais de R$ 244 mil em investimentos, para a contrata\u00e7\u00e3o de at\u00e9 204 propostas art\u00edsticas e culturais, nas seguintes modalidades: Audiovisual, Culturas Populares, Dan\u00e7a, Literatura, Teatro, M\u00fasica, Circo e Propostas para o p\u00fablico Infantil (performances\/montagens coreogr\u00e1ficas, cenas teatrais, performances musicais variadas, conta\u00e7\u00e3o de hist\u00f3rias e outros).<\/p>\n\n\n\n<p>As apresenta\u00e7\u00f5es do CulturaMais 2021\/2022 ser\u00e3o realizadas entre janeiro e abril do ano que vem, de modo presencial, nos equipamentos da Unidade, ou de forma virtual, nos canais do Cultura Jundia\u00ed no Facebook e YouTube.<\/p>\n\n\n\n<p>Mais informa\u00e7\u00f5es podem ser obtidas no&nbsp;<a href=\"https:\/\/jundiai.sp.gov.br\/noticias\/wp-content\/uploads\/sites\/32\/2021\/10\/imprensa_oficial_13102021_culturamais.pdf\" target=\"_blank\" rel=\"noreferrer noopener\">edital de concurso n\u00ba 06\/2021<\/a>, pelo&nbsp;<a href=\"https:\/\/cultura.jundiai.sp.gov.br\/editais-e-regulamentos\/\" target=\"_blank\" rel=\"noreferrer noopener\">site da Cultura<\/a>, pelo e-mail&nbsp;<a href=\"mailto:culturamais@jundiai.sp.gov.br\">culturamais@jundiai.sp.gov.br<\/a>&nbsp;ou pelo telefone 4585-9750.<\/p>\n\n\n\n<figure class=\"wp-block-image\"><img decoding=\"async\" src=\"https:\/\/jundiai.sp.gov.br\/noticias\/wp-content\/uploads\/sites\/32\/2021\/10\/apresentacao_artistica.jpg\" alt=\"Homem com fraque vinho e m\u00e1scara dourada faz malabarismo com varinha e prato azul, com fita laranja, com tr\u00eas crian\u00e7as de uniforme e uma mulher assistindo, todos com m\u00e1scara, com \u00e1rvores ao redor\" class=\"wp-image-278585\" \/><\/figure>\n\n\n\n<p><em><strong>(Fonte\/Imagem: Prefeitura de Jundia\u00ed)<\/strong><\/em><\/p>\n","protected":false},"excerpt":{"rendered":"<p>Ser\u00e3o contratadas at\u00e9 204 propostas art\u00edsticas e culturais, em diversas modalidades, entre elas para o p\u00fablico infantil<\/p>\n","protected":false},"author":24,"featured_media":83562,"comment_status":"closed","ping_status":"closed","sticky":false,"template":"","format":"standard","meta":{"footnotes":""},"categories":[8356],"tags":[],"class_list":["post-83561","post","type-post","status-publish","format-standard","has-post-thumbnail","hentry","category-jundiai"],"_links":{"self":[{"href":"https:\/\/tvtecjundiai.com.br\/news\/wp-json\/wp\/v2\/posts\/83561","targetHints":{"allow":["GET"]}}],"collection":[{"href":"https:\/\/tvtecjundiai.com.br\/news\/wp-json\/wp\/v2\/posts"}],"about":[{"href":"https:\/\/tvtecjundiai.com.br\/news\/wp-json\/wp\/v2\/types\/post"}],"author":[{"embeddable":true,"href":"https:\/\/tvtecjundiai.com.br\/news\/wp-json\/wp\/v2\/users\/24"}],"replies":[{"embeddable":true,"href":"https:\/\/tvtecjundiai.com.br\/news\/wp-json\/wp\/v2\/comments?post=83561"}],"version-history":[{"count":1,"href":"https:\/\/tvtecjundiai.com.br\/news\/wp-json\/wp\/v2\/posts\/83561\/revisions"}],"predecessor-version":[{"id":83563,"href":"https:\/\/tvtecjundiai.com.br\/news\/wp-json\/wp\/v2\/posts\/83561\/revisions\/83563"}],"wp:featuredmedia":[{"embeddable":true,"href":"https:\/\/tvtecjundiai.com.br\/news\/wp-json\/wp\/v2\/media\/83562"}],"wp:attachment":[{"href":"https:\/\/tvtecjundiai.com.br\/news\/wp-json\/wp\/v2\/media?parent=83561"}],"wp:term":[{"taxonomy":"category","embeddable":true,"href":"https:\/\/tvtecjundiai.com.br\/news\/wp-json\/wp\/v2\/categories?post=83561"},{"taxonomy":"post_tag","embeddable":true,"href":"https:\/\/tvtecjundiai.com.br\/news\/wp-json\/wp\/v2\/tags?post=83561"}],"curies":[{"name":"wp","href":"https:\/\/api.w.org\/{rel}","templated":true}]}}