{"id":83569,"date":"2021-10-18T09:19:11","date_gmt":"2021-10-18T12:19:11","guid":{"rendered":"https:\/\/tvtecjundiai.com.br\/news\/?p=83569"},"modified":"2021-10-18T09:19:20","modified_gmt":"2021-10-18T12:19:20","slug":"dal-santo-e-complexo-fepasa-tem-cinema-ao-ar-livre-gratuito-nesta-semana","status":"publish","type":"post","link":"https:\/\/tvtecjundiai.com.br\/news\/2021\/10\/18\/dal-santo-e-complexo-fepasa-tem-cinema-ao-ar-livre-gratuito-nesta-semana\/","title":{"rendered":"Dal Santo e Complexo Fepasa t\u00eam cinema ao ar livre gratuito nesta semana"},"content":{"rendered":"\n<p>Jundia\u00ed recebe, a partir desta segunda-feira (18), o&nbsp;<a href=\"http:\/\/www.cinerodas.com.br\/\" target=\"_blank\" rel=\"noreferrer noopener\">Cine Rodas<\/a>, projeto cultural itinerante que transmite gratuitamente filmes e desenhos infantojuvenis ao ar livre. A atividade gratuita \u00e9 uma realiza\u00e7\u00e3o do Programa de A\u00e7\u00e3o Cultural (ProAC), com o apoio da Unidade de Gest\u00e3o de Cultura.<\/p>\n\n\n\n<p>At\u00e9 o domingo (24), o p\u00fablico poder\u00e1 conferir o cinema aberto, instalado em uma carreta com mais de 20 metros. Entre esta segunda (18) e a quinta (21), a carreta estar\u00e1 estacionada no complexo esportivo Francisco Dal Santo, localizado na rua Cica, 1345, vila Rami. J\u00e1 entre a sexta-feira (22) e o domingo (24), ela ficar\u00e1 no Complexo Fepasa, localizado na avenida Uni\u00e3o dos Ferrovi\u00e1rios, 1760 \u2013 Centro.<\/p>\n\n\n\n<p>As sess\u00f5es ficaram assim definidas: das 17h30 \u00e0s 19h30 ser\u00e3o feitas as apresenta\u00e7\u00f5es de curtas e anima\u00e7\u00f5es; e das 19h30 \u00e0s 21h ser\u00e3o as apresenta\u00e7\u00f5es de longas para toda a fam\u00edlia. Todos os filmes que ser\u00e3o apresentados durante a temporada tamb\u00e9m poder\u00e3o ser&nbsp;<a href=\"http:\/\/www.cinerodas.com.br\/\" target=\"_blank\" rel=\"noreferrer noopener\">conferidos no site<\/a>.<\/p>\n\n\n\n<figure class=\"wp-block-image\"><img decoding=\"async\" src=\"https:\/\/jundiai.sp.gov.br\/noticias\/wp-content\/uploads\/sites\/32\/2021\/10\/cine_rodas-1.png\" alt=\"Carreta estacionada em pra\u00e7a, com imagem de filme aparecendo em sua lateral, com pessoas sentadas em bancos, olhando para a imagem projetada\" class=\"wp-image-278516\" \/><\/figure>\n\n\n\n<p>De acordo com os produtores ser\u00e3o disponibilizadas no m\u00e1ximo 80 cadeiras com 1,5 metro de distanciamento entre elas. Toda a entrada e sa\u00edda ser\u00e1 controlada pelos produtores locais que estar\u00e3o a postos para direcionar os visitantes.<\/p>\n\n\n\n<p>Caso a sess\u00e3o tenha mais de 80 interessados, ser\u00e3o distribu\u00eddos senhas e ingressos para a pr\u00f3xima sess\u00e3o, evitando aglomera\u00e7\u00f5es. Toda a equipe de opera\u00e7\u00e3o foi treinada para promover a preven\u00e7\u00e3o e o distanciamento do p\u00fablico. Ap\u00f3s cada sess\u00e3o as cadeiras ser\u00e3o higienizadas e desinfetadas. Al\u00e9m de totem de \u00e1lcool gel dispon\u00edvel e aferi\u00e7\u00e3o de temperatura, as atividades cumprir\u00e3o tamb\u00e9m as normas estabelecidas pelo Comit\u00ea Municipal de Preven\u00e7\u00e3o e Enfrentamento ao Coronav\u00edrus (CEC).<\/p>\n\n\n\n<p>Mais Cine Rodas<br>Al\u00e9m das sess\u00f5es de cinema e de desenhos, as crian\u00e7as e jovens poder\u00e3o participar gratuitamente de atividade interativa e educacional, num workshop de \u201cstop motion\u201d, das 10h \u00e0s 17h, em que os participantes ir\u00e3o criar seus pr\u00f3prios filmes, usando diferentes personagens.\u00a0<a rel=\"noreferrer noopener\" href=\"http:\/\/www.cinerodas.com.br\/\" target=\"_blank\">Para esta atividade, \u00e9 necess\u00e1rio agendamento pr\u00e9vio<\/a>.<\/p>\n\n\n\n<p><em><strong>(Fonte\/Imagem: Prefeitura de Jundia\u00ed)<\/strong><\/em><\/p>\n","protected":false},"excerpt":{"rendered":"<p>Participantes ser\u00e3o acomodados em cadeiras, com distanciamento de 1,5 metro entre elas<\/p>\n","protected":false},"author":24,"featured_media":83570,"comment_status":"closed","ping_status":"closed","sticky":false,"template":"","format":"standard","meta":{"footnotes":""},"categories":[2833,8356],"tags":[],"class_list":["post-83569","post","type-post","status-publish","format-standard","has-post-thumbnail","hentry","category-cultura","category-jundiai"],"_links":{"self":[{"href":"https:\/\/tvtecjundiai.com.br\/news\/wp-json\/wp\/v2\/posts\/83569","targetHints":{"allow":["GET"]}}],"collection":[{"href":"https:\/\/tvtecjundiai.com.br\/news\/wp-json\/wp\/v2\/posts"}],"about":[{"href":"https:\/\/tvtecjundiai.com.br\/news\/wp-json\/wp\/v2\/types\/post"}],"author":[{"embeddable":true,"href":"https:\/\/tvtecjundiai.com.br\/news\/wp-json\/wp\/v2\/users\/24"}],"replies":[{"embeddable":true,"href":"https:\/\/tvtecjundiai.com.br\/news\/wp-json\/wp\/v2\/comments?post=83569"}],"version-history":[{"count":1,"href":"https:\/\/tvtecjundiai.com.br\/news\/wp-json\/wp\/v2\/posts\/83569\/revisions"}],"predecessor-version":[{"id":83571,"href":"https:\/\/tvtecjundiai.com.br\/news\/wp-json\/wp\/v2\/posts\/83569\/revisions\/83571"}],"wp:featuredmedia":[{"embeddable":true,"href":"https:\/\/tvtecjundiai.com.br\/news\/wp-json\/wp\/v2\/media\/83570"}],"wp:attachment":[{"href":"https:\/\/tvtecjundiai.com.br\/news\/wp-json\/wp\/v2\/media?parent=83569"}],"wp:term":[{"taxonomy":"category","embeddable":true,"href":"https:\/\/tvtecjundiai.com.br\/news\/wp-json\/wp\/v2\/categories?post=83569"},{"taxonomy":"post_tag","embeddable":true,"href":"https:\/\/tvtecjundiai.com.br\/news\/wp-json\/wp\/v2\/tags?post=83569"}],"curies":[{"name":"wp","href":"https:\/\/api.w.org\/{rel}","templated":true}]}}