{"id":83579,"date":"2021-10-18T10:34:46","date_gmt":"2021-10-18T13:34:46","guid":{"rendered":"https:\/\/tvtecjundiai.com.br\/news\/?p=83579"},"modified":"2021-10-18T10:34:52","modified_gmt":"2021-10-18T13:34:52","slug":"cadastro-unico-e-transferido-para-novo-endereco-no-complexo-fepasa","status":"publish","type":"post","link":"https:\/\/tvtecjundiai.com.br\/news\/2021\/10\/18\/cadastro-unico-e-transferido-para-novo-endereco-no-complexo-fepasa\/","title":{"rendered":"Cadastro \u00danico \u00e9 transferido para novo endere\u00e7o no Complexo Fepasa"},"content":{"rendered":"\n<p>O Cadastro \u00danico, servi\u00e7o vinculado no Munic\u00edpio \u00e0 Unidade de Gest\u00e3o de Assist\u00eancia e Desenvolvimento Social (UGADS), mudou para novo endere\u00e7o, mas permanece no Complexo Fepasa. A nova localiza\u00e7\u00e3o \u00e9 pr\u00f3xima \u00e0 Funda\u00e7\u00e3o Municipal de A\u00e7\u00e3o Social (FUMAS) e seu acesso mais f\u00e1cil \u00e9 pelo estacionamento descoberto do Complexo.<\/p>\n\n\n\n<p>O Cadastro \u00danico \u00e9 o servi\u00e7o respons\u00e1vel pela coleta e sistematiza\u00e7\u00e3o de dados da popula\u00e7\u00e3o em situa\u00e7\u00e3o de vulnerabilidade social, a fim de identificar os benef\u00edcios e programas sociais nas esferas municipal, estadual e federal cab\u00edveis para encaminhamentos conforme cada caso.<\/p>\n\n\n\n<p>Segundo a diretora do Departamento de Vigil\u00e2ncia Social da UGADS, Katsuscia Almeida, o atendimento no local \u00e9 feito via agendamento. \u201cPriorizamos os agendamentos via Centros de Refer\u00eancia de Assist\u00eancia Social (Cras) de cada territ\u00f3rio em que o usu\u00e1rio reside, pois assim ele j\u00e1 \u00e9 direcionado ao servi\u00e7o com hora marcada e com todos os documentos necess\u00e1rios, a fim de evitar filas e idas e vindas. No entanto, o servi\u00e7o atende de porta aberta e nenhum usu\u00e1rio sair\u00e1 do servi\u00e7o sem as informa\u00e7\u00f5es e encaminhamentos poss\u00edveis necess\u00e1rios\u201d.<\/p>\n\n\n\n<p>O novo endere\u00e7o ficou avenida Uni\u00e3o dos Ferrovi\u00e1rios, 2222, e o servi\u00e7o funciona de segunda a sexta-feira, das 8h30 \u00e0s 16h30. Mais informa\u00e7\u00f5es podem ser obtidas pelo n\u00famero (11) 94032-7022, que atende a liga\u00e7\u00f5es e WhatsApp, e pelo e-mail\u00a0<a href=\"mailto:cadunico@jundiai.sp.gov.br\">cadunico@jundiai.sp.gov.br<\/a>. J\u00e1 o telefone fixo (11) 4521-6995 tamb\u00e9m ser\u00e1 reinstalado em breve pela companhia telef\u00f4nica.<\/p>\n\n\n\n<div class=\"wp-block-image\"><figure class=\"aligncenter size-large\"><img loading=\"lazy\" decoding=\"async\" width=\"1200\" height=\"800\" src=\"https:\/\/tvtecjundiai.com.br\/news\/wp-content\/uploads\/sites\/2\/2021\/10\/nova-sede-cadastro-unico-8-1200x800.jpg\" alt=\"\" class=\"wp-image-83580\" srcset=\"https:\/\/tvtecjundiai.com.br\/news\/wp-content\/uploads\/sites\/2\/2021\/10\/nova-sede-cadastro-unico-8-1200x800.jpg 1200w, https:\/\/tvtecjundiai.com.br\/news\/wp-content\/uploads\/sites\/2\/2021\/10\/nova-sede-cadastro-unico-8-300x200.jpg 300w, https:\/\/tvtecjundiai.com.br\/news\/wp-content\/uploads\/sites\/2\/2021\/10\/nova-sede-cadastro-unico-8-768x512.jpg 768w, https:\/\/tvtecjundiai.com.br\/news\/wp-content\/uploads\/sites\/2\/2021\/10\/nova-sede-cadastro-unico-8.jpg 1280w\" sizes=\"auto, (max-width: 1200px) 100vw, 1200px\" \/><figcaption>Nova instala\u00e7\u00e3o do Cadastro \u00danico pode ser acessada a partir do estacionamento do Complexo, ao lado da Fumas<\/figcaption><\/figure><\/div>\n\n\n\n<p><strong><em>(Fonte\/Imagem: Prefeitura de Jundia\u00ed)<\/em><\/strong><\/p>\n","protected":false},"excerpt":{"rendered":"<p>Nova instala\u00e7\u00e3o do Cadastro \u00danico pode ser acessada a partir do estacionamento do Complexo, ao lado da Fumas.<\/p>\n","protected":false},"author":25,"featured_media":83580,"comment_status":"closed","ping_status":"closed","sticky":false,"template":"","format":"standard","meta":{"footnotes":""},"categories":[1],"tags":[],"class_list":["post-83579","post","type-post","status-publish","format-standard","has-post-thumbnail","hentry","category-noticias"],"_links":{"self":[{"href":"https:\/\/tvtecjundiai.com.br\/news\/wp-json\/wp\/v2\/posts\/83579","targetHints":{"allow":["GET"]}}],"collection":[{"href":"https:\/\/tvtecjundiai.com.br\/news\/wp-json\/wp\/v2\/posts"}],"about":[{"href":"https:\/\/tvtecjundiai.com.br\/news\/wp-json\/wp\/v2\/types\/post"}],"author":[{"embeddable":true,"href":"https:\/\/tvtecjundiai.com.br\/news\/wp-json\/wp\/v2\/users\/25"}],"replies":[{"embeddable":true,"href":"https:\/\/tvtecjundiai.com.br\/news\/wp-json\/wp\/v2\/comments?post=83579"}],"version-history":[{"count":1,"href":"https:\/\/tvtecjundiai.com.br\/news\/wp-json\/wp\/v2\/posts\/83579\/revisions"}],"predecessor-version":[{"id":83581,"href":"https:\/\/tvtecjundiai.com.br\/news\/wp-json\/wp\/v2\/posts\/83579\/revisions\/83581"}],"wp:featuredmedia":[{"embeddable":true,"href":"https:\/\/tvtecjundiai.com.br\/news\/wp-json\/wp\/v2\/media\/83580"}],"wp:attachment":[{"href":"https:\/\/tvtecjundiai.com.br\/news\/wp-json\/wp\/v2\/media?parent=83579"}],"wp:term":[{"taxonomy":"category","embeddable":true,"href":"https:\/\/tvtecjundiai.com.br\/news\/wp-json\/wp\/v2\/categories?post=83579"},{"taxonomy":"post_tag","embeddable":true,"href":"https:\/\/tvtecjundiai.com.br\/news\/wp-json\/wp\/v2\/tags?post=83579"}],"curies":[{"name":"wp","href":"https:\/\/api.w.org\/{rel}","templated":true}]}}