{"id":83703,"date":"2021-10-21T09:37:18","date_gmt":"2021-10-21T12:37:18","guid":{"rendered":"https:\/\/tvtecjundiai.com.br\/news\/?p=83703"},"modified":"2021-10-21T09:37:18","modified_gmt":"2021-10-21T12:37:18","slug":"usp-unicamp-e-unesp-vao-receber-repasse-extra-de-r-1-bilhao-do-estado-de-sp","status":"publish","type":"post","link":"https:\/\/tvtecjundiai.com.br\/news\/2021\/10\/21\/usp-unicamp-e-unesp-vao-receber-repasse-extra-de-r-1-bilhao-do-estado-de-sp\/","title":{"rendered":"USP, Unicamp e Unesp v\u00e3o receber repasse extra de R$ 1 bilh\u00e3o do Estado de SP"},"content":{"rendered":"\n<p>O governo de S\u00e3o Paulo anunciou nesta quarta-feira, 20, um repasse extra de R$ 1 bilh\u00e3o a ser dividido entre USP, Unicamp e Unesp. A verba ser\u00e1 destinada \u00e0 melhoria da infraestrutura f\u00edsica e tecnol\u00f3gica dos c\u00e2mpus para retomada presencial das aulas no p\u00f3s-pandemia e o repasse est\u00e1 previsto ainda para este ano.<\/p>\n\n\n\n<p>Patr\u00edcia Ellen, secret\u00e1ria estadual de Desenvolvimento Econ\u00f4mico, Ci\u00eancia e Tecnologia, disse que o cr\u00e9dito suplementar s\u00f3 foi poss\u00edvel gra\u00e7as \u00e0 reforma administrativa do Estado e que o objetivo \u00e9 apoiar os estudantes mais vulner\u00e1veis do ensino superior. &#8220;Al\u00e9m da moderniza\u00e7\u00e3o, conseguimos melhorar a seguran\u00e7a dos nossos alunos, servidores e docentes. Esse recurso adicional \u00e9 a garantia que as tr\u00eas universidades paulistas v\u00e3o poder continuar com as suas atividades&#8221;, afirmou Vahan Agopyan, reitor da USP.<\/p>\n\n\n\n<p>O cr\u00e9dito suplementar ser\u00e1 dividido conforme os mesmos crit\u00e9rios determinados na distribui\u00e7\u00e3o de 9,57% do ICMS, cota fixa da arrecada\u00e7\u00e3o estadual de imposto a qual as institui\u00e7\u00f5es t\u00eam direito. A divis\u00e3o prev\u00ea R$ 525,6 milh\u00f5es para a USP, R$ 245 milh\u00f5es para a Unesp e R$ 229,4 milh\u00f5es para a Unicamp.<\/p>\n\n\n\n<div class=\"wp-block-image\"><figure class=\"aligncenter size-full is-resized\"><img loading=\"lazy\" decoding=\"async\" src=\"https:\/\/tvtecjundiai.com.br\/news\/wp-content\/uploads\/sites\/2\/2021\/10\/1572812512468.jpg\" alt=\"\" class=\"wp-image-83704\" width=\"614\" height=\"558\" srcset=\"https:\/\/tvtecjundiai.com.br\/news\/wp-content\/uploads\/sites\/2\/2021\/10\/1572812512468.jpg 932w, https:\/\/tvtecjundiai.com.br\/news\/wp-content\/uploads\/sites\/2\/2021\/10\/1572812512468-300x273.jpg 300w, https:\/\/tvtecjundiai.com.br\/news\/wp-content\/uploads\/sites\/2\/2021\/10\/1572812512468-768x698.jpg 768w\" sizes=\"auto, (max-width: 614px) 100vw, 614px\" \/><figcaption>Fachada do pr\u00e9dio da Faculdade de Sa\u00fade P\u00fablica da Universidade de S\u00e3o Paulo Foto: Alex Silva<\/figcaption><\/figure><\/div>\n\n\n\n<p>Al\u00e9m desse investimento, o governador Jo\u00e3o Doria (PSDB) tamb\u00e9m anunciou que o or\u00e7amento de 2022 destinado \u00e0s universidades estaduais e \u00e0 Fapesp ser\u00e1 de R$ 17 bilh\u00f5es, um aumento geral de 41% em compara\u00e7\u00e3o com o total de 2018.<\/p>\n\n\n\n<p>De acordo com a Secretaria de Desenvolvimento Econ\u00f4mico, o reajuste para o pr\u00f3ximo ano ser\u00e1 dividido da seguinte forma: R$ 7,6 bilh\u00f5es para a USP (aumento de 24% em rela\u00e7\u00e3o ao ano anterior); R$ 3,8 bilh\u00f5es para a Unesp (aumento de 22%); R$ 3,7 bilh\u00f5es para a Unicamp (17% a mais); e R$ 1,85 bilh\u00e3o para a Fapesp (15% sobre o atual or\u00e7amento).<\/p>\n\n\n\n<p>Durante a coletiva de imprensa, Doria e Patr\u00edcia Ellen aproveitaram o an\u00fancio para criticarem o recente corte de 87% anunciado pelo governo federal na verba destinada \u00e0 ci\u00eancia e \u00e0 tecnologia. &#8220;Em um momento triste do Brasil, em que o obscurantismo custou milhares de vidas que se foram com a COVIDf-19, S\u00e3o Paulo reafirma a confian\u00e7a e a cren\u00e7a na ci\u00eancia&#8221;, disse o governador.<\/p>\n\n\n\n<p><strong><em>(Fonte: Estad\u00e3o\/Imagem: Alex Silva)<\/em><\/strong><\/p>\n","protected":false},"excerpt":{"rendered":"<p>Cr\u00e9dito suplementar ser\u00e1 dividido entre as universidades paulistas ainda este ano.<\/p>\n","protected":false},"author":25,"featured_media":83704,"comment_status":"closed","ping_status":"closed","sticky":false,"template":"","format":"standard","meta":{"footnotes":""},"categories":[2828,1],"tags":[],"class_list":["post-83703","post","type-post","status-publish","format-standard","has-post-thumbnail","hentry","category-educacao","category-noticias"],"_links":{"self":[{"href":"https:\/\/tvtecjundiai.com.br\/news\/wp-json\/wp\/v2\/posts\/83703","targetHints":{"allow":["GET"]}}],"collection":[{"href":"https:\/\/tvtecjundiai.com.br\/news\/wp-json\/wp\/v2\/posts"}],"about":[{"href":"https:\/\/tvtecjundiai.com.br\/news\/wp-json\/wp\/v2\/types\/post"}],"author":[{"embeddable":true,"href":"https:\/\/tvtecjundiai.com.br\/news\/wp-json\/wp\/v2\/users\/25"}],"replies":[{"embeddable":true,"href":"https:\/\/tvtecjundiai.com.br\/news\/wp-json\/wp\/v2\/comments?post=83703"}],"version-history":[{"count":1,"href":"https:\/\/tvtecjundiai.com.br\/news\/wp-json\/wp\/v2\/posts\/83703\/revisions"}],"predecessor-version":[{"id":83705,"href":"https:\/\/tvtecjundiai.com.br\/news\/wp-json\/wp\/v2\/posts\/83703\/revisions\/83705"}],"wp:featuredmedia":[{"embeddable":true,"href":"https:\/\/tvtecjundiai.com.br\/news\/wp-json\/wp\/v2\/media\/83704"}],"wp:attachment":[{"href":"https:\/\/tvtecjundiai.com.br\/news\/wp-json\/wp\/v2\/media?parent=83703"}],"wp:term":[{"taxonomy":"category","embeddable":true,"href":"https:\/\/tvtecjundiai.com.br\/news\/wp-json\/wp\/v2\/categories?post=83703"},{"taxonomy":"post_tag","embeddable":true,"href":"https:\/\/tvtecjundiai.com.br\/news\/wp-json\/wp\/v2\/tags?post=83703"}],"curies":[{"name":"wp","href":"https:\/\/api.w.org\/{rel}","templated":true}]}}