{"id":83715,"date":"2021-10-21T11:51:37","date_gmt":"2021-10-21T14:51:37","guid":{"rendered":"https:\/\/tvtecjundiai.com.br\/news\/?p=83715"},"modified":"2021-10-21T14:59:30","modified_gmt":"2021-10-21T17:59:30","slug":"focinho-solidario-empresas-podem-fazer-doacao-de-racao-1","status":"publish","type":"post","link":"https:\/\/tvtecjundiai.com.br\/news\/2021\/10\/21\/focinho-solidario-empresas-podem-fazer-doacao-de-racao-1\/","title":{"rendered":"Focinho Solid\u00e1rio: empresas de Jundia\u00ed e regi\u00e3o podem fazer doa\u00e7\u00e3o de ra\u00e7\u00e3o"},"content":{"rendered":"\n<p>Iniciada em agosto, a campanha Focinho Solid\u00e1rio conta com a parceria de empresas para poder atender c\u00e3es e gatos de fam\u00edlias em vulnerabilidade de Jundia\u00ed. Promovida pela Unidade de Gest\u00e3o de Planejamento Urbano e Meio Ambiente\/Departamento de Bem-Estar Animal (UGPUMA\/DEBEA) e pela Unidade de Gest\u00e3o de Assist\u00eancia e Desenvolvimento Social (UGADS), com articula\u00e7\u00e3o da Rede Jundia\u00ed de Coopera\u00e7\u00e3o, a campanha j\u00e1 recebeu a doa\u00e7\u00e3o de quase uma tonelada de ra\u00e7\u00e3o da empresa C\u00e3o Late, que tamb\u00e9m \u00e9 ponto de coleta de doa\u00e7\u00e3o de mun\u00edcipes.<\/p>\n\n\n\n<p>\u201cConvidamos as empresas para que se juntem a n\u00f3s nesta causa para ajudarmos os animais de fam\u00edlias em situa\u00e7\u00e3o de vulnerabilidade. A campanha permanente Focinho Solid\u00e1rio tem como objetivo angariar apoio, arrecadar ra\u00e7\u00e3o e\/ou cong\u00eaneres para c\u00e3es e gatos e cadastrar pontos de coleta de doa\u00e7\u00e3o de ra\u00e7\u00e3o\u201d, explica a diretora do DEBEA, Daniela Ara\u00fajo Passos.<\/p>\n\n\n\n<p>Os interessados em participar devem enviar e-mail para o Departamento de Bem-Estar Animal (debea@jundiai.sp.gov.br) com suas propostas. \u00c9 preciso encaminhar proposta com a especifica\u00e7\u00e3o das formas de divulga\u00e7\u00e3o da a\u00e7\u00e3o, como sites e\/ou redes sociais em que ser\u00e3o veiculados os dados da campanha; especifica\u00e7\u00e3o do local de armazenamento das doa\u00e7\u00f5es, que garanta a integridade do material e dados de contato do respons\u00e1vel pela campanha, al\u00e9m da documenta\u00e7\u00e3o exigida no edital.<\/p>\n\n\n\n<p>\u201c\u201cFocinho Solid\u00e1rio \u00e9 mais um exemplo de parceria que d\u00e1 certo. As empresas participantes ganham visibilidade com a campanha, a popula\u00e7\u00e3o mais vulner\u00e1vel \u00e9 beneficiada com as ra\u00e7\u00f5es para seus animais de estima\u00e7\u00e3o. \u00c9 uma a\u00e7\u00e3o que resguarda a dignidade das fam\u00edlias e o bem estar dos animais\u201d, afirma o gestor de Governo e Finan\u00e7as, Jos\u00e9 Antonio Parimoschi.<\/p>\n\n\n\n<div class=\"wp-block-image\"><figure class=\"aligncenter size-large\"><img loading=\"lazy\" decoding=\"async\" width=\"1200\" height=\"801\" src=\"https:\/\/tvtecjundiai.com.br\/news\/wp-content\/uploads\/sites\/2\/2021\/10\/debea_adocao-235-1200x801.jpg\" alt=\"\" class=\"wp-image-83716\" srcset=\"https:\/\/tvtecjundiai.com.br\/news\/wp-content\/uploads\/sites\/2\/2021\/10\/debea_adocao-235-1200x801.jpg 1200w, https:\/\/tvtecjundiai.com.br\/news\/wp-content\/uploads\/sites\/2\/2021\/10\/debea_adocao-235-300x200.jpg 300w, https:\/\/tvtecjundiai.com.br\/news\/wp-content\/uploads\/sites\/2\/2021\/10\/debea_adocao-235-768x512.jpg 768w, https:\/\/tvtecjundiai.com.br\/news\/wp-content\/uploads\/sites\/2\/2021\/10\/debea_adocao-235.jpg 1280w\" sizes=\"auto, (max-width: 1200px) 100vw, 1200px\" \/><figcaption>Gatos e c\u00e3es de fam\u00edlias em vulnerabilidade receber\u00e3o as doa\u00e7\u00f5es do Focinho Solid\u00e1rio<\/figcaption><\/figure><\/div>\n\n\n\n<p>As ra\u00e7\u00f5es arrecadadas pela campanha ser\u00e3o destinadas para as fam\u00edlias em vulnerabilidade de Jundia\u00ed. A triagem e defini\u00e7\u00e3o dos benefici\u00e1rios s\u00e3o realizadas pela UGADS. A campanha est\u00e1 em conson\u00e2ncia com a Lei Municipal n\u00ba 9.440\/2020, que permite respaldo legal e meios de incentivo \u00e0s iniciativas da sociedade civil para arrecada\u00e7\u00e3o de alimentos para c\u00e3es e gatos, de autoria do vereador Faouaz Taha.<\/p>\n\n\n\n<p>Para mais informa\u00e7\u00f5es sobre a campanha Focinho Solid\u00e1rio, os interessados podem acessar o site ou ligar para o DEBEA, no telefone (11) 4582-2649, ou na Rede Jundia\u00ed de Coopera\u00e7\u00e3o, pelo (11) 4589-8602.<\/p>\n\n\n\n<p><strong><em>(Fonte\/Imagem: Prefeitura de Jundia\u00ed)<\/em><\/strong><\/p>\n","protected":false},"excerpt":{"rendered":"<p>Gatos e c\u00e3es de fam\u00edlias em vulnerabilidade receber\u00e3o as doa\u00e7\u00f5es do Focinho Solid\u00e1rio.<\/p>\n","protected":false},"author":25,"featured_media":83716,"comment_status":"closed","ping_status":"closed","sticky":false,"template":"","format":"standard","meta":{"footnotes":""},"categories":[1],"tags":[],"class_list":["post-83715","post","type-post","status-publish","format-standard","has-post-thumbnail","hentry","category-noticias"],"_links":{"self":[{"href":"https:\/\/tvtecjundiai.com.br\/news\/wp-json\/wp\/v2\/posts\/83715","targetHints":{"allow":["GET"]}}],"collection":[{"href":"https:\/\/tvtecjundiai.com.br\/news\/wp-json\/wp\/v2\/posts"}],"about":[{"href":"https:\/\/tvtecjundiai.com.br\/news\/wp-json\/wp\/v2\/types\/post"}],"author":[{"embeddable":true,"href":"https:\/\/tvtecjundiai.com.br\/news\/wp-json\/wp\/v2\/users\/25"}],"replies":[{"embeddable":true,"href":"https:\/\/tvtecjundiai.com.br\/news\/wp-json\/wp\/v2\/comments?post=83715"}],"version-history":[{"count":2,"href":"https:\/\/tvtecjundiai.com.br\/news\/wp-json\/wp\/v2\/posts\/83715\/revisions"}],"predecessor-version":[{"id":83728,"href":"https:\/\/tvtecjundiai.com.br\/news\/wp-json\/wp\/v2\/posts\/83715\/revisions\/83728"}],"wp:featuredmedia":[{"embeddable":true,"href":"https:\/\/tvtecjundiai.com.br\/news\/wp-json\/wp\/v2\/media\/83716"}],"wp:attachment":[{"href":"https:\/\/tvtecjundiai.com.br\/news\/wp-json\/wp\/v2\/media?parent=83715"}],"wp:term":[{"taxonomy":"category","embeddable":true,"href":"https:\/\/tvtecjundiai.com.br\/news\/wp-json\/wp\/v2\/categories?post=83715"},{"taxonomy":"post_tag","embeddable":true,"href":"https:\/\/tvtecjundiai.com.br\/news\/wp-json\/wp\/v2\/tags?post=83715"}],"curies":[{"name":"wp","href":"https:\/\/api.w.org\/{rel}","templated":true}]}}