{"id":83744,"date":"2022-02-09T11:29:26","date_gmt":"2022-02-09T14:29:26","guid":{"rendered":"https:\/\/tvtecjundiai.com.br\/news\/?p=83744"},"modified":"2022-02-09T11:29:36","modified_gmt":"2022-02-09T14:29:36","slug":"na-reta-final-da-gravidez-caroline-vence-a-covid-19","status":"publish","type":"post","link":"https:\/\/tvtecjundiai.com.br\/news\/2022\/02\/09\/na-reta-final-da-gravidez-caroline-vence-a-covid-19\/","title":{"rendered":"Na reta final da gravidez, Caroline vence a COVID-19"},"content":{"rendered":"\n<p>Na reta final da gravidez, Caroline Godoy foi diagnosticada com COVID-19. Apesar de seguir os protocolos sanit\u00e1rios, o que come\u00e7ou com uma simples dor de garganta se transformou em dias de inseguran\u00e7a. &#8220;Como a imunidade de gestante fica bem debilitada, no in\u00edcio pensei que era apenas uma infec\u00e7\u00e3o de garganta, que come\u00e7ou na quinta-feira. No dia seguinte eu acordei melhor, mas vieram a coriza e a tosse. Mesmo assim, continuei achando normal. Foi no final de semana que eu apresentei febre, calafrios e dor no corpo&#8221;, diz a gestante.<\/p>\n\n\n\n<div class=\"wp-block-image\"><figure class=\"aligncenter size-full\"><img loading=\"lazy\" decoding=\"async\" width=\"637\" height=\"435\" src=\"https:\/\/tvtecjundiai.com.br\/news\/wp-content\/uploads\/sites\/2\/2022\/02\/u890.png\" alt=\"\" class=\"wp-image-88549\" srcset=\"https:\/\/tvtecjundiai.com.br\/news\/wp-content\/uploads\/sites\/2\/2022\/02\/u890.png 637w, https:\/\/tvtecjundiai.com.br\/news\/wp-content\/uploads\/sites\/2\/2022\/02\/u890-300x205.png 300w\" sizes=\"auto, (max-width: 637px) 100vw, 637px\" \/><\/figure><\/div>\n\n\n\n<p>Caroline n\u00e3o estava preocupada com os sintomas, mas resolveu comunicar a empresa em que trabalha que ficaria em casa. &#8220;Antes de eu avisar, eles me falaram que algumas pessoas l\u00e1 tinham testado positivo para COVID. Foi quando me acendeu um alerta, fiz o teste e deu positivo&#8221;, explica.<\/p>\n\n\n\n<p>A gestante conta que o per\u00edodo foi tranquilo, mas a inseguran\u00e7a era de que os sintomas piorassem. &#8220;A gente fica inseguro por n\u00e3o saber como vai ser. Tamb\u00e9m fiquei preocupada com o meu esposo, que tem problemas respirat\u00f3rios e come\u00e7ou a apresentar sintomas depois de alguns dias. O que me deixou mais tranquila foi que eu j\u00e1 estava vacinada com as duas doses e ele com uma dose. Acredito que a vacina ajudou a conter o quadro&#8221;, afirma.<\/p>\n\n\n\n<p>Com sintomas leves, a recupera\u00e7\u00e3o caminhou bem. Em casa, Caroline aguarda a chegada da filha Maria Luiza. Al\u00e9m da preocupa\u00e7\u00e3o com o marido, as incertezas foram muitas, por se tratar de uma doen\u00e7a desconhecida e ser a primeira gesta\u00e7\u00e3o da paciente.<\/p>\n\n\n\n<p>A gestante considera que a parte mais afetada \u00e9 o psicol\u00f3gico. &#8220;Parece que depois de receber o diagn\u00f3stico da COVID-19, voc\u00ea nunca sabe se os sintomas est\u00e3o mesmo mais fortes e se voc\u00ea realmente est\u00e1 sentindo isso, ou se \u00e9 psicol\u00f3gico. O que eu fiquei realmente preocupada foi por conta da gesta\u00e7\u00e3o&#8221;, diz. <\/p>\n\n\n\n<p>A m\u00e3e s\u00f3 ficou mais calma depois de ir ao hospital, seguindo os protocolos de seguran\u00e7a. &#8220;Passei na maternidade, o m\u00e9dico fez exames e disse que estava tudo certo com o beb\u00ea, o que me tranquilizou&#8221;, conta. <\/p>\n\n\n\n<p>Como Maria Luiza corre o risco de chegar antes do tempo, Caroline est\u00e1 afastada do trabalho por enquanto. O olfato e o paladar est\u00e3o voltando aos poucos, mas todos est\u00e3o bem.<\/p>\n\n\n\n<p>Segundo Caroline, toda gr\u00e1vida quer ter uma gesta\u00e7\u00e3o tranquila, trabalhar at\u00e9 o final da gravidez e continuar muito ativa. &#8220;Tudo isso me fez colocar na balan\u00e7a, e assim a gente pensa o que \u00e9 realmente importante. Apesar de trabalhar ser necess\u00e1rio, eu optei por me afastar do escrit\u00f3rio para desacelerar, pensando na minha sa\u00fade e na sa\u00fade da minha filha, porque \u00e9 o que temos de mais valioso&#8221;, explica.<\/p>\n\n\n\n<p>A batalha contra a COVID-19 virou hist\u00f3ria para contar. &#8220;Eu brincava, falava com a barriga e dizia para a minha filha que eu e ela temos muita hist\u00f3ria para contar, porque eu tive COVID e venci a doen\u00e7a justamente durante a gesta\u00e7\u00e3o&#8221;, diz.<\/p>\n","protected":false},"excerpt":{"rendered":"<p>A gestante teve sintomas leves ap\u00f3s tomar as duas doses da vacina<\/p>\n","protected":false},"author":25,"featured_media":88549,"comment_status":"closed","ping_status":"closed","sticky":false,"template":"","format":"standard","meta":{"footnotes":""},"categories":[8356,1],"tags":[],"class_list":["post-83744","post","type-post","status-publish","format-standard","has-post-thumbnail","hentry","category-jundiai","category-noticias"],"_links":{"self":[{"href":"https:\/\/tvtecjundiai.com.br\/news\/wp-json\/wp\/v2\/posts\/83744","targetHints":{"allow":["GET"]}}],"collection":[{"href":"https:\/\/tvtecjundiai.com.br\/news\/wp-json\/wp\/v2\/posts"}],"about":[{"href":"https:\/\/tvtecjundiai.com.br\/news\/wp-json\/wp\/v2\/types\/post"}],"author":[{"embeddable":true,"href":"https:\/\/tvtecjundiai.com.br\/news\/wp-json\/wp\/v2\/users\/25"}],"replies":[{"embeddable":true,"href":"https:\/\/tvtecjundiai.com.br\/news\/wp-json\/wp\/v2\/comments?post=83744"}],"version-history":[{"count":3,"href":"https:\/\/tvtecjundiai.com.br\/news\/wp-json\/wp\/v2\/posts\/83744\/revisions"}],"predecessor-version":[{"id":88551,"href":"https:\/\/tvtecjundiai.com.br\/news\/wp-json\/wp\/v2\/posts\/83744\/revisions\/88551"}],"wp:featuredmedia":[{"embeddable":true,"href":"https:\/\/tvtecjundiai.com.br\/news\/wp-json\/wp\/v2\/media\/88549"}],"wp:attachment":[{"href":"https:\/\/tvtecjundiai.com.br\/news\/wp-json\/wp\/v2\/media?parent=83744"}],"wp:term":[{"taxonomy":"category","embeddable":true,"href":"https:\/\/tvtecjundiai.com.br\/news\/wp-json\/wp\/v2\/categories?post=83744"},{"taxonomy":"post_tag","embeddable":true,"href":"https:\/\/tvtecjundiai.com.br\/news\/wp-json\/wp\/v2\/tags?post=83744"}],"curies":[{"name":"wp","href":"https:\/\/api.w.org\/{rel}","templated":true}]}}