{"id":83763,"date":"2021-10-22T09:48:22","date_gmt":"2021-10-22T12:48:22","guid":{"rendered":"https:\/\/tvtecjundiai.com.br\/news\/?p=83763"},"modified":"2021-10-22T10:32:04","modified_gmt":"2021-10-22T13:32:04","slug":"fundacao-antonio-antonieta-cintra-gordinho-abre-inscricoes-para-2022-1","status":"publish","type":"post","link":"https:\/\/tvtecjundiai.com.br\/news\/2021\/10\/22\/fundacao-antonio-antonieta-cintra-gordinho-abre-inscricoes-para-2022-1\/","title":{"rendered":"Funda\u00e7\u00e3o Ant\u00f4nio-Antonieta Cintra Gordinho, em Jundia\u00ed, abre inscri\u00e7\u00f5es para 2022"},"content":{"rendered":"\n<p>A Funda\u00e7\u00e3o Ant\u00f4nio-Antonieta Cintra Gordinho, uma entidade privada e sem fins lucrativos, abre as inscri\u00e7\u00f5es na pr\u00f3xima segunda-feira (25), para vagas na Escola Integral Ant\u00f4nio Cintra Gordinho. As vagas s\u00e3o divididas em:<\/p>\n\n\n\n<ul class=\"wp-block-list\"><li>09 vagas para o 1\u00ba ano do Ensino Fundamental;<\/li><li>30 vagas para o 1\u00ba ano do Ensino M\u00e9dio;<\/li><li>20 vagas para o curso T\u00e9cnico em Administra\u00e7\u00e3o;<\/li><li>10 vagas para o curso T\u00e9cnico em Inform\u00e1tica.<\/li><\/ul>\n\n\n\n<p>A escola \u00e9 gratuita n\u00e3o h\u00e1 mensalidades. Para se inscrever, os alunos devem se encaixar nos seguintes crit\u00e9rios:<\/p>\n\n\n\n<ul class=\"wp-block-list\"><li>Ser morador de Jundia\u00ed;<\/li><li>Possuir renda familiar de at\u00e9 um sal\u00e1rio-m\u00ednimo e meio por pessoa;<\/li><li>Para os cursos t\u00e9cnicos, \u00e9 preciso estar matriculado no 2\u00ba ou 3\u00ba ano do Ensino M\u00e9dio.<\/li><\/ul>\n\n\n\n<p>Para as vagas do 1\u00ba ano do ensino Fundamental, a escolha \u00e9 feita atrav\u00e9s de sorteio. J\u00e1 para as vagas do Ensino M\u00e9dio e T\u00e9cnico, \u00e9 avaliado o desempenho escolar do aluno e crit\u00e9rios socioecon\u00f4micos, mediante avalia\u00e7\u00e3o realizada pelo servi\u00e7o social e conhecimento da din\u00e2mica familiar.<\/p>\n\n\n\n<p><strong>Inscri\u00e7\u00f5es<\/strong><\/p>\n\n\n\n<p>As inscri\u00e7\u00f5es dever\u00e3o ser feitas do dia 25\/10 at\u00e9 o dia 15\/11. O edital completo e a ficha de inscri\u00e7\u00e3o est\u00e3o dispon\u00edveis no site: www.faacg.org.br\/inscricoes.<\/p>\n\n\n\n<p>A rela\u00e7\u00e3o dos candidatos aprovados para concorrer \u00e0s vagas ser\u00e1 divulgada no site da Funda\u00e7\u00e3o, no dia 19\/11.<\/p>\n\n\n\n<p>Em caso de d\u00favidas ou outras informa\u00e7\u00f5es, enviar e-mail para servicosocial@faacg.org.br, ou pelo celular e Whatsapp (11) 99774-2829<\/p>\n\n\n\n<p><strong>Funda\u00e7\u00e3o Ant\u00f4nio-Antonieta Cintra Gordinho<\/strong><\/p>\n\n\n\n<p>A Funda\u00e7\u00e3o Ant\u00f4nio-Antonieta Cintra Gordinho \u00e9 uma entidade privada e sem fins lucrativos, institu\u00edda pelo casal Antonio &#8211; Antonieta Cintra Gordinho em 1957, com a miss\u00e3o de educar crian\u00e7as e adolescentes, cultivar a pr\u00e1tica de valores \u00e9ticos e morais essenciais para o desenvolvimento de sua identidade plena e exerc\u00edcio da cidadania.<\/p>\n\n\n\n<p>O objetivo da Funda\u00e7\u00e3o \u00e9 oferecer a crian\u00e7as e adolescentes uma educa\u00e7\u00e3o de qualidade, em constante evolu\u00e7\u00e3o e aprimoramento.<\/p>\n\n\n\n<figure class=\"wp-block-image size-large\"><img loading=\"lazy\" decoding=\"async\" width=\"1200\" height=\"668\" src=\"https:\/\/tvtecjundiai.com.br\/news\/wp-content\/uploads\/sites\/2\/2021\/10\/10d38845-f5c3-4a41-bfaa-317a50a6afb6-1200x668.jpg\" alt=\"\" class=\"wp-image-83765\" srcset=\"https:\/\/tvtecjundiai.com.br\/news\/wp-content\/uploads\/sites\/2\/2021\/10\/10d38845-f5c3-4a41-bfaa-317a50a6afb6-1200x668.jpg 1200w, https:\/\/tvtecjundiai.com.br\/news\/wp-content\/uploads\/sites\/2\/2021\/10\/10d38845-f5c3-4a41-bfaa-317a50a6afb6-300x167.jpg 300w, https:\/\/tvtecjundiai.com.br\/news\/wp-content\/uploads\/sites\/2\/2021\/10\/10d38845-f5c3-4a41-bfaa-317a50a6afb6-768x427.jpg 768w, https:\/\/tvtecjundiai.com.br\/news\/wp-content\/uploads\/sites\/2\/2021\/10\/10d38845-f5c3-4a41-bfaa-317a50a6afb6.jpg 1280w\" sizes=\"auto, (max-width: 1200px) 100vw, 1200px\" \/><figcaption> A Funda\u00e7\u00e3o \u00e9 uma entidade privada sem fins lucrativos que oferece a crian\u00e7as e adolescentes uma educa\u00e7\u00e3o de qualidade <\/figcaption><\/figure>\n\n\n\n<p><\/p>\n","protected":false},"excerpt":{"rendered":"<p>Vagas s\u00e3o para o 1\u00ba ano do Ensino Fundamental, Ensino M\u00e9dio e cursos<br \/>\nt\u00e9cnicos<\/p>\n","protected":false},"author":25,"featured_media":0,"comment_status":"closed","ping_status":"closed","sticky":false,"template":"","format":"standard","meta":{"footnotes":""},"categories":[2828],"tags":[],"class_list":["post-83763","post","type-post","status-publish","format-standard","hentry","category-educacao"],"_links":{"self":[{"href":"https:\/\/tvtecjundiai.com.br\/news\/wp-json\/wp\/v2\/posts\/83763","targetHints":{"allow":["GET"]}}],"collection":[{"href":"https:\/\/tvtecjundiai.com.br\/news\/wp-json\/wp\/v2\/posts"}],"about":[{"href":"https:\/\/tvtecjundiai.com.br\/news\/wp-json\/wp\/v2\/types\/post"}],"author":[{"embeddable":true,"href":"https:\/\/tvtecjundiai.com.br\/news\/wp-json\/wp\/v2\/users\/25"}],"replies":[{"embeddable":true,"href":"https:\/\/tvtecjundiai.com.br\/news\/wp-json\/wp\/v2\/comments?post=83763"}],"version-history":[{"count":2,"href":"https:\/\/tvtecjundiai.com.br\/news\/wp-json\/wp\/v2\/posts\/83763\/revisions"}],"predecessor-version":[{"id":83784,"href":"https:\/\/tvtecjundiai.com.br\/news\/wp-json\/wp\/v2\/posts\/83763\/revisions\/83784"}],"wp:attachment":[{"href":"https:\/\/tvtecjundiai.com.br\/news\/wp-json\/wp\/v2\/media?parent=83763"}],"wp:term":[{"taxonomy":"category","embeddable":true,"href":"https:\/\/tvtecjundiai.com.br\/news\/wp-json\/wp\/v2\/categories?post=83763"},{"taxonomy":"post_tag","embeddable":true,"href":"https:\/\/tvtecjundiai.com.br\/news\/wp-json\/wp\/v2\/tags?post=83763"}],"curies":[{"name":"wp","href":"https:\/\/api.w.org\/{rel}","templated":true}]}}