{"id":83880,"date":"2021-10-23T18:10:44","date_gmt":"2021-10-23T21:10:44","guid":{"rendered":"https:\/\/tvtecjundiai.com.br\/news\/?p=83880"},"modified":"2021-10-23T18:10:54","modified_gmt":"2021-10-23T21:10:54","slug":"vacinacao-covid-19-jundiai-aplica-81-mil-doses-em-mais-um-dia-v","status":"publish","type":"post","link":"https:\/\/tvtecjundiai.com.br\/news\/2021\/10\/23\/vacinacao-covid-19-jundiai-aplica-81-mil-doses-em-mais-um-dia-v\/","title":{"rendered":"Vacina\u00e7\u00e3o COVID-19: Jundia\u00ed aplica 8,1 mil doses em mais um Dia V"},"content":{"rendered":"\n<p>Com oferta das doses de todos os imunizantes dispon\u00edveis para aplica\u00e7\u00e3o em segunda e terceira doses contra COVID-19, Jundia\u00ed realizou, neste s\u00e1bado (23), em mais uma a\u00e7\u00e3o de Dia V, 8.149 aplica\u00e7\u00f5es de vacinas. Com atendimento para p\u00fablicos com agendamento autom\u00e1tico, via canais digitais e demanda espont\u00e2nea, o movimento em todos os pontos de vacina\u00e7\u00e3o dispon\u00edveis foi intenso ao longo de todo o dia.<\/p>\n\n\n\n<p>No Parque da Uva, local onde est\u00e1 centralizada a aplica\u00e7\u00e3o de segunda dose em demanda espont\u00e2nea do imunizante Pfizer, o movimento no per\u00edodo da manh\u00e3 foi para aplica\u00e7\u00e3o de terceira dose para pessoas imunossuprimidas e idosos com 60 anos ou mais, ambos agendados pelos canais digitais da Prefeitura de Jundia\u00ed para o atendimento em sistema drive-thru. Lilian Gottardi levou os pais Luzia, 69 anos, e Wilson, 70 anos, para a terceira aplica\u00e7\u00e3o contra a COVID-19. \u201cTudo muito r\u00e1pido e pr\u00e1tico. O agendamento foi f\u00e1cil e o atendimento no carro \u00e9 uma facilidade. Estamos muito felizes\u201d, comemorou a mulher, enquanto garantia a foto da aplica\u00e7\u00e3o dos pais.<\/p>\n\n\n\n<p>Dona Isaura Ferreira, 79 anos, moradora no bairro Santa Gertrudes, estava feliz em receber a terceira dose. \u201c\u00c9 mais uma dose de esperan\u00e7a\u201d, comentou logo ap\u00f3s receber a aplica\u00e7\u00e3o e o comprovante assinado e carimbado pelos t\u00e9cnicos da Unidade de Gest\u00e3o de Promo\u00e7\u00e3o da Sa\u00fade (UGPS).<\/p>\n\n\n\n<figure class=\"wp-block-image\"><img decoding=\"async\" src=\"https:\/\/jundiai.sp.gov.br\/noticias\/wp-content\/uploads\/sites\/32\/2021\/10\/img-20211023-wa0080.jpg\" alt=\"\" class=\"wp-image-279115\" \/><figcaption>Dona Isaura Ferreira, 79 anos, tomou a terceira dose da vacina contra COVID-19<\/figcaption><\/figure>\n\n\n\n<p>Dona Jamile Santos, moradora no Jardim do Lago, sabe que, apesar da vacina proteger, o uso de m\u00e1scara e das demais medidas preventivas n\u00e3o devem ser deixados de lado. \u201cO sentimento hoje \u00e9 de felicidade. A vacina \u00e9 vida. Agora podemos voltar um pouco mais a tranquilidade, conviver com a fam\u00edlia e com os amigos, mas sempre com as medidas de prote\u00e7\u00e3o\u201d, comentou.<\/p>\n\n\n\n<figure class=\"wp-block-image\"><img decoding=\"async\" src=\"https:\/\/jundiai.sp.gov.br\/noticias\/wp-content\/uploads\/sites\/32\/2021\/10\/img-20211023-wa0081.jpg\" alt=\"\" class=\"wp-image-279120\" \/><figcaption>Fam\u00edlias acompanharam a aplica\u00e7\u00e3o<\/figcaption><\/figure>\n\n\n\n<p><strong>Adolescentes<\/strong><\/p>\n\n\n\n<p>Alice Parpinelli Strocati Dias, 12 anos, est\u00e1 no grupo dos adolescentes aptos a receber a segunda dose de vacina Pfizer. A menina gravou um v\u00eddeo para postar nas redes sociais particulares para chamar a aten\u00e7\u00e3o dos jovens para a necessidade da recep\u00e7\u00e3o da segunda dose. \u201cEu e meus amigos j\u00e1 tomamos a primeira e vamos agendar para aplicar a segunda. A vacina salva vidas\u201d, comenta a estudante. Para a m\u00e3e, Patr\u00edcia, o est\u00edmulo entre os jovens \u00e9 essencial. \u201cEles sa\u00edram da primeira dose com um agendamento, mas o prazo foi alterado. A divulga\u00e7\u00e3o entre eles \u00e9 fundamental\u201d, comenta.<\/p>\n\n\n\n<figure class=\"wp-block-image\"><img decoding=\"async\" src=\"https:\/\/jundiai.sp.gov.br\/noticias\/wp-content\/uploads\/sites\/32\/2021\/10\/img-20211023-wa0059.jpg\" alt=\"\" class=\"wp-image-279116\" \/><figcaption>Alice, 12 anos, gravou um v\u00eddeo para as redes sociais chamando os adolescentes para a vacina\u00e7\u00e3o em segunda dose<\/figcaption><\/figure>\n\n\n\n<p><strong>Continuidade<\/strong><\/p>\n\n\n\n<p>A vacina\u00e7\u00e3o contra COVID-19 em Jundia\u00ed continua em atendimento h\u00e1 v\u00e1rios grupos. O calend\u00e1rio pode ser consultado no site da Prefeitura de Jundia\u00ed, no link Calend\u00e1rio de Vacina\u00e7\u00e3o. Os grupos com agendamento dispon\u00edvel no site e no APP Jundia\u00ed (idosos com 60 anos ou mais que receberam a segunda dose at\u00e9 30 de abril e imunossuprimidos que receberam a segunda aplica\u00e7\u00e3o at\u00e9 02 de outubro) podem escolher o local e a data para receber a dose, conforme a data da primeira aplica\u00e7\u00e3o.<\/p>\n\n\n\n<figure class=\"wp-block-image\"><img decoding=\"async\" src=\"https:\/\/jundiai.sp.gov.br\/noticias\/wp-content\/uploads\/sites\/32\/2021\/10\/img-20211023-wa0089.jpg\" alt=\"\" class=\"wp-image-279118\" \/><figcaption>Casal Joel e M\u00e1rcia Tereza receberam a terceira dose no Parque da Uva<\/figcaption><\/figure>\n\n\n\n<p>Jundia\u00ed totaliza, neste s\u00e1bado (23), de acordo com o site VacinaJ\u00e1, do Governo do Estado de S\u00e3o Paulo, 658.688 doses aplicadas, sendo 338.970 em primeira doses, 286.173 em segunda dose e 22.316 em terceira dose, al\u00e9m das 11.229 em dose \u00fanica. A cidade contabiliza mais de 87% da popula\u00e7\u00e3o adulta vacina com duas doses.<\/p>\n\n\n\n<p><\/p>\n\n\n\n<p>Prefeitura de Jundia\u00ed<\/p>\n","protected":false},"excerpt":{"rendered":"<p>O movimento foi intenso ao longo de todo o dia.<\/p>\n","protected":false},"author":19,"featured_media":83881,"comment_status":"closed","ping_status":"closed","sticky":false,"template":"","format":"standard","meta":{"footnotes":""},"categories":[1],"tags":[],"class_list":["post-83880","post","type-post","status-publish","format-standard","has-post-thumbnail","hentry","category-noticias"],"_links":{"self":[{"href":"https:\/\/tvtecjundiai.com.br\/news\/wp-json\/wp\/v2\/posts\/83880","targetHints":{"allow":["GET"]}}],"collection":[{"href":"https:\/\/tvtecjundiai.com.br\/news\/wp-json\/wp\/v2\/posts"}],"about":[{"href":"https:\/\/tvtecjundiai.com.br\/news\/wp-json\/wp\/v2\/types\/post"}],"author":[{"embeddable":true,"href":"https:\/\/tvtecjundiai.com.br\/news\/wp-json\/wp\/v2\/users\/19"}],"replies":[{"embeddable":true,"href":"https:\/\/tvtecjundiai.com.br\/news\/wp-json\/wp\/v2\/comments?post=83880"}],"version-history":[{"count":1,"href":"https:\/\/tvtecjundiai.com.br\/news\/wp-json\/wp\/v2\/posts\/83880\/revisions"}],"predecessor-version":[{"id":83882,"href":"https:\/\/tvtecjundiai.com.br\/news\/wp-json\/wp\/v2\/posts\/83880\/revisions\/83882"}],"wp:featuredmedia":[{"embeddable":true,"href":"https:\/\/tvtecjundiai.com.br\/news\/wp-json\/wp\/v2\/media\/83881"}],"wp:attachment":[{"href":"https:\/\/tvtecjundiai.com.br\/news\/wp-json\/wp\/v2\/media?parent=83880"}],"wp:term":[{"taxonomy":"category","embeddable":true,"href":"https:\/\/tvtecjundiai.com.br\/news\/wp-json\/wp\/v2\/categories?post=83880"},{"taxonomy":"post_tag","embeddable":true,"href":"https:\/\/tvtecjundiai.com.br\/news\/wp-json\/wp\/v2\/tags?post=83880"}],"curies":[{"name":"wp","href":"https:\/\/api.w.org\/{rel}","templated":true}]}}