{"id":83902,"date":"2021-11-06T09:00:00","date_gmt":"2021-11-06T12:00:00","guid":{"rendered":"https:\/\/tvtecjundiai.com.br\/news\/?p=83902"},"modified":"2021-10-28T12:33:46","modified_gmt":"2021-10-28T15:33:46","slug":"templo-pela-paz-mundial-em-cabreuva-e-perfeito-para-quem-busca-tranquilidade","status":"publish","type":"post","link":"https:\/\/tvtecjundiai.com.br\/news\/2021\/11\/06\/templo-pela-paz-mundial-em-cabreuva-e-perfeito-para-quem-busca-tranquilidade\/","title":{"rendered":"Templo pela Paz Mundial, em Cabre\u00fava, \u00e9 perfeito para quem busca tranquilidade"},"content":{"rendered":"\n<p>H\u00e1 18 km de Jundia\u00ed fica o Centro de Medita\u00e7\u00e3o Kadampa Brasil, mais conhecido como Templo pela Paz Mundial, em Cabre\u00fava. O lugar foi concebido pelo Vener\u00e1vel Geshe Kelsang Gyatso Rinpoche, professor, guia espiritual e fundador da nova Tradi\u00e7\u00e3o Kadampa, como explica o monge Gen Kelsang Drime. &#8220;O Templo foi criado para todas as pessoas que desejassem ter um local para se encontrar, refletir sobre possibilidades de paz e desenvolver essas mentes atrav\u00e9s da pr\u00e1tica de medita\u00e7\u00e3o. Essa \u00e9 a nossa raz\u00e3o de existir e todos s\u00e3o bem-vindos&#8221;, diz.<\/p>\n\n\n\n<p>O budismo kadampa \u00e9 uma tradi\u00e7\u00e3o religiosa. &#8220;Basicamente, o que a gente mais compartilha abertamente ao p\u00fablico, al\u00e9m das nossas preces di\u00e1rias, s\u00e3o nossas aulas com medita\u00e7\u00e3o. Todo final de semana temos cursos e retiros, principalmente as aulas com medita\u00e7\u00e3o aos s\u00e1bados de manh\u00e3. Nesses encontros, compartilhamos os ensinamentos filos\u00f3ficos de Buda, n\u00e3o necessariamente a abordagem religiosa, e sim como os ensinamentos apresentados como conselhos pessoais e associados \u00e0 medita\u00e7\u00e3o podem ajudar todas as pessoas a desenvolverem uma consci\u00eancia e uma mente mais em paz&#8221;, explica o monge.<\/p>\n\n\n\n<div class=\"wp-block-image\"><figure class=\"aligncenter size-full\"><img loading=\"lazy\" decoding=\"async\" width=\"1160\" height=\"607\" src=\"https:\/\/tvtecjundiai.com.br\/news\/wp-content\/uploads\/sites\/2\/2021\/10\/passaporta-primavera-destaque_ed-1.jpg\" alt=\"\" class=\"wp-image-84070\" srcset=\"https:\/\/tvtecjundiai.com.br\/news\/wp-content\/uploads\/sites\/2\/2021\/10\/passaporta-primavera-destaque_ed-1.jpg 1160w, https:\/\/tvtecjundiai.com.br\/news\/wp-content\/uploads\/sites\/2\/2021\/10\/passaporta-primavera-destaque_ed-1-300x157.jpg 300w, https:\/\/tvtecjundiai.com.br\/news\/wp-content\/uploads\/sites\/2\/2021\/10\/passaporta-primavera-destaque_ed-1-768x402.jpg 768w\" sizes=\"auto, (max-width: 1160px) 100vw, 1160px\" \/><\/figure><\/div>\n\n\n\n<p>No templo existe a \u00c1rvore Bodhi, que possui belo significado. Foi sob ela que Buda e outros disc\u00edpulos alcan\u00e7aram o estado da ilumina\u00e7\u00e3o. &#8220;Ter uma \u00e1rvore da mesma esp\u00e9cie da qual ele se iluminou \u00e9 muito significativo&#8221;, afirma Gen Kelsang.<\/p>\n\n\n\n<p>No Templo, o altar possui significado especial. &#8220;Para n\u00f3s, o altar \u00e9 um local onde concentramos a nossa f\u00e9. N\u00e3o se trata  simplesmente das imagens ou das est\u00e1tuas, e sim o que elas representam. Quando visitamos um Templo pela Paz Mundial, contemplar essas imagens entendendo que elas nos lembram da exist\u00eancia dos seres sagrados coloca marcas muito poderosas de paz interior, indestrut\u00edveis no nosso cora\u00e7\u00e3o&#8221;, explica.<\/p>\n\n\n\n<p>O arm\u00e1rio que cont\u00e9m as escrituras e ensinamentos originais Buda e ensinamentos que s\u00e3o coment\u00e1rios tem grande import\u00e2ncia ao budismo kadampa. &#8220;O guia espiritual Vener\u00e1vel Geshe Kelsang Gyatso Rinpoche estudou e meditou sobre todos esses ensinamentos para apresentar isso para n\u00f3s em seus livros, na nossa l\u00edngua, para que a gente possa entender e, principalmente, praticar. \u00c9 muito bonito saber que algu\u00e9m estudou e desenvolveu todas essas realiza\u00e7\u00f5es para compartilhar o que \u00e9 essencial para que a gente possa desenvolver as mesmas qualidades&#8221;, diz Gen Kelsang.<\/p>\n\n\n\n<p>Todos s\u00e3o bem-vindos para conhecer e vivenciar a tranquilidade que o Templo pela Paz Mundial de Cabre\u00fava oferece.<\/p>\n\n\n\n<p><strong><em>(Fonte: TVTEC Jundia\u00ed\/Imagem: Divulga\u00e7\u00e3o)<\/em><\/strong><\/p>\n","protected":false},"excerpt":{"rendered":"<p>Lugar \u00e9 ideal para relaxar e aprender sobre budismo, al\u00e9m de participar de cursos e retiros espirituais.<\/p>\n","protected":false},"author":25,"featured_media":84070,"comment_status":"closed","ping_status":"closed","sticky":false,"template":"","format":"standard","meta":{"footnotes":""},"categories":[8356,8354,1],"tags":[],"class_list":["post-83902","post","type-post","status-publish","format-standard","has-post-thumbnail","hentry","category-jundiai","category-lazer","category-noticias"],"_links":{"self":[{"href":"https:\/\/tvtecjundiai.com.br\/news\/wp-json\/wp\/v2\/posts\/83902","targetHints":{"allow":["GET"]}}],"collection":[{"href":"https:\/\/tvtecjundiai.com.br\/news\/wp-json\/wp\/v2\/posts"}],"about":[{"href":"https:\/\/tvtecjundiai.com.br\/news\/wp-json\/wp\/v2\/types\/post"}],"author":[{"embeddable":true,"href":"https:\/\/tvtecjundiai.com.br\/news\/wp-json\/wp\/v2\/users\/25"}],"replies":[{"embeddable":true,"href":"https:\/\/tvtecjundiai.com.br\/news\/wp-json\/wp\/v2\/comments?post=83902"}],"version-history":[{"count":2,"href":"https:\/\/tvtecjundiai.com.br\/news\/wp-json\/wp\/v2\/posts\/83902\/revisions"}],"predecessor-version":[{"id":84075,"href":"https:\/\/tvtecjundiai.com.br\/news\/wp-json\/wp\/v2\/posts\/83902\/revisions\/84075"}],"wp:featuredmedia":[{"embeddable":true,"href":"https:\/\/tvtecjundiai.com.br\/news\/wp-json\/wp\/v2\/media\/84070"}],"wp:attachment":[{"href":"https:\/\/tvtecjundiai.com.br\/news\/wp-json\/wp\/v2\/media?parent=83902"}],"wp:term":[{"taxonomy":"category","embeddable":true,"href":"https:\/\/tvtecjundiai.com.br\/news\/wp-json\/wp\/v2\/categories?post=83902"},{"taxonomy":"post_tag","embeddable":true,"href":"https:\/\/tvtecjundiai.com.br\/news\/wp-json\/wp\/v2\/tags?post=83902"}],"curies":[{"name":"wp","href":"https:\/\/api.w.org\/{rel}","templated":true}]}}