{"id":8411,"date":"2018-04-05T11:00:19","date_gmt":"2018-04-05T14:00:19","guid":{"rendered":"https:\/\/tvtecjundiai.com.br\/news\/?p=8411"},"modified":"2018-04-05T14:33:16","modified_gmt":"2018-04-05T17:33:16","slug":"cultura-selecao-de-exposicoes-no-centro-de-cultura-tem-inscricoes-abertas","status":"publish","type":"post","link":"https:\/\/tvtecjundiai.com.br\/news\/2018\/04\/05\/cultura-selecao-de-exposicoes-no-centro-de-cultura-tem-inscricoes-abertas\/","title":{"rendered":"Cultura: sele\u00e7\u00e3o de exposi\u00e7\u00f5es no Centro de Cultura tem inscri\u00e7\u00f5es abertas"},"content":{"rendered":"<div id=\"attachment_8412\" style=\"width: 460px\" class=\"wp-caption alignright\"><a href=\"https:\/\/tvtecjundiai.com.br\/news\/wp-content\/uploads\/sites\/2\/2018\/04\/pinacoteca_lembrancas-26.jpg\"><img loading=\"lazy\" decoding=\"async\" aria-describedby=\"caption-attachment-8412\" class=\"wp-image-8412\" src=\"https:\/\/tvtecjundiai.com.br\/news\/wp-content\/uploads\/sites\/2\/2018\/04\/pinacoteca_lembrancas-26-300x134.jpg\" alt=\"\" width=\"450\" height=\"201\" srcset=\"https:\/\/tvtecjundiai.com.br\/news\/wp-content\/uploads\/sites\/2\/2018\/04\/pinacoteca_lembrancas-26-300x134.jpg 300w, https:\/\/tvtecjundiai.com.br\/news\/wp-content\/uploads\/sites\/2\/2018\/04\/pinacoteca_lembrancas-26-768x344.jpg 768w, https:\/\/tvtecjundiai.com.br\/news\/wp-content\/uploads\/sites\/2\/2018\/04\/pinacoteca_lembrancas-26-1200x537.jpg 1200w, https:\/\/tvtecjundiai.com.br\/news\/wp-content\/uploads\/sites\/2\/2018\/04\/pinacoteca_lembrancas-26.jpg 1280w\" sizes=\"auto, (max-width: 450px) 100vw, 450px\" \/><\/a><p id=\"caption-attachment-8412\" class=\"wp-caption-text\">Ser\u00e3o selecionadas at\u00e9 14 exposi\u00e7\u00f5es<\/p><\/div>\n<p>Os interessados em participar de exposi\u00e7\u00f5es tempor\u00e1rias durante o ano de 2018 do Centro Jundiaiense de Cultura Josefina Rodrigues da Silva (Jorosil) j\u00e1 podem inscrever seus projetos at\u00e9 o dia 26 de abril. Ser\u00e3o consideradas exposi\u00e7\u00f5es individuais ou coletivas.<\/p>\n<p>A inscri\u00e7\u00e3o deve ser feita pessoalmente no Jorosil, que fica na rua Bar\u00e3o de Jundia\u00ed, n\u00ba 109, Centro, de segunda a sexta-feira, excluindo-se feriados e pontos facultativos, das 9h \u00e0s 16h30. N\u00e3o h\u00e1 custo para a inscri\u00e7\u00e3o nem para as entradas nas exposi\u00e7\u00f5es.<\/p>\n<p>No loca, cada proponente pode inscrever apenas um projeto e apresentar dois envelopes: um com documentos e outro com projeto de exposi\u00e7\u00e3o, memorial descritivo, portf\u00f3lio, curr\u00edculo e termo de compromisso.<\/p>\n<p>As exposi\u00e7\u00f5es devem ser in\u00e9ditas no Munic\u00edpio e cada per\u00edodo expositivo ter\u00e1 dura\u00e7\u00e3o de 30 dias, compostas de duas mostras, a partir de datas j\u00e1 estabelecidas. A sele\u00e7\u00e3o dos projetos ser\u00e1 feita em duas etapas, com a avalia\u00e7\u00e3o de documenta\u00e7\u00e3o e projetos. Os resultados ser\u00e3o publicados na Imprensa Oficial e no site da Cultura, devendo o proponente acompanhar a atualiza\u00e7\u00e3o de informa\u00e7\u00f5es.<\/p>\n<p>Mais detalhes quanto \u00e0 organiza\u00e7\u00e3o, composi\u00e7\u00f5es das comiss\u00f5es organizadora e de julgamento, inscri\u00e7\u00e3o, documenta\u00e7\u00e3o necess\u00e1ria, sele\u00e7\u00e3o, especificidades e disposi\u00e7\u00f5es gerais podem ser consultadas no edital de chamamento de ocupa\u00e7\u00e3o n\u00ba 04\/2018 da Funda\u00e7\u00e3o Casa da Cultura e Esportes, nas p\u00e1ginas 10 a 15 da edi\u00e7\u00e3o 4380 da Imprensa Oficial ou no site da Cultura.<\/p>\n<p><em>Fonte: Prefeitura de Jundia\u00ed<\/em><\/p>\n","protected":false},"excerpt":{"rendered":"<p>Ser\u00e3o selecionadas at\u00e9 14 exposi\u00e7\u00f5es<\/p>\n","protected":false},"author":10,"featured_media":0,"comment_status":"closed","ping_status":"closed","sticky":false,"template":"","format":"standard","meta":{"footnotes":""},"categories":[1],"tags":[2751,84,220,5,15],"class_list":["post-8411","post","type-post","status-publish","format-standard","hentry","category-noticias","tag-centro-de-cultura","tag-cultura","tag-exposicao","tag-jundiai","tag-tvtec"],"_links":{"self":[{"href":"https:\/\/tvtecjundiai.com.br\/news\/wp-json\/wp\/v2\/posts\/8411","targetHints":{"allow":["GET"]}}],"collection":[{"href":"https:\/\/tvtecjundiai.com.br\/news\/wp-json\/wp\/v2\/posts"}],"about":[{"href":"https:\/\/tvtecjundiai.com.br\/news\/wp-json\/wp\/v2\/types\/post"}],"author":[{"embeddable":true,"href":"https:\/\/tvtecjundiai.com.br\/news\/wp-json\/wp\/v2\/users\/10"}],"replies":[{"embeddable":true,"href":"https:\/\/tvtecjundiai.com.br\/news\/wp-json\/wp\/v2\/comments?post=8411"}],"version-history":[{"count":2,"href":"https:\/\/tvtecjundiai.com.br\/news\/wp-json\/wp\/v2\/posts\/8411\/revisions"}],"predecessor-version":[{"id":8432,"href":"https:\/\/tvtecjundiai.com.br\/news\/wp-json\/wp\/v2\/posts\/8411\/revisions\/8432"}],"wp:attachment":[{"href":"https:\/\/tvtecjundiai.com.br\/news\/wp-json\/wp\/v2\/media?parent=8411"}],"wp:term":[{"taxonomy":"category","embeddable":true,"href":"https:\/\/tvtecjundiai.com.br\/news\/wp-json\/wp\/v2\/categories?post=8411"},{"taxonomy":"post_tag","embeddable":true,"href":"https:\/\/tvtecjundiai.com.br\/news\/wp-json\/wp\/v2\/tags?post=8411"}],"curies":[{"name":"wp","href":"https:\/\/api.w.org\/{rel}","templated":true}]}}