{"id":8416,"date":"2018-04-05T13:59:54","date_gmt":"2018-04-05T16:59:54","guid":{"rendered":"https:\/\/tvtecjundiai.com.br\/news\/?p=8416"},"modified":"2018-04-05T14:36:34","modified_gmt":"2018-04-05T17:36:34","slug":"educacao-inscricoes-para-vagas-remanescentes-do-prouni-estao-abertas","status":"publish","type":"post","link":"https:\/\/tvtecjundiai.com.br\/news\/2018\/04\/05\/educacao-inscricoes-para-vagas-remanescentes-do-prouni-estao-abertas\/","title":{"rendered":"Educa\u00e7\u00e3o: Prouni abre inscri\u00e7\u00f5es para vagas remanescentes"},"content":{"rendered":"<p>As inscri\u00e7\u00f5es para as vagas remanescentes do Programa Universidade Para Todos (Prouni) est\u00e3o abertas. O prazo termina na pr\u00f3xima sexta-feira (6) para os alunos\u00a0n\u00e3o matriculados nas universidades particulares . J\u00e1 para os matriculados, o prazo vai at\u00e9 30 de abril.<\/p>\n<div class=\"mc-column content-text active-extra-styles \" data-block-type=\"unstyled\" data-block-weight=\"56\" data-block-id=\"3\">\n<p class=\"content-text__container \" data-track-category=\"Link no Texto\" data-track-links=\"\">Pode se candidatar a bolsa remanescente quem for professor da rede p\u00fablica de ensino ou que tenha participado do Exame Nacional do Ensino M\u00e9dio (Enem) a partir de 2010, com nota acima de 450 pontos e n\u00e3o tenha zerado a reda\u00e7\u00e3o. As inscri\u00e7\u00f5es devem ser feitas pela internet na p\u00e1gina do<a href=\"http:\/\/siteprouni.mec.gov.br\" target=\"_blank\" rel=\"noopener\"> programa.<\/a><\/p>\n<div id=\"attachment_8426\" style=\"width: 406px\" class=\"wp-caption alignleft\"><a href=\"https:\/\/tvtecjundiai.com.br\/news\/wp-content\/uploads\/sites\/2\/2018\/04\/ProUni1-1024x596.jpg\"><img loading=\"lazy\" decoding=\"async\" aria-describedby=\"caption-attachment-8426\" class=\"wp-image-8426\" src=\"https:\/\/tvtecjundiai.com.br\/news\/wp-content\/uploads\/sites\/2\/2018\/04\/ProUni1-1024x596-300x175.jpg\" alt=\"\" width=\"396\" height=\"231\" srcset=\"https:\/\/tvtecjundiai.com.br\/news\/wp-content\/uploads\/sites\/2\/2018\/04\/ProUni1-1024x596-300x175.jpg 300w, https:\/\/tvtecjundiai.com.br\/news\/wp-content\/uploads\/sites\/2\/2018\/04\/ProUni1-1024x596-768x447.jpg 768w, https:\/\/tvtecjundiai.com.br\/news\/wp-content\/uploads\/sites\/2\/2018\/04\/ProUni1-1024x596.jpg 1024w\" sizes=\"auto, (max-width: 396px) 100vw, 396px\" \/><\/a><p id=\"caption-attachment-8426\" class=\"wp-caption-text\">Para concorrer \u00e0s bolsas de estudo, os candidatos devem cumprir alguns requisitos<\/p><\/div>\n<\/div>\n<div class=\"mc-column content-text active-extra-styles \" data-block-type=\"unstyled\" data-block-weight=\"68\" data-block-id=\"4\">\n<p class=\"content-text__container \" data-track-category=\"Link no Texto\" data-track-links=\"\">O Programa oferece bolsas de estudo integrais e parciais (50%) em cursos de gradua\u00e7\u00e3o de institui\u00e7\u00f5es privadas de educa\u00e7\u00e3o superior. Nesta edi\u00e7\u00e3o, foram ofertadas aproximadamente 243 mil bolsas. Dessas, 113.863 s\u00e3o integrais e 129.124, parciais. As integrais foram destinadas aos estudantes com renda per capita de at\u00e9 1,5 sal\u00e1rio m\u00ednimo. As bolsas parciais contemplaram os candidatos que t\u00eam renda familiar per capita de at\u00e9 tr\u00eas sal\u00e1rios m\u00ednimos.<\/p>\n<\/div>\n<div class=\"mc-column content-text active-extra-styles \" data-block-type=\"unstyled\" data-block-weight=\"30\" data-block-id=\"5\">\n<p class=\"content-text__container \" data-track-category=\"Link no Texto\" data-track-links=\"\">Como primeira op\u00e7\u00e3o de curso, podem concorrer os candidatos que n\u00e3o foram pr\u00e9-selecionados nas chamadas regulares ou foram pr\u00e9-selecionados s\u00f3 na segunda op\u00e7\u00e3o de curso, mas n\u00e3o houve forma\u00e7\u00e3o de turma. \u00c9 necess\u00e1rio tamb\u00e9m atender os seguintes requisitos: ter cursado o ensino m\u00e9dio completo em escola p\u00fablica, ou em institui\u00e7\u00e3o privada como bolsista integral; possuir alguma defici\u00eancia; ser professor da rede p\u00fablica e estar enquadrado no perfil de renda exigido pelo programa.<\/p>\n<p data-track-category=\"Link no Texto\" data-track-links=\"\"><em>(Fonte: Portal G1)<\/em><\/p>\n<\/div>\n","protected":false},"excerpt":{"rendered":"<p>Na medida est\u00e3o inclusos estudantes n\u00e3o matriculados e matriculados nas universidades particulares <\/p>\n","protected":false},"author":11,"featured_media":8427,"comment_status":"closed","ping_status":"closed","sticky":false,"template":"","format":"standard","meta":{"footnotes":""},"categories":[1],"tags":[2753,21,1030,1842,2589,2168,136,2752],"class_list":["post-8416","post","type-post","status-publish","format-standard","has-post-thumbnail","hentry","category-noticias","tag-bolsa-de-estudo","tag-educacao","tag-enem","tag-fundacao-tve","tag-programa","tag-prouni","tag-rede-tvtec","tag-universidade-particular"],"_links":{"self":[{"href":"https:\/\/tvtecjundiai.com.br\/news\/wp-json\/wp\/v2\/posts\/8416","targetHints":{"allow":["GET"]}}],"collection":[{"href":"https:\/\/tvtecjundiai.com.br\/news\/wp-json\/wp\/v2\/posts"}],"about":[{"href":"https:\/\/tvtecjundiai.com.br\/news\/wp-json\/wp\/v2\/types\/post"}],"author":[{"embeddable":true,"href":"https:\/\/tvtecjundiai.com.br\/news\/wp-json\/wp\/v2\/users\/11"}],"replies":[{"embeddable":true,"href":"https:\/\/tvtecjundiai.com.br\/news\/wp-json\/wp\/v2\/comments?post=8416"}],"version-history":[{"count":2,"href":"https:\/\/tvtecjundiai.com.br\/news\/wp-json\/wp\/v2\/posts\/8416\/revisions"}],"predecessor-version":[{"id":8433,"href":"https:\/\/tvtecjundiai.com.br\/news\/wp-json\/wp\/v2\/posts\/8416\/revisions\/8433"}],"wp:featuredmedia":[{"embeddable":true,"href":"https:\/\/tvtecjundiai.com.br\/news\/wp-json\/wp\/v2\/media\/8427"}],"wp:attachment":[{"href":"https:\/\/tvtecjundiai.com.br\/news\/wp-json\/wp\/v2\/media?parent=8416"}],"wp:term":[{"taxonomy":"category","embeddable":true,"href":"https:\/\/tvtecjundiai.com.br\/news\/wp-json\/wp\/v2\/categories?post=8416"},{"taxonomy":"post_tag","embeddable":true,"href":"https:\/\/tvtecjundiai.com.br\/news\/wp-json\/wp\/v2\/tags?post=8416"}],"curies":[{"name":"wp","href":"https:\/\/api.w.org\/{rel}","templated":true}]}}