{"id":84198,"date":"2021-10-30T21:33:52","date_gmt":"2021-10-31T00:33:52","guid":{"rendered":"https:\/\/tvtecjundiai.com.br\/news\/?p=84198"},"modified":"2021-10-30T21:34:02","modified_gmt":"2021-10-31T00:34:02","slug":"dal-santo-recebe-atrasados-para-a-primeira-dose-de-vacina-contra-a-covid-19","status":"publish","type":"post","link":"https:\/\/tvtecjundiai.com.br\/news\/2021\/10\/30\/dal-santo-recebe-atrasados-para-a-primeira-dose-de-vacina-contra-a-covid-19\/","title":{"rendered":"Dal Santo recebe atrasados para a primeira dose de vacina contra a Covid-19"},"content":{"rendered":"\n<p>O Gabriel da Costa e a Stefani Fagundes t\u00eam algo em comum al\u00e9m dos 21 anos de vida: ambos tomaram a primeira dose da vacina contra a Covid-19 neste s\u00e1bado (30), no CECE Francisco Dal Santo, na Vila Rami. \u201cEu estava gripado quando chegou minha idade, e por isso acabei perdendo o agendamento\u201d, conta ele. \u201cQuanto ao atendimento aqui no Dal Santo, foi \u00f3timo e muito r\u00e1pido.\u201d<\/p>\n\n\n\n<p><\/p>\n\n\n\n<p>A Stefani tamb\u00e9m gostou do atendimento e estava tranquila na hora da vacina\u00e7\u00e3o. \u201cComo toda vacina, \u00e9 um momento de n\u00e3o pensarmos s\u00f3 em n\u00f3s, mas tamb\u00e9m no coletivo, de se buscar cada vez mais a imuniza\u00e7\u00e3o das pessoas. Na minha casa, todo mundo j\u00e1 tomou.\u201d<\/p>\n\n\n\n<p>Das 8h \u00e0s 15h30, a equipe da Unidade de Gest\u00e3o de Promo\u00e7\u00e3o da Sa\u00fade (UGPS) aplicou 800 doses de vacina contra a Covid-19 s\u00f3 no Dal Santo. O ponto ofertou a primeira, a segunda e a terceira dose, a chamada dose de refor\u00e7o para idosos e profissionais da Sa\u00fade. \u201cAs pessoas est\u00e3o entendendo cada vez mais a import\u00e2ncia da vacina, inclusive muitas delas nos contam que as empresas t\u00eam pedido para tomar, o que tem sido um est\u00edmulo a mais para os jovens que est\u00e3o em busca de emprego\u201d, conta a enfermeira Maria Gabriela Bortotto.<\/p>\n\n\n\n<p>Ao longo do s\u00e1bado, as equipes de Sa\u00fade, em diferentes pontos da cidade, aplicaram 6.648 vacinas contra a Covid-19. Em Jundia\u00ed, j\u00e1 foram aplicadas mais de 660 mil doses.<\/p>\n\n\n\n<figure class=\"wp-block-image\"><img decoding=\"async\" src=\"https:\/\/jundiai.sp.gov.br\/noticias\/wp-content\/uploads\/sites\/32\/2021\/10\/whatsapp-image-2021-10-30-at-14-18-14-1.jpeg\" alt=\"\" \/><\/figure>\n\n\n\n<p><em>Fonte: Prefeitura de Jundia\u00ed<\/em><\/p>\n","protected":false},"excerpt":{"rendered":"<p>Foram aplicadas 6.648 doses da vacina<\/p>\n","protected":false},"author":24,"featured_media":84199,"comment_status":"closed","ping_status":"closed","sticky":false,"template":"","format":"standard","meta":{"footnotes":""},"categories":[1],"tags":[],"class_list":["post-84198","post","type-post","status-publish","format-standard","has-post-thumbnail","hentry","category-noticias"],"_links":{"self":[{"href":"https:\/\/tvtecjundiai.com.br\/news\/wp-json\/wp\/v2\/posts\/84198","targetHints":{"allow":["GET"]}}],"collection":[{"href":"https:\/\/tvtecjundiai.com.br\/news\/wp-json\/wp\/v2\/posts"}],"about":[{"href":"https:\/\/tvtecjundiai.com.br\/news\/wp-json\/wp\/v2\/types\/post"}],"author":[{"embeddable":true,"href":"https:\/\/tvtecjundiai.com.br\/news\/wp-json\/wp\/v2\/users\/24"}],"replies":[{"embeddable":true,"href":"https:\/\/tvtecjundiai.com.br\/news\/wp-json\/wp\/v2\/comments?post=84198"}],"version-history":[{"count":2,"href":"https:\/\/tvtecjundiai.com.br\/news\/wp-json\/wp\/v2\/posts\/84198\/revisions"}],"predecessor-version":[{"id":84208,"href":"https:\/\/tvtecjundiai.com.br\/news\/wp-json\/wp\/v2\/posts\/84198\/revisions\/84208"}],"wp:featuredmedia":[{"embeddable":true,"href":"https:\/\/tvtecjundiai.com.br\/news\/wp-json\/wp\/v2\/media\/84199"}],"wp:attachment":[{"href":"https:\/\/tvtecjundiai.com.br\/news\/wp-json\/wp\/v2\/media?parent=84198"}],"wp:term":[{"taxonomy":"category","embeddable":true,"href":"https:\/\/tvtecjundiai.com.br\/news\/wp-json\/wp\/v2\/categories?post=84198"},{"taxonomy":"post_tag","embeddable":true,"href":"https:\/\/tvtecjundiai.com.br\/news\/wp-json\/wp\/v2\/tags?post=84198"}],"curies":[{"name":"wp","href":"https:\/\/api.w.org\/{rel}","templated":true}]}}