{"id":84214,"date":"2021-10-31T13:32:49","date_gmt":"2021-10-31T16:32:49","guid":{"rendered":"https:\/\/tvtecjundiai.com.br\/news\/?p=84214"},"modified":"2021-10-31T13:32:56","modified_gmt":"2021-10-31T16:32:56","slug":"finados-vias-proximas-aos-cemiterios-municipais-tem-interdicao","status":"publish","type":"post","link":"https:\/\/tvtecjundiai.com.br\/news\/2021\/10\/31\/finados-vias-proximas-aos-cemiterios-municipais-tem-interdicao\/","title":{"rendered":"Finados: vias pr\u00f3ximas aos cemit\u00e9rios municipais t\u00eam interdi\u00e7\u00e3o"},"content":{"rendered":"\n<p>Vias localizadas nas proximidades dos cemit\u00e9rios municipais Nossa Senhora do Montenegro e Nossa Senhora do Desterro ter\u00e3o interdi\u00e7\u00e3o, na pr\u00f3xima ter\u00e7a-feira (02), no dia Dia de Finados. Os motoristas que circularem por esses locais devem ficar atentos \u00e0s altera\u00e7\u00f5es. Haver\u00e1 toda sinaliza\u00e7\u00e3o necess\u00e1ria e presen\u00e7a de agentes de tr\u00e2nsito para auxiliar e melhorar o fluxo de ve\u00edculos. O trabalho de interdi\u00e7\u00e3o \u00e9 da Unidade de Gest\u00e3o de Mobilidade e Transporte.<\/p>\n\n\n\n<figure class=\"wp-block-image\"><img decoding=\"async\" src=\"https:\/\/jundiai.sp.gov.br\/noticias\/wp-content\/uploads\/sites\/32\/2019\/10\/cultura_memorias_postumas_da_cidade_cemiterio-36-1280x643.jpg\" alt=\"Fachada de cemit\u00e9rio, com pessoas atravessando na faixa de pedestres\" class=\"wp-image-238056\" \/><figcaption>Cemit\u00e9rios municipais seguem hor\u00e1rio normal, das 7h \u00e0s 17h, durante Dia de Finadas<\/figcaption><\/figure>\n\n\n\n<p>Na regi\u00e3o do Monte Negro, ocorrem interdi\u00e7\u00f5es na avenida Nelson Villa\u00e7a, em frente ao cemit\u00e9rio, nos dois sentidos. J\u00e1 na \u00e1rea do Nossa Senhora do Desterro, a interdi\u00e7\u00e3o tamb\u00e9m ser\u00e1 em frente ao cemit\u00e9rio, em trecho da avenida Henrique Andr\u00e9s e em outras vias pr\u00f3ximas, como em trecho da Avenida professor Luiz Rosa.<\/p>\n\n\n\n<p><strong>Funcionamento<br><\/strong>Os cemit\u00e9rios municipais Nossa Senhora do Montenegro e Nossa Senhora do Desterro permanecer\u00e3o abertos para a visita\u00e7\u00e3o do p\u00fablico em hor\u00e1rio normal de funcionamento, das 7h \u00e0s 17h. Limpeza de t\u00famulos pode ser realizada at\u00e9 domingo (31). Na segunda (1) e ter\u00e7a-feira (2), n\u00e3o ser\u00e1 permitido reforma ou limpeza. Esses servi\u00e7os retornam na quarta-feira (3).<\/p>\n\n\n\n<p>A Funda\u00e7\u00e3o Municipal de A\u00e7\u00e3o Social (Fumas), respons\u00e1vel pela administra\u00e7\u00e3o dos cemit\u00e9rios municipais, informa que ser\u00e3o mantidos os protocolos de seguran\u00e7a sanit\u00e1rios, especialmente quanto \u00e0 obrigatoriedade do uso de m\u00e1scaras e distanciamento social nas depend\u00eancias dos cemit\u00e9rios durante todo o tempo da visita. Tamb\u00e9m haver\u00e1 disponibiliza\u00e7\u00e3o de \u00e1lcool em gel.<\/p>\n\n\n\n<p><em>Fonte: Prefeitura de Jundia\u00ed<\/em><\/p>\n","protected":false},"excerpt":{"rendered":"<p>Os motoristas que circularem por esses locais devem ficar atentos \u00e0s altera\u00e7\u00f5es. <\/p>\n","protected":false},"author":24,"featured_media":84215,"comment_status":"closed","ping_status":"closed","sticky":false,"template":"","format":"standard","meta":{"footnotes":""},"categories":[8356,5697,6151],"tags":[],"class_list":["post-84214","post","type-post","status-publish","format-standard","has-post-thumbnail","hentry","category-jundiai","category-mobilidade-noticias","category-transito"],"_links":{"self":[{"href":"https:\/\/tvtecjundiai.com.br\/news\/wp-json\/wp\/v2\/posts\/84214","targetHints":{"allow":["GET"]}}],"collection":[{"href":"https:\/\/tvtecjundiai.com.br\/news\/wp-json\/wp\/v2\/posts"}],"about":[{"href":"https:\/\/tvtecjundiai.com.br\/news\/wp-json\/wp\/v2\/types\/post"}],"author":[{"embeddable":true,"href":"https:\/\/tvtecjundiai.com.br\/news\/wp-json\/wp\/v2\/users\/24"}],"replies":[{"embeddable":true,"href":"https:\/\/tvtecjundiai.com.br\/news\/wp-json\/wp\/v2\/comments?post=84214"}],"version-history":[{"count":1,"href":"https:\/\/tvtecjundiai.com.br\/news\/wp-json\/wp\/v2\/posts\/84214\/revisions"}],"predecessor-version":[{"id":84216,"href":"https:\/\/tvtecjundiai.com.br\/news\/wp-json\/wp\/v2\/posts\/84214\/revisions\/84216"}],"wp:featuredmedia":[{"embeddable":true,"href":"https:\/\/tvtecjundiai.com.br\/news\/wp-json\/wp\/v2\/media\/84215"}],"wp:attachment":[{"href":"https:\/\/tvtecjundiai.com.br\/news\/wp-json\/wp\/v2\/media?parent=84214"}],"wp:term":[{"taxonomy":"category","embeddable":true,"href":"https:\/\/tvtecjundiai.com.br\/news\/wp-json\/wp\/v2\/categories?post=84214"},{"taxonomy":"post_tag","embeddable":true,"href":"https:\/\/tvtecjundiai.com.br\/news\/wp-json\/wp\/v2\/tags?post=84214"}],"curies":[{"name":"wp","href":"https:\/\/api.w.org\/{rel}","templated":true}]}}