{"id":84225,"date":"2021-11-01T13:55:08","date_gmt":"2021-11-01T16:55:08","guid":{"rendered":"https:\/\/tvtecjundiai.com.br\/news\/?p=84225"},"modified":"2021-11-01T13:55:12","modified_gmt":"2021-11-01T16:55:12","slug":"esporte-jundiai-tem-vagas-para-aulas-gratuitas-oferecidas-pela-cidade","status":"publish","type":"post","link":"https:\/\/tvtecjundiai.com.br\/news\/2021\/11\/01\/esporte-jundiai-tem-vagas-para-aulas-gratuitas-oferecidas-pela-cidade\/","title":{"rendered":"Esporte Jundia\u00ed tem vagas para aulas gratuitas oferecidas pela cidade"},"content":{"rendered":"\n<p>Se voc\u00ea est\u00e1 parado, querendo fazer um esporte, saiba que os centros esportivos espalhados por toda Jundia\u00ed, atrav\u00e9s da Unidade de Gest\u00e3o de Esporte e Lazer, oferece aulas gratuitas de diferentes modalidades para o p\u00fablico adulto (acima de 18 anos).<\/p>\n\n\n\n<p>As modalidades oferecidas aos adultos s\u00e3o: voleibol adaptado, gin\u00e1stica corporal, bocha, condicionamento, pedestrianismo, alongamento, muscula\u00e7\u00e3o, xadrex, jogos cognitivos, t\u00eanis e futebol.<\/p>\n\n\n\n<figure class=\"wp-block-image\"><img decoding=\"async\" src=\"https:\/\/jundiai.sp.gov.br\/noticias\/wp-content\/uploads\/sites\/32\/2021\/10\/prefeito_visita_cece_romao_de_souza-97.jpg\" alt=\"\" class=\"wp-image-278533\" \/><figcaption>No Rom\u00e3o de Souza, Col\u00f4nia, time de futsal joga na quadra coberta<\/figcaption><\/figure>\n\n\n\n<p>\u201cDurante a pandemia as aulas n\u00e3o pararam e foram on-line. Retornamos em agosto presencialmente, mas as aulas on-line continuam para grupos dos centros esportivos que est\u00e3o sediando a vacina\u00e7\u00e3o. Temos 14 modalidades para o p\u00fablico adulto com o objetivo de melhorar a qualidade de vida das pessoas\u201d, explica a diretora do departamento de Esporte Educacional e Participa\u00e7\u00e3o, Ana Paula de Araujo Citelli.<\/p>\n\n\n\n<p>Segundo ela, s\u00e3o 94 turmas de alunos adultos que t\u00eam aulas gratuitas. \u201cTemos atividades tamb\u00e9m para as crian\u00e7as a partir dos seis anos, com 99 turmas.\u201d<\/p>\n\n\n\n<p>Quem quiser praticar uma atividade \u00e9 s\u00f3 procurar o centro esportivo ou unidade de apoio de sua prefer\u00eancia para escolher uma modalidade que tem vaga aberta e fazer sua inscri\u00e7\u00e3o.<\/p>\n\n\n\n<p><strong>Confira as vagas abertas:<\/strong><\/p>\n\n\n\n<p><strong>CECE Ant\u00f4nio de Lima, Agapeama<\/strong><\/p>\n\n\n\n<p>Voleibol \u2013 de 10 a 12 anos \u2013 12 vagas<\/p>\n\n\n\n<p>Futsal \u2013 de 10 a 12 anos \u2013 12 vagas<\/p>\n\n\n\n<p>V\u00f4lei adaptado \u2013 adulto \u2013 5 vagas<\/p>\n\n\n\n<p>basquete \u2013 8 a 14 anos \u2013 16 vagas<\/p>\n\n\n\n<p>voleibol \u2013 8 a 14 anos \u2013 12 vagas<\/p>\n\n\n\n<p><strong>CECE Antonio Iacovino, Vila Nambi<\/strong><\/p>\n\n\n\n<p>Escola da Bola \u2013 9 a 10 anos \u2013 20 vagas<\/p>\n\n\n\n<p>Futsal \u2013 9 a 11 anos \u2013 15 vagas<\/p>\n\n\n\n<p>Futsal\/Futebol \u2013 12 a 14 anos \u2013 20 vagas<\/p>\n\n\n\n<p>esporte com bola \u2013 9 a 11 anos \u2013 6 vagas<\/p>\n\n\n\n<p><strong>Francisco Dal Santo, Vila Rami<\/strong><\/p>\n\n\n\n<p>Muscula\u00e7\u00e3o \u2013 acima de 16 anos \u2013 21 vagas (ter\u00e7a e quinta)<\/p>\n\n\n\n<p>escola da bola \u2013 18 vagas<\/p>\n\n\n\n<p>futebol \u2013 8 vagas<\/p>\n\n\n\n<p>gin\u00e1stica corporal \u2013 acima de 18 anos \u2013 9 vagas (tarde)<\/p>\n\n\n\n<p>muscula\u00e7\u00e3o \u2013 acima de 18 anos \u2013 2 vagas (tarde)<\/p>\n\n\n\n<p>muscula\u00e7\u00e3o \u2013 acima de 18 anos \u2013 2 vagas (tarde)<\/p>\n\n\n\n<p>xadrez \u2013 livre e misto \u2013 10 vagas<\/p>\n\n\n\n<p>gin\u00e1stica corporal \u2013 acima de 18 anos \u2013 25 vagas (manh\u00e3)<\/p>\n\n\n\n<p>muscula\u00e7\u00e3o \u2013 acima de 18 anos \u2013 15 vagas (manh\u00e3)<\/p>\n\n\n\n<p>futsal \u2013 6 a 9 anos \u2013 4 vagas<\/p>\n\n\n\n<p>futsal \u2013 10 a 14 anos \u2013 13 vagas<\/p>\n\n\n\n<p>v\u00f4lei \u2013 10 a 14 anos \u2013 15 vagas<\/p>\n\n\n\n<p>volei adaptado \u2013 acima de 18 anos \u2013 15 vagas<\/p>\n\n\n\n<p>gin\u00e1stica art\u00edstica \u2013 6 a 9 anos \u2013 10 vagas<\/p>\n\n\n\n<p><strong>Francisco Gastaldo, Morada das Vinhas<\/strong><\/p>\n\n\n\n<p>Gin\u00e1stica r\u00edtmica \u2013 11 a 16 anos \u2013 15 vagas (tarde)<\/p>\n\n\n\n<p>Gin\u00e1stica r\u00edtmica \u2013 9 a 10 anos \u2013 3 vagas (tarde)<\/p>\n\n\n\n<p>Gin\u00e1stica r\u00edtmica \u2013 9 a 12 anos \u2013 10 vagas (manh\u00e3)<\/p>\n\n\n\n<p>Gin\u00e1stica r\u00edtimica \u2013 6 a 9 anos \u2013 20 vagas (tarde)<\/p>\n\n\n\n<p>Gin\u00e1stica r\u00edtmica \u2013 9 a 12 anos \u2013 20 vagas (tarde)<\/p>\n\n\n\n<p>Gin\u00e1stica corporal \u2013 acima de 18 anos \u2013 40 vagas<\/p>\n\n\n\n<p><strong>Jos\u00e9 Brenna, Sororoca<\/strong><\/p>\n\n\n\n<p>Gin\u00e1stica corporal \u2013 acima de 18 anos \u2013 5 vagas<\/p>\n\n\n\n<p>Jogos cognitivos \u2013 adulto misto \u2013 5 vagas<\/p>\n\n\n\n<p><strong>CECE Jos\u00e9 de Marchi, Novo Horizonte<\/strong><\/p>\n\n\n\n<p>Gin\u00e1stica r\u00edtimica e art\u00edstica \u2013 7 a 9 anos \u2013 5 vagas (manh\u00e3)<\/p>\n\n\n\n<p>Gin\u00e1stica r\u00edtimica e art\u00edstica \u2013 10 a 13 anos \u2013 6 vagas<\/p>\n\n\n\n<p>Futebol \u2013 7 a 9 anos \u2013 44 vagas (manh\u00e3)<\/p>\n\n\n\n<p>Futebol \u2013 7 a 9 anos \u2013 17 vagas (tarde)<\/p>\n\n\n\n<p>Futebol \u2013 10 a 14 anos \u2013 18 vagas (manh\u00e3)<\/p>\n\n\n\n<p>Futebol \u2013 10 a 14 anos \u2013 11 vagas (tarde)<\/p>\n\n\n\n<p><strong>Mario Milani, Ivoturucaia<\/strong><\/p>\n\n\n\n<p>V\u00f4lei adaptado \u2013 adulto feminino \u2013 10 vagas<\/p>\n\n\n\n<p>Futsal \u2013 8 e 9 anos misto \u2013 7 vagas<\/p>\n\n\n\n<p>Nicolino de Lucca, o Bol\u00e3o, Anhangaba\u00fa<\/p>\n\n\n\n<p>Muscula\u00e7\u00e3o \u2013 acima de 16 anos \u2013 8 vagas<\/p>\n\n\n\n<p>Gin\u00e1stica corporal \u2013 acima de 18 anos \u2013 15 vagas<\/p>\n\n\n\n<p>Miniv\u00f4lei \u2013 8 a 12 anos \u2013 9 vagas<\/p>\n\n\n\n<p><strong>Nilo Macedo, Jardim Esplanada<\/strong><\/p>\n\n\n\n<p>Condicionamento \u2013 acima de 18 anos masculino \u2013 12 vagas<\/p>\n\n\n\n<p>Futebol +60 \u2013 acima de 60 anos masculino \u2013 12 vagas<\/p>\n\n\n\n<p><strong>Pedro Raymundo, Vila Rio Branco<\/strong><\/p>\n\n\n\n<p>Gin\u00e1stica r\u00edtimica \u2013 10 a 16 anos \u2013 8 vagas<\/p>\n\n\n\n<p>v\u00f4lei \u2013 10 a 16 anos \u2013 12 vagas<\/p>\n\n\n\n<p>Gin\u00e1stica r\u00edtmica \u2013 10 a 16 anos \u2013 7 vagas<\/p>\n\n\n\n<p>t\u00eanis \u2013 adulto misto \u2013 7 vagas<\/p>\n\n\n\n<p>futsal \u2013 livre feminino \u2013 10 vagas<\/p>\n\n\n\n<p><strong>Rom\u00e3o de Souza, Col\u00f4nia<\/strong><\/p>\n\n\n\n<p>Gin\u00e1stica corporal \u2013 acima de 18 anos \u2013 10 vagas<\/p>\n\n\n\n<p>Condicionamento f\u00edsico \u2013 50+masculino \u2013 7 vagas<\/p>\n\n\n\n<p>Minibol \u2013 60+masculino \u2013 5 vagas<\/p>\n\n\n\n<p>Futsal \u2013 9 a 11 anos \u2013 17 vagas<\/p>\n\n\n\n<p>Futebol \u2013 12 a 14 anos \u2013 13 vagas<\/p>\n\n\n\n<p>Gin\u00e1stica art\u00edstica \u2013 9 a 11 anos misto \u2013 14 vagas<\/p>\n\n\n\n<p>Kung Fu \u2013 9 a 11 anos misto \u2013 14 vagas<\/p>\n\n\n\n<p><strong>Siqueira Neto, Jardim Martins<\/strong><\/p>\n\n\n\n<p>Futsal \u2013 6 a 8 anos \u2013 10 vagas<\/p>\n\n\n\n<p>Futsal 10 a 14 anos \u2013 15 vagas<\/p>\n\n\n\n<p><strong>Vanderlei Sperandio, Santa Gertrudes<\/strong><\/p>\n\n\n\n<p>Futsal \u2013 9 a 11 misto \u2013 15 vagas (tarde)<\/p>\n\n\n\n<p>Futsal \u2013 12 a 14 anos masculino \u2013 17 vagas (tarde)<\/p>\n\n\n\n<p>Futsal \u2013 12 a 14 anos misto \u2013 20 vagas (manh\u00e3)<\/p>\n\n\n\n<p>futebol \u2013 15 a 17 anos \u2013 18 vagas (tarde)<\/p>\n\n\n\n<p>futebol \u2013 8 a 12 anos \u2013 20 vagas (tarde)<\/p>\n\n\n\n<p>futebol \u2013 9 a 11 anos misto \u2013 20 vagas (manh\u00e3)<\/p>\n\n\n\n<p>Gin\u00e1stica art\u00edstica \u2013 6 a 8 anos \u2013 10 vagas<\/p>\n\n\n\n<p>Gin\u00e1stica art\u00edstica \u2013 9 a 12 anos \u2013 20 vagas<\/p>\n\n\n\n<p>V\u00f4lei adaptado \u2013 adulto feminino \u2013 6 vagas<\/p>\n\n\n\n<p>esporte com bola \u2013 9 a 10 anos misto \u2013 12 vagas (manh\u00e3)<\/p>\n\n\n\n<p>esporte com bola \u2013 9 a 10 anos misto \u2013 22 vagas (tarde)<\/p>\n\n\n\n<p><strong>Unidades de Apoio<\/strong><\/p>\n\n\n\n<p>UA EMEB Jos\u00e9 Leme \u2013 Gin\u00e1stica corporal \u2013 acima de 18 anos \u2013 9 vagas<\/p>\n\n\n\n<p>UA CECCO \u2013 Gin\u00e1stica corporal \u2013 acima de 18 anos \u2013 12 vagas<\/p>\n\n\n\n<p>UA CECCO \u2013 Gin\u00e1stica art\u00edstica \u2013 9 a 12 anos \u2013 10 vagas<\/p>\n\n\n\n<p>AMO Eloy Chaves \u2013 Gin\u00e1stica corporal \u2013 acima de 16 anos \u2013 45 vagas<\/p>\n\n\n\n<p>Geva \u2013 Gin\u00e1stica corporal \u2013 acima de 16 anos \u2013 5 vagas<\/p>\n\n\n\n<p>Messina \u2013 Gin\u00e1stica corporal \u2013 acima de 16 anos \u2013 2 vagas<\/p>\n\n\n\n<p>UA Santana \u2013 Gin\u00e1stica corporal 0- acima de 18 anos \u2013 5 vagas<\/p>\n\n\n\n<p><\/p>\n\n\n\n<p><\/p>\n\n\n\n<p><strong><em>(Fonte\/Imagem: Prefeitura de Jundia\u00ed)<\/em><\/strong><\/p>\n","protected":false},"excerpt":{"rendered":"<p>Quem quiser praticar uma atividade \u00e9 s\u00f3 procurar o centro esportivo de sua prefer\u00eancia<\/p>\n","protected":false},"author":24,"featured_media":84226,"comment_status":"closed","ping_status":"closed","sticky":false,"template":"","format":"standard","meta":{"footnotes":""},"categories":[1],"tags":[],"class_list":["post-84225","post","type-post","status-publish","format-standard","has-post-thumbnail","hentry","category-noticias"],"_links":{"self":[{"href":"https:\/\/tvtecjundiai.com.br\/news\/wp-json\/wp\/v2\/posts\/84225","targetHints":{"allow":["GET"]}}],"collection":[{"href":"https:\/\/tvtecjundiai.com.br\/news\/wp-json\/wp\/v2\/posts"}],"about":[{"href":"https:\/\/tvtecjundiai.com.br\/news\/wp-json\/wp\/v2\/types\/post"}],"author":[{"embeddable":true,"href":"https:\/\/tvtecjundiai.com.br\/news\/wp-json\/wp\/v2\/users\/24"}],"replies":[{"embeddable":true,"href":"https:\/\/tvtecjundiai.com.br\/news\/wp-json\/wp\/v2\/comments?post=84225"}],"version-history":[{"count":1,"href":"https:\/\/tvtecjundiai.com.br\/news\/wp-json\/wp\/v2\/posts\/84225\/revisions"}],"predecessor-version":[{"id":84227,"href":"https:\/\/tvtecjundiai.com.br\/news\/wp-json\/wp\/v2\/posts\/84225\/revisions\/84227"}],"wp:featuredmedia":[{"embeddable":true,"href":"https:\/\/tvtecjundiai.com.br\/news\/wp-json\/wp\/v2\/media\/84226"}],"wp:attachment":[{"href":"https:\/\/tvtecjundiai.com.br\/news\/wp-json\/wp\/v2\/media?parent=84225"}],"wp:term":[{"taxonomy":"category","embeddable":true,"href":"https:\/\/tvtecjundiai.com.br\/news\/wp-json\/wp\/v2\/categories?post=84225"},{"taxonomy":"post_tag","embeddable":true,"href":"https:\/\/tvtecjundiai.com.br\/news\/wp-json\/wp\/v2\/tags?post=84225"}],"curies":[{"name":"wp","href":"https:\/\/api.w.org\/{rel}","templated":true}]}}