{"id":84283,"date":"2021-11-03T17:35:31","date_gmt":"2021-11-03T20:35:31","guid":{"rendered":"https:\/\/tvtecjundiai.com.br\/news\/?p=84283"},"modified":"2021-11-03T17:35:33","modified_gmt":"2021-11-03T20:35:33","slug":"prefeitura-de-jundiai-entrega-obra-viaria-no-distrito-industrial","status":"publish","type":"post","link":"https:\/\/tvtecjundiai.com.br\/news\/2021\/11\/03\/prefeitura-de-jundiai-entrega-obra-viaria-no-distrito-industrial\/","title":{"rendered":"Prefeitura de Jundia\u00ed entrega obra vi\u00e1ria no Distrito Industrial"},"content":{"rendered":"\n<p>O prefeito Luiz Fernando Machado esteve na sede da Siemens na manh\u00e3 desta quarta-feira (3), para entrega das obras de duplica\u00e7\u00e3o e pavimenta\u00e7\u00e3o da avenida Engenheiro Jo\u00e3o Fernandes Gimenes Molina, no Distrito Industrial.<\/p>\n\n\n\n<p>A obra, que custou R$ 1,8 milh\u00e3o aos cofres municipais, foi realizada pela Unidade de Gest\u00e3o de Infraestrutura e Servi\u00e7os P\u00fablicos. S\u00e3o 3,5 mil metros quadrados de \u00e1rea com asfalto novo, al\u00e9m de pavimento de concreto em cal\u00e7adas, canteiros e completa sinaliza\u00e7\u00e3o da avenida.<\/p>\n\n\n\n<p>\u201cA via \u00e9 importante para o escoamento da produ\u00e7\u00e3o do Distrito Industrial, onde est\u00e3o grandes empresas e h\u00e1 muita circula\u00e7\u00e3o de pessoas e de ve\u00edculos pesados. A boa infraestrutura tem rela\u00e7\u00e3o direta com o setor produtivo da cidade e com a seguran\u00e7a dos trabalhadores. Agradecemos \u00e0s empresas que est\u00e3o sediadas em Jundia\u00ed e que geram emprego e oportunidades para nossa popula\u00e7\u00e3o\u201d, afirmou Luiz Fernando Machado.<\/p>\n\n\n\n<div class=\"wp-block-image\"><figure class=\"aligncenter size-large\"><img loading=\"lazy\" decoding=\"async\" width=\"1200\" height=\"800\" src=\"https:\/\/tvtecjundiai.com.br\/news\/wp-content\/uploads\/sites\/2\/2021\/11\/cafe_da_manha_siemens-488-1200x800.jpg\" alt=\"\" class=\"wp-image-84284\" srcset=\"https:\/\/tvtecjundiai.com.br\/news\/wp-content\/uploads\/sites\/2\/2021\/11\/cafe_da_manha_siemens-488-1200x800.jpg 1200w, https:\/\/tvtecjundiai.com.br\/news\/wp-content\/uploads\/sites\/2\/2021\/11\/cafe_da_manha_siemens-488-300x200.jpg 300w, https:\/\/tvtecjundiai.com.br\/news\/wp-content\/uploads\/sites\/2\/2021\/11\/cafe_da_manha_siemens-488-768x512.jpg 768w, https:\/\/tvtecjundiai.com.br\/news\/wp-content\/uploads\/sites\/2\/2021\/11\/cafe_da_manha_siemens-488.jpg 1280w\" sizes=\"auto, (max-width: 1200px) 100vw, 1200px\" \/><figcaption>Luiz Fernando esteve reunido com representantes das empresas para anunciar a conclus\u00e3o de obra vi\u00e1ria<\/figcaption><\/figure><\/div>\n\n\n\n<p>O chefe do executivo foi recebido pelo CEO da Siemens no Brasil, Pablo Fava, pelo vice-presidente da Siemens Infraestrutura, S\u00e9rgio Jacobsen, pelo vice-presidente Financeiro, Wolfgang Beitz, os diretores Daniel Bezerra, Henrique Paiva e Luis Mosquera. O encontro foi no pr\u00e9dio recentemente reformado e que conta com automatiza\u00e7\u00e3o dos sistemas de energia e ar-condicionado, com localiza\u00e7\u00e3o de equipamentos, mapeamento do fluxo de pessoas e facilidades que integram plataforma de automa\u00e7\u00e3o predial para pr\u00e9dios inteligentes.&nbsp;<\/p>\n\n\n\n<p>Tamb\u00e9m estiveram presentes da empresa Adufertil, Alexandre Camolese; da Autoglass, Gledson Souza e Leonardo Pierini; da Stenville T\u00eaxtil, George Tomic e Claudio Henbrique Bliena, e da Universal T\u00eaxtil, Jordan Yung e Andrew Yung.<\/p>\n\n\n\n<p>Pablo Fava elogiou o modelo de Jundia\u00ed. \u201cSe Jundia\u00ed replicar o seu modelo, o pa\u00eds ganha. O novo asfalto \u00e9 importante, pois \u00e9 uma melhoria importante para a seguran\u00e7a das pessoas e transporte da produ\u00e7\u00e3o. Para a Siemens \u00e9 um ganho. Hoje concentramos o dep\u00f3sito aqui na cidade\u201d, explicou o CEO.<\/p>\n\n\n\n<div class=\"wp-block-image\"><figure class=\"aligncenter size-large\"><img loading=\"lazy\" decoding=\"async\" width=\"1200\" height=\"800\" src=\"https:\/\/tvtecjundiai.com.br\/news\/wp-content\/uploads\/sites\/2\/2021\/11\/dji_0019-1200x800.jpg\" alt=\"\" class=\"wp-image-84285\" srcset=\"https:\/\/tvtecjundiai.com.br\/news\/wp-content\/uploads\/sites\/2\/2021\/11\/dji_0019-1200x800.jpg 1200w, https:\/\/tvtecjundiai.com.br\/news\/wp-content\/uploads\/sites\/2\/2021\/11\/dji_0019-300x200.jpg 300w, https:\/\/tvtecjundiai.com.br\/news\/wp-content\/uploads\/sites\/2\/2021\/11\/dji_0019-768x512.jpg 768w, https:\/\/tvtecjundiai.com.br\/news\/wp-content\/uploads\/sites\/2\/2021\/11\/dji_0019.jpg 1280w\" sizes=\"auto, (max-width: 1200px) 100vw, 1200px\" \/><figcaption>Obra contemplou 3,5 mil metros quadrados de \u00e1rea com asfalto novo<\/figcaption><\/figure><\/div>\n\n\n\n<p>O gestor de Governo e Finan\u00e7as, Jos\u00e9 Antonio Parimoschi, explanou sobre a import\u00e2ncia do planejamento da cidade. O nosso Plano Plurianual (PPA) \u00e9 um plano de desenvolvimento,&nbsp;que prev\u00ea os investimentos na melhoria da cidade para os pr\u00f3ximos 4 anos. \u201cNele, tamb\u00e9m est\u00e3o as nossas pol\u00edticas e servi\u00e7os p\u00fablicos destinados ao atendimento do cidad\u00e3o. Al\u00e9m disso, nosso planejamento est\u00e1 vinculado aos Objetivos do Desenvolvimento Sustent\u00e1vel da ONU, com projetos, programas e entregas para a cidade. Obras como esta fomentam nosso ambiente econ\u00f4mico e atraem mais neg\u00f3cios para o munic\u00edpio. Esse c\u00edrculo virtuoso \u00e9 fundamental\u201d, declarou.&nbsp;<\/p>\n\n\n\n<p>Participaram do encontro os gestores de Infraestrutura e Servi\u00e7os P\u00fablicos, Adilson Rosa e de Desenvolvimento Econ\u00f4mico, Ci\u00eancia e Tecnologia, Cristiano Lopes.<\/p>\n\n\n\n<p><strong><em>(Fonte\/Imagem: Prefeitura de Jundia\u00ed)<\/em><\/strong><\/p>\n","protected":false},"excerpt":{"rendered":"<p>Obra contemplou 3,5 mil metros quadrados de \u00e1rea com asfalto novo.<\/p>\n","protected":false},"author":25,"featured_media":84285,"comment_status":"closed","ping_status":"closed","sticky":false,"template":"","format":"standard","meta":{"footnotes":""},"categories":[1],"tags":[],"class_list":["post-84283","post","type-post","status-publish","format-standard","has-post-thumbnail","hentry","category-noticias"],"_links":{"self":[{"href":"https:\/\/tvtecjundiai.com.br\/news\/wp-json\/wp\/v2\/posts\/84283","targetHints":{"allow":["GET"]}}],"collection":[{"href":"https:\/\/tvtecjundiai.com.br\/news\/wp-json\/wp\/v2\/posts"}],"about":[{"href":"https:\/\/tvtecjundiai.com.br\/news\/wp-json\/wp\/v2\/types\/post"}],"author":[{"embeddable":true,"href":"https:\/\/tvtecjundiai.com.br\/news\/wp-json\/wp\/v2\/users\/25"}],"replies":[{"embeddable":true,"href":"https:\/\/tvtecjundiai.com.br\/news\/wp-json\/wp\/v2\/comments?post=84283"}],"version-history":[{"count":1,"href":"https:\/\/tvtecjundiai.com.br\/news\/wp-json\/wp\/v2\/posts\/84283\/revisions"}],"predecessor-version":[{"id":84286,"href":"https:\/\/tvtecjundiai.com.br\/news\/wp-json\/wp\/v2\/posts\/84283\/revisions\/84286"}],"wp:featuredmedia":[{"embeddable":true,"href":"https:\/\/tvtecjundiai.com.br\/news\/wp-json\/wp\/v2\/media\/84285"}],"wp:attachment":[{"href":"https:\/\/tvtecjundiai.com.br\/news\/wp-json\/wp\/v2\/media?parent=84283"}],"wp:term":[{"taxonomy":"category","embeddable":true,"href":"https:\/\/tvtecjundiai.com.br\/news\/wp-json\/wp\/v2\/categories?post=84283"},{"taxonomy":"post_tag","embeddable":true,"href":"https:\/\/tvtecjundiai.com.br\/news\/wp-json\/wp\/v2\/tags?post=84283"}],"curies":[{"name":"wp","href":"https:\/\/api.w.org\/{rel}","templated":true}]}}