{"id":84310,"date":"2021-11-13T08:30:00","date_gmt":"2021-11-13T11:30:00","guid":{"rendered":"https:\/\/tvtecjundiai.com.br\/news\/?p=84310"},"modified":"2021-11-12T15:33:20","modified_gmt":"2021-11-12T18:33:20","slug":"cafe-colonial-3-lugares-para-visitar-e-se-deliciar-em-jundiai","status":"publish","type":"post","link":"https:\/\/tvtecjundiai.com.br\/news\/2021\/11\/13\/cafe-colonial-3-lugares-para-visitar-e-se-deliciar-em-jundiai\/","title":{"rendered":"Caf\u00e9 colonial: 3 lugares para visitar e se deliciar em Jundia\u00ed"},"content":{"rendered":"\n<p>N\u00e3o \u00e9 todo mundo que tem o h\u00e1bito de reunir a fam\u00edlia para tomar caf\u00e9 da manh\u00e3, mas vale a pena curtir a experi\u00eancia com o caf\u00e9 colonial! Em Jundia\u00ed, mesas fartas de p\u00e3es, bolos, tortas e bebidas para come\u00e7ar o dia s\u00e3o uma \u00f3tima op\u00e7\u00e3o para relaxar e inovar logo pela manh\u00e3. Conhe\u00e7a 3 lugares que oferecem essa experi\u00eancia:<\/p>\n\n\n\n<p><strong>Bella Mattina<\/strong><\/p>\n\n\n\n<p>O Caf\u00e9 Colonial Bella Mattina, que fica no bairro Travi\u00fa, abre aos s\u00e1bados, domingos e feriados, das 8h \u00e0s 13h. Os visitantes podem degustar \u00e0 vontade mais de 80 op\u00e7\u00f5es doces e salgadas do card\u00e1pio, rodeados pela natureza e pelo ambiente familiar. O atendimento \u00e9 feito por ordem de chegada.<\/p>\n\n\n\n<ul class=\"wp-block-list\"><li>Endere\u00e7o: Rua Roberto Carbonari, 135, Travi\u00fa &#8211; Jundia\u00ed<\/li><li>Telefone: (11) 98915-8299<\/li><\/ul>\n\n\n\n<div class=\"wp-block-image\"><figure class=\"aligncenter size-large is-resized\"><img loading=\"lazy\" decoding=\"async\" src=\"https:\/\/tvtecjundiai.com.br\/news\/wp-content\/uploads\/sites\/2\/2021\/11\/bellamattina-1200x799.jpg\" alt=\"\" class=\"wp-image-84316\" width=\"629\" height=\"419\" srcset=\"https:\/\/tvtecjundiai.com.br\/news\/wp-content\/uploads\/sites\/2\/2021\/11\/bellamattina-1200x799.jpg 1200w, https:\/\/tvtecjundiai.com.br\/news\/wp-content\/uploads\/sites\/2\/2021\/11\/bellamattina-300x200.jpg 300w, https:\/\/tvtecjundiai.com.br\/news\/wp-content\/uploads\/sites\/2\/2021\/11\/bellamattina-768x511.jpg 768w, https:\/\/tvtecjundiai.com.br\/news\/wp-content\/uploads\/sites\/2\/2021\/11\/bellamattina.jpg 1280w\" sizes=\"auto, (max-width: 629px) 100vw, 629px\" \/><figcaption>O card\u00e1pio do Caf\u00e9 Colonial Bella Mattina conta com mais de 80 op\u00e7\u00f5es entre doces e salgados<\/figcaption><\/figure><\/div>\n\n\n\n<p><strong>Fazenda Nossa Senhora da Concei\u00e7\u00e3o<\/strong><\/p>\n\n\n\n<p>Localizada no bairro Mato Dentro, a Fazenda Nossa Senhora da Concei\u00e7\u00e3o oferece o tradicional caf\u00e9 colonial mediante agendamento pr\u00e9vio para grupos a partir de 30 pessoas. O espa\u00e7o oferece o caf\u00e9 de quarta-feira a domingo, das 8h30 \u00e0s 11h30.<\/p>\n\n\n\n<ul class=\"wp-block-list\"><li>Endere\u00e7o: Estrada Municipal S\u00e3o Jorge, 751, Mato Dentro &#8211; Jundia\u00ed <\/li><li>Telefone: (11) 99744-0898<\/li><\/ul>\n\n\n\n<div class=\"wp-block-image\"><figure class=\"aligncenter size-full is-resized\"><img loading=\"lazy\" decoding=\"async\" src=\"https:\/\/tvtecjundiai.com.br\/news\/wp-content\/uploads\/sites\/2\/2021\/11\/faz.png\" alt=\"\" class=\"wp-image-84320\" width=\"638\" height=\"405\" srcset=\"https:\/\/tvtecjundiai.com.br\/news\/wp-content\/uploads\/sites\/2\/2021\/11\/faz.png 716w, https:\/\/tvtecjundiai.com.br\/news\/wp-content\/uploads\/sites\/2\/2021\/11\/faz-300x190.png 300w\" sizes=\"auto, (max-width: 638px) 100vw, 638px\" \/><figcaption>Para participar do caf\u00e9 colonial na Fazenda Nossa Senhora da Concei\u00e7\u00e3o \u00e9 necess\u00e1rio agendamento<\/figcaption><\/figure><\/div>\n\n\n\n<p><strong>S\u00edtio S\u00e3o Francisco<\/strong><\/p>\n\n\n\n<p>Aberto aos domingos das 8h30 \u00e0s 12h, o S\u00edtio S\u00e3o Francisco, que fica na Rodovia Dom Gabriel Paulino Bueno Couto, oferece o caf\u00e9 colonial com mais de 70 op\u00e7\u00f5es doces e salgadas que agradam todos os gostos. Al\u00e9m da comida \u00e0 vontade, o visitante tamb\u00e9m aproveita o contato com a natureza. \u00c9 necess\u00e1rio agendamento pr\u00e9vio.<\/p>\n\n\n\n<ul class=\"wp-block-list\"><li>Endere\u00e7o: Rodovia Dom Gabriel Paulino Bueno Couto, Km 74,5 &#8211; Jundia\u00ed<\/li><li>Telefone: (11) 97228-8123 e (11) 4586-2436<\/li><\/ul>\n\n\n\n<div class=\"wp-block-image\"><figure class=\"aligncenter size-full is-resized\"><img loading=\"lazy\" decoding=\"async\" src=\"https:\/\/tvtecjundiai.com.br\/news\/wp-content\/uploads\/sites\/2\/2021\/11\/sitio.png\" alt=\"\" class=\"wp-image-84323\" width=\"644\" height=\"453\" srcset=\"https:\/\/tvtecjundiai.com.br\/news\/wp-content\/uploads\/sites\/2\/2021\/11\/sitio.png 779w, https:\/\/tvtecjundiai.com.br\/news\/wp-content\/uploads\/sites\/2\/2021\/11\/sitio-300x211.png 300w, https:\/\/tvtecjundiai.com.br\/news\/wp-content\/uploads\/sites\/2\/2021\/11\/sitio-768x541.png 768w\" sizes=\"auto, (max-width: 644px) 100vw, 644px\" \/><figcaption> Al\u00e9m da comida \u00e0 vontade, o visitante tamb\u00e9m aproveita a natureza no S\u00edtio S\u00e3o Francisco<\/figcaption><\/figure><\/div>\n\n\n\n<p><strong><em>(Fonte: TVTEC\/Imagem: Divulga\u00e7\u00e3o)<\/em><\/strong><\/p>\n","protected":false},"excerpt":{"rendered":"<p>Vale a pena curtir a experi\u00eancia com a fam\u00edlia e relaxar logo pela manh\u00e3.<\/p>\n","protected":false},"author":25,"featured_media":84323,"comment_status":"closed","ping_status":"closed","sticky":false,"template":"","format":"standard","meta":{"footnotes":""},"categories":[6309,8356,8354,1],"tags":[],"class_list":["post-84310","post","type-post","status-publish","format-standard","has-post-thumbnail","hentry","category-gastronomia","category-jundiai","category-lazer","category-noticias"],"_links":{"self":[{"href":"https:\/\/tvtecjundiai.com.br\/news\/wp-json\/wp\/v2\/posts\/84310","targetHints":{"allow":["GET"]}}],"collection":[{"href":"https:\/\/tvtecjundiai.com.br\/news\/wp-json\/wp\/v2\/posts"}],"about":[{"href":"https:\/\/tvtecjundiai.com.br\/news\/wp-json\/wp\/v2\/types\/post"}],"author":[{"embeddable":true,"href":"https:\/\/tvtecjundiai.com.br\/news\/wp-json\/wp\/v2\/users\/25"}],"replies":[{"embeddable":true,"href":"https:\/\/tvtecjundiai.com.br\/news\/wp-json\/wp\/v2\/comments?post=84310"}],"version-history":[{"count":5,"href":"https:\/\/tvtecjundiai.com.br\/news\/wp-json\/wp\/v2\/posts\/84310\/revisions"}],"predecessor-version":[{"id":84782,"href":"https:\/\/tvtecjundiai.com.br\/news\/wp-json\/wp\/v2\/posts\/84310\/revisions\/84782"}],"wp:featuredmedia":[{"embeddable":true,"href":"https:\/\/tvtecjundiai.com.br\/news\/wp-json\/wp\/v2\/media\/84323"}],"wp:attachment":[{"href":"https:\/\/tvtecjundiai.com.br\/news\/wp-json\/wp\/v2\/media?parent=84310"}],"wp:term":[{"taxonomy":"category","embeddable":true,"href":"https:\/\/tvtecjundiai.com.br\/news\/wp-json\/wp\/v2\/categories?post=84310"},{"taxonomy":"post_tag","embeddable":true,"href":"https:\/\/tvtecjundiai.com.br\/news\/wp-json\/wp\/v2\/tags?post=84310"}],"curies":[{"name":"wp","href":"https:\/\/api.w.org\/{rel}","templated":true}]}}