{"id":84521,"date":"2021-11-09T14:43:56","date_gmt":"2021-11-09T17:43:56","guid":{"rendered":"https:\/\/tvtecjundiai.com.br\/news\/?p=84521"},"modified":"2021-11-09T14:57:28","modified_gmt":"2021-11-09T17:57:28","slug":"explosao-em-condominio-no-bairro-cidade-jardim-deixa-nove-feridos-1","status":"publish","type":"post","link":"https:\/\/tvtecjundiai.com.br\/news\/2021\/11\/09\/explosao-em-condominio-no-bairro-cidade-jardim-deixa-nove-feridos-1\/","title":{"rendered":"Explos\u00e3o em condom\u00ednio no bairro Cidade Jardim, em Jundia\u00ed, deixa nove feridos"},"content":{"rendered":"\n<p>O Corpo de Bombeiros foi chamado por volta das 11h15 desta ter\u00e7a-feira (09) para combater um inc\u00eandio no Condom\u00ednio Azal\u00e9ia, localizado no bairro Cidade Jardim, em Jundia\u00ed.<\/p>\n\n\n\n<p>Foram acionados os Bombeiros, Servi\u00e7o de Atendimento M\u00f3vel de Urg\u00eancia (Samu) e ambul\u00e2ncias do Servi\u00e7o de Atendimento a Pacientes Especiais e Cr\u00f4nicos (Saec). Segundo um dos socorristas, nove pessoas ficaram feridas e foram atendidas: quatro remo\u00e7\u00f5es com duas v\u00edtimas com queimaduras e em estado grave (entre elas, uma crian\u00e7a), e outras duas por inala\u00e7\u00e3o de fuma\u00e7a. Outras cinco pessoas foram atendidas de imediato e liberadas.<\/p>\n\n\n\n<p>O pr\u00e9dio foi evacuado e moradores aguardam as determina\u00e7\u00f5es da Defesa Civil, que s\u00f3 ser\u00e3o poss\u00edveis ap\u00f3s avalia\u00e7\u00e3o do Corpo de Bombeiros. A princ\u00edpio, acredita-se que a estrutura do edif\u00edcio n\u00e3o foi abalada. <\/p>\n\n\n\n<p><strong>EXPLOS\u00c3O<\/strong><\/p>\n\n\n\n<p>Moradores da vizinhan\u00e7a disseram que foi poss\u00edvel ouvir uma grande explos\u00e3o. V\u00e1rias janelas do segundo e do terceiro andar foram arrancadas com o impacto.<\/p>\n\n\n\n<p>Segundo moradores do local, uma mulher estava realizando a limpeza de um sof\u00e1, fazendo uso de produtos qu\u00edmicos altamente inflam\u00e1veis no segundo andar. Uma testemunha, que ser\u00e1 ouvida pela pol\u00edcia, comentou que a explos\u00e3o aconteceu ap\u00f3s a moradora acender o fog\u00e3o, apesar da presen\u00e7a dos produtos qu\u00edmicos em casa. <\/p>\n\n\n\n<p>Para investigar com mais cuidado as causas do inc\u00eandio e da explos\u00e3o, o delegado do 4\u00ba Distrito Policial de Jundia\u00ed, Paulo S\u00e9rgio Martins, determinou a abertura de um inqu\u00e9rito policial.<\/p>\n\n\n\n<div class=\"wp-block-image\"><figure class=\"aligncenter size-large is-resized\"><img loading=\"lazy\" decoding=\"async\" src=\"https:\/\/tvtecjundiai.com.br\/news\/wp-content\/uploads\/sites\/2\/2021\/11\/WhatsApp-Image-2021-11-09-at-14.10.43-1200x675.jpeg\" alt=\"\" class=\"wp-image-84530\" width=\"764\" height=\"430\" srcset=\"https:\/\/tvtecjundiai.com.br\/news\/wp-content\/uploads\/sites\/2\/2021\/11\/WhatsApp-Image-2021-11-09-at-14.10.43-1200x675.jpeg 1200w, https:\/\/tvtecjundiai.com.br\/news\/wp-content\/uploads\/sites\/2\/2021\/11\/WhatsApp-Image-2021-11-09-at-14.10.43-300x169.jpeg 300w, https:\/\/tvtecjundiai.com.br\/news\/wp-content\/uploads\/sites\/2\/2021\/11\/WhatsApp-Image-2021-11-09-at-14.10.43-768x432.jpeg 768w, https:\/\/tvtecjundiai.com.br\/news\/wp-content\/uploads\/sites\/2\/2021\/11\/WhatsApp-Image-2021-11-09-at-14.10.43.jpeg 1280w\" sizes=\"auto, (max-width: 764px) 100vw, 764px\" \/><\/figure><\/div>\n\n\n\n<p><strong><em>(Fonte: TVTEC\/Imagem: Repodu\u00e7\u00e3o)<\/em><\/strong><\/p>\n","protected":false},"excerpt":{"rendered":"<p>O Corpo de Bombeiros foi chamado para atender a ocorr\u00eancia no Condom\u00ednio Azal\u00e9ia.<\/p>\n","protected":false},"author":25,"featured_media":84535,"comment_status":"closed","ping_status":"closed","sticky":false,"template":"","format":"standard","meta":{"footnotes":""},"categories":[1],"tags":[],"class_list":["post-84521","post","type-post","status-publish","format-standard","has-post-thumbnail","hentry","category-noticias"],"_links":{"self":[{"href":"https:\/\/tvtecjundiai.com.br\/news\/wp-json\/wp\/v2\/posts\/84521","targetHints":{"allow":["GET"]}}],"collection":[{"href":"https:\/\/tvtecjundiai.com.br\/news\/wp-json\/wp\/v2\/posts"}],"about":[{"href":"https:\/\/tvtecjundiai.com.br\/news\/wp-json\/wp\/v2\/types\/post"}],"author":[{"embeddable":true,"href":"https:\/\/tvtecjundiai.com.br\/news\/wp-json\/wp\/v2\/users\/25"}],"replies":[{"embeddable":true,"href":"https:\/\/tvtecjundiai.com.br\/news\/wp-json\/wp\/v2\/comments?post=84521"}],"version-history":[{"count":3,"href":"https:\/\/tvtecjundiai.com.br\/news\/wp-json\/wp\/v2\/posts\/84521\/revisions"}],"predecessor-version":[{"id":84537,"href":"https:\/\/tvtecjundiai.com.br\/news\/wp-json\/wp\/v2\/posts\/84521\/revisions\/84537"}],"wp:featuredmedia":[{"embeddable":true,"href":"https:\/\/tvtecjundiai.com.br\/news\/wp-json\/wp\/v2\/media\/84535"}],"wp:attachment":[{"href":"https:\/\/tvtecjundiai.com.br\/news\/wp-json\/wp\/v2\/media?parent=84521"}],"wp:term":[{"taxonomy":"category","embeddable":true,"href":"https:\/\/tvtecjundiai.com.br\/news\/wp-json\/wp\/v2\/categories?post=84521"},{"taxonomy":"post_tag","embeddable":true,"href":"https:\/\/tvtecjundiai.com.br\/news\/wp-json\/wp\/v2\/tags?post=84521"}],"curies":[{"name":"wp","href":"https:\/\/api.w.org\/{rel}","templated":true}]}}