{"id":84557,"date":"2021-11-10T10:04:44","date_gmt":"2021-11-10T13:04:44","guid":{"rendered":"https:\/\/tvtecjundiai.com.br\/news\/?p=84557"},"modified":"2021-11-10T10:04:49","modified_gmt":"2021-11-10T13:04:49","slug":"funss-abre-nesta-quinta-feira-11-inscricoes-para-curso-de-maquiagem","status":"publish","type":"post","link":"https:\/\/tvtecjundiai.com.br\/news\/2021\/11\/10\/funss-abre-nesta-quinta-feira-11-inscricoes-para-curso-de-maquiagem\/","title":{"rendered":"Funss abre nesta quinta-feira (11) inscri\u00e7\u00f5es para curso de maquiagem"},"content":{"rendered":"\n<p>O Fundo Social de Solidariedade de Jundia\u00ed (Funss) abrir\u00e1, nesta quinta-feira (11), \u00e0s 9h, as inscri\u00e7\u00f5es on-line para o curso presencial de Maquiagem. A capacita\u00e7\u00e3o, promovida em parceria com o Centro Paula Souza, \u00e9 uma oportunidade para aqueles que desejam uma recoloca\u00e7\u00e3o no mercado de trabalho ou gera\u00e7\u00e3o de renda no segmento da Beleza e Est\u00e9tica. Para participar, o interessado dever\u00e1 ter idade m\u00ednima de 16 anos, ser residente em Jundia\u00ed e ter o Ensino Fundamental completo.<\/p>\n\n\n\n<div class=\"wp-block-image\"><figure class=\"aligncenter size-large is-resized\"><img loading=\"lazy\" decoding=\"async\" src=\"https:\/\/tvtecjundiai.com.br\/news\/wp-content\/uploads\/sites\/2\/2021\/11\/funss_maquiagem-2-1200x800.jpg\" alt=\"\" class=\"wp-image-84558\" width=\"722\" height=\"481\" srcset=\"https:\/\/tvtecjundiai.com.br\/news\/wp-content\/uploads\/sites\/2\/2021\/11\/funss_maquiagem-2-1200x800.jpg 1200w, https:\/\/tvtecjundiai.com.br\/news\/wp-content\/uploads\/sites\/2\/2021\/11\/funss_maquiagem-2-300x200.jpg 300w, https:\/\/tvtecjundiai.com.br\/news\/wp-content\/uploads\/sites\/2\/2021\/11\/funss_maquiagem-2-768x512.jpg 768w, https:\/\/tvtecjundiai.com.br\/news\/wp-content\/uploads\/sites\/2\/2021\/11\/funss_maquiagem-2.jpg 1280w\" sizes=\"auto, (max-width: 722px) 100vw, 722px\" \/><\/figure><\/div>\n\n\n\n<p><strong>CURSO DE MAQUIAGEM<\/strong><\/p>\n\n\n\n<p>Parceiro: Centro Paula Souza<\/p>\n\n\n\n<p>Datas: 16\/11 a 06\/12\/2021<\/p>\n\n\n\n<p>Hor\u00e1rio \u2013 Noite: 18h \u00e0s&nbsp;22h<\/p>\n\n\n\n<p>Dias: Segunda a quinta-feira<\/p>\n\n\n\n<p>Local: Fundo Social<\/p>\n\n\n\n<p>Vagas: 12 vagas&nbsp;<\/p>\n\n\n\n<p>Link de inscri\u00e7\u00e3o:&nbsp;<a href=\"https:\/\/forms.gle\/CVwCNRtNMHvUUwk18\" target=\"_blank\" rel=\"noreferrer noopener\">https:\/\/forms.gle\/CVwCNRtNMHvUUwk18<\/a><\/p>\n\n\n\n<p>O envio do formul\u00e1rio \u00e9 considerado como inten\u00e7\u00e3o de participa\u00e7\u00e3o e, por isso, n\u00e3o garante o preenchimento da vaga. O crit\u00e9rio de sele\u00e7\u00e3o e forma\u00e7\u00e3o das turmas \u00e9 a ordem de envio destas informa\u00e7\u00f5es por meio do link informado, que considera hora, minuto e segundo. Os nomes dos alunos matriculados ser\u00e3o divulgados no site da Prefeitura de Jundia\u00ed e dados detalhados s\u00e3o repassados por meio do contato de WhatsApp informado no ato da inscri\u00e7\u00e3o. As fichas n\u00e3o contempladas est\u00e3o, automaticamente, na lista de espera e poder\u00e3o ser convocadas somente em caso de desist\u00eancia.<\/p>\n\n\n\n<p>Durante as aulas dever\u00e3o ser seguidas todas as normas de seguran\u00e7a sanit\u00e1rias como distanciamento social, capacidade m\u00e1xima da sala e uso de \u00e1lcool em gel, entre outros. O uso de m\u00e1scara \u00e9 obrigat\u00f3rio.<\/p>\n\n\n\n<p>O Fundo Social est\u00e1 localizado dentro do Parque da Uva. O acesso \u00e9 pela avenida Dona Manoela Lacerda de Vergueiro, s\/n, port\u00e3o 03, bairro Anhangaba\u00fa. O funcionamento da unidade \u00e9 de segunda a sexta-feira, das 8h \u00e0s 17h, exceto feriados. Informa\u00e7\u00f5es podem ser obtidas pelos telefones (11) 4521-2762, 4521-2929 e 4521-6833.<\/p>\n\n\n\n<p><strong><em>(Fonte\/Imagem: Prefeitura de Jundia\u00ed)<\/em><\/strong><\/p>\n","protected":false},"excerpt":{"rendered":"<p>A capacita\u00e7\u00e3o \u00e9 uma oportunidade para aqueles que desejam uma recoloca\u00e7\u00e3o no mercado de trabalho<\/p>\n","protected":false},"author":25,"featured_media":84558,"comment_status":"closed","ping_status":"closed","sticky":false,"template":"","format":"standard","meta":{"footnotes":""},"categories":[8356,1],"tags":[],"class_list":["post-84557","post","type-post","status-publish","format-standard","has-post-thumbnail","hentry","category-jundiai","category-noticias"],"_links":{"self":[{"href":"https:\/\/tvtecjundiai.com.br\/news\/wp-json\/wp\/v2\/posts\/84557","targetHints":{"allow":["GET"]}}],"collection":[{"href":"https:\/\/tvtecjundiai.com.br\/news\/wp-json\/wp\/v2\/posts"}],"about":[{"href":"https:\/\/tvtecjundiai.com.br\/news\/wp-json\/wp\/v2\/types\/post"}],"author":[{"embeddable":true,"href":"https:\/\/tvtecjundiai.com.br\/news\/wp-json\/wp\/v2\/users\/25"}],"replies":[{"embeddable":true,"href":"https:\/\/tvtecjundiai.com.br\/news\/wp-json\/wp\/v2\/comments?post=84557"}],"version-history":[{"count":1,"href":"https:\/\/tvtecjundiai.com.br\/news\/wp-json\/wp\/v2\/posts\/84557\/revisions"}],"predecessor-version":[{"id":84559,"href":"https:\/\/tvtecjundiai.com.br\/news\/wp-json\/wp\/v2\/posts\/84557\/revisions\/84559"}],"wp:featuredmedia":[{"embeddable":true,"href":"https:\/\/tvtecjundiai.com.br\/news\/wp-json\/wp\/v2\/media\/84558"}],"wp:attachment":[{"href":"https:\/\/tvtecjundiai.com.br\/news\/wp-json\/wp\/v2\/media?parent=84557"}],"wp:term":[{"taxonomy":"category","embeddable":true,"href":"https:\/\/tvtecjundiai.com.br\/news\/wp-json\/wp\/v2\/categories?post=84557"},{"taxonomy":"post_tag","embeddable":true,"href":"https:\/\/tvtecjundiai.com.br\/news\/wp-json\/wp\/v2\/tags?post=84557"}],"curies":[{"name":"wp","href":"https:\/\/api.w.org\/{rel}","templated":true}]}}