{"id":84560,"date":"2021-11-10T10:16:25","date_gmt":"2021-11-10T13:16:25","guid":{"rendered":"https:\/\/tvtecjundiai.com.br\/news\/?p=84560"},"modified":"2021-11-10T10:40:33","modified_gmt":"2021-11-10T13:40:33","slug":"regiao-metropolitana-de-jundiai-e-aprovada-e-trara-novos-investimentos","status":"publish","type":"post","link":"https:\/\/tvtecjundiai.com.br\/news\/2021\/11\/10\/regiao-metropolitana-de-jundiai-e-aprovada-e-trara-novos-investimentos\/","title":{"rendered":"Regi\u00e3o Metropolitana de Jundia\u00ed \u00e9 aprovada e trar\u00e1 novos investimentos"},"content":{"rendered":"\n<p>Uma regi\u00e3o que oferece infraestrutura vi\u00e1ria, aeroportos, meio ambiente com legisla\u00e7\u00f5es de prote\u00e7\u00e3o, pol\u00edtica comum de sustentabilidade e qualidade de vida. Assim \u00e9 a Regi\u00e3o Metropolitana de Jundia\u00ed (RMJ), que teve seu Projeto de Lei Complementar (36\/2021) aprovado, na \u00faltima ter\u00e7a-feira (9), na Assembleia Legislativa do Estado de S\u00e3o Paulo.<\/p>\n\n\n\n<p>Com a aprova\u00e7\u00e3o do projeto, as cidades de Jundia\u00ed, Cabre\u00fava, Campo Limpo Paulista, Itupeva, Louveira, Jarinu e V\u00e1rzea Paulista \u2013 somando cerca de 800 mil pessoas \u2013 passam a ter vantagens no desenvolvimento econ\u00f4mico regional e na aplica\u00e7\u00e3o de pol\u00edticas p\u00fablicas pensadas para todas as cidades, em \u00e1reas como Sa\u00fade, Habita\u00e7\u00e3o, Seguran\u00e7a, entre outras, e com mais autonomia em rela\u00e7\u00e3o a outras regi\u00f5es do Estado. A proposta seguir\u00e1 para san\u00e7\u00e3o do governador Jo\u00e3o Doria e passar\u00e1 a valer a partir da data de publica\u00e7\u00e3o no Di\u00e1rio Oficial do Estado.<\/p>\n\n\n\n<div class=\"wp-block-image\"><figure class=\"aligncenter size-large\"><img loading=\"lazy\" decoding=\"async\" width=\"1200\" height=\"801\" src=\"https:\/\/tvtecjundiai.com.br\/news\/wp-content\/uploads\/sites\/2\/2021\/11\/audiencia-publica-regiao-metropolitana-445-1200x801.jpg\" alt=\"\" class=\"wp-image-84561\" srcset=\"https:\/\/tvtecjundiai.com.br\/news\/wp-content\/uploads\/sites\/2\/2021\/11\/audiencia-publica-regiao-metropolitana-445-1200x801.jpg 1200w, https:\/\/tvtecjundiai.com.br\/news\/wp-content\/uploads\/sites\/2\/2021\/11\/audiencia-publica-regiao-metropolitana-445-300x200.jpg 300w, https:\/\/tvtecjundiai.com.br\/news\/wp-content\/uploads\/sites\/2\/2021\/11\/audiencia-publica-regiao-metropolitana-445-768x512.jpg 768w, https:\/\/tvtecjundiai.com.br\/news\/wp-content\/uploads\/sites\/2\/2021\/11\/audiencia-publica-regiao-metropolitana-445.jpg 1280w\" sizes=\"auto, (max-width: 1200px) 100vw, 1200px\" \/><figcaption>Luiz Fernando durante a audi\u00eancia p\u00fablica sobre a RMJ em agosto, no Teatro Polytheama, em Jundia\u00ed<br><\/figcaption><\/figure><\/div>\n\n\n\n<p>O pleito vinha sendo defendido pelo prefeito Luiz Fernando Machado e se intensificou durante a pandemia, para que Jundia\u00ed e os outros seis munic\u00edpios tivessem mais autonomia na gest\u00e3o da Sa\u00fade e fossem vistos de forma separada da Regi\u00e3o Metropolitana de Campinas. \u201cNossa regi\u00e3o \u00e9 protagonista n\u00e3o apenas no Estado, mas em todo o Brasil\u201d, destaca Luiz Fernando. \u201cEssa aprova\u00e7\u00e3o na Assembleia mostra que o caminho est\u00e1 aberto para a consolida\u00e7\u00e3o de um bloco ainda mais forte, com mais poder de decis\u00e3o, com condi\u00e7\u00f5es para melhor gest\u00e3o do financiamento da sa\u00fade, da educa\u00e7\u00e3o, de infraestrutura, de saneamento, dos programas de est\u00edmulo ao emprego, \u00e0 cultura, ao turismo, entre outras \u00e1reas. E essa conquista \u00e9 um m\u00e9rito de todas as sete cidades.\u201d<\/p>\n\n\n\n<p>O Projeto de Lei de autoria do Governo do Estado para a cria\u00e7\u00e3o da RMJ destaca, entre outros pontos, o forte polo industrial da regi\u00e3o como sua principal atividade econ\u00f4mica, al\u00e9m de um forte setor de log\u00edstica de distribui\u00e7\u00e3o devido a sua localiza\u00e7\u00e3o, que permite f\u00e1cil acesso \u00e0s rodovias Anhanguera, Bandeirantes e Dom Pedro 1\u00b0, aos principais aeroportos do Estado e ao Porto de Santos.<\/p>\n\n\n\n<p>Para o gestor de Governo e Finan\u00e7as de Jundia\u00ed, Jos\u00e9 Antonio Parimoschi, a RMJ possibilita inclusive a viabiliza\u00e7\u00e3o de mais investimentos externos, incluindo internacionais. \u201cSe estamos pensando essas sete cidades de forma regional, uma vez que, em muitas casos, \u00e9 dif\u00edcil at\u00e9 enxergar suas divisas, estamos tamb\u00e9m falando de necessidades comuns e uma busca de investimentos comuns que possam impactar as mais diferentes \u00e1reas, como o transporte intermunicipal e a destina\u00e7\u00e3o e o tratamento dos res\u00edduos s\u00f3lidos, por exemplo\u201d, explica o gestor.<\/p>\n\n\n\n<p>O projeto para a forma\u00e7\u00e3o da RMJ foi discutido regionalmente atrav\u00e9s de audi\u00eancias p\u00fablicas, com a possibilidade de participa\u00e7\u00e3o da popula\u00e7\u00e3o, que p\u00f4de enviar suas sugest\u00f5es. A cria\u00e7\u00e3o da RMJ faz parte do projeto do Governo do Estado de reorganiza\u00e7\u00e3o do territ\u00f3rio estadual para a promo\u00e7\u00e3o de pol\u00edticas p\u00fablicas e facilita\u00e7\u00e3o da capta\u00e7\u00e3o de recursos para investimentos.<\/p>\n\n\n\n<p>No in\u00edcio de agosto, o governador Jo\u00e3o Doria participou de uma audi\u00eancia p\u00fablica em Jundia\u00ed para a discuss\u00e3o da cria\u00e7\u00e3o da RMJ, quando lembrou que, al\u00e9m de todos os benef\u00edcios para a atra\u00e7\u00e3o de investimentos, a forma\u00e7\u00e3o do bloco tamb\u00e9m ajuda a evitar o desperd\u00edcio de dinheiro p\u00fablico e a melhor utiliza\u00e7\u00e3o de recursos naturais.<\/p>\n\n\n\n<p><strong><em>(Fonte\/Imagem: Prefeitura de Jundia\u00ed)<\/em><\/strong><\/p>\n","protected":false},"excerpt":{"rendered":"<p>Projeto de Lei do Governo do Estado para cria\u00e7\u00e3o da RMJ destaca polo industrial<\/p>\n","protected":false},"author":25,"featured_media":84561,"comment_status":"closed","ping_status":"closed","sticky":false,"template":"","format":"standard","meta":{"footnotes":""},"categories":[29,8356,1],"tags":[],"class_list":["post-84560","post","type-post","status-publish","format-standard","has-post-thumbnail","hentry","category-destaque","category-jundiai","category-noticias"],"_links":{"self":[{"href":"https:\/\/tvtecjundiai.com.br\/news\/wp-json\/wp\/v2\/posts\/84560","targetHints":{"allow":["GET"]}}],"collection":[{"href":"https:\/\/tvtecjundiai.com.br\/news\/wp-json\/wp\/v2\/posts"}],"about":[{"href":"https:\/\/tvtecjundiai.com.br\/news\/wp-json\/wp\/v2\/types\/post"}],"author":[{"embeddable":true,"href":"https:\/\/tvtecjundiai.com.br\/news\/wp-json\/wp\/v2\/users\/25"}],"replies":[{"embeddable":true,"href":"https:\/\/tvtecjundiai.com.br\/news\/wp-json\/wp\/v2\/comments?post=84560"}],"version-history":[{"count":3,"href":"https:\/\/tvtecjundiai.com.br\/news\/wp-json\/wp\/v2\/posts\/84560\/revisions"}],"predecessor-version":[{"id":84567,"href":"https:\/\/tvtecjundiai.com.br\/news\/wp-json\/wp\/v2\/posts\/84560\/revisions\/84567"}],"wp:featuredmedia":[{"embeddable":true,"href":"https:\/\/tvtecjundiai.com.br\/news\/wp-json\/wp\/v2\/media\/84561"}],"wp:attachment":[{"href":"https:\/\/tvtecjundiai.com.br\/news\/wp-json\/wp\/v2\/media?parent=84560"}],"wp:term":[{"taxonomy":"category","embeddable":true,"href":"https:\/\/tvtecjundiai.com.br\/news\/wp-json\/wp\/v2\/categories?post=84560"},{"taxonomy":"post_tag","embeddable":true,"href":"https:\/\/tvtecjundiai.com.br\/news\/wp-json\/wp\/v2\/tags?post=84560"}],"curies":[{"name":"wp","href":"https:\/\/api.w.org\/{rel}","templated":true}]}}