{"id":84575,"date":"2021-11-10T11:32:37","date_gmt":"2021-11-10T14:32:37","guid":{"rendered":"https:\/\/tvtecjundiai.com.br\/news\/?p=84575"},"modified":"2021-11-10T11:34:16","modified_gmt":"2021-11-10T14:34:16","slug":"apresentacoes-gratuitas-acontecem-sabado-13-e-domingo-14-no-cece-dal-santo","status":"publish","type":"post","link":"https:\/\/tvtecjundiai.com.br\/news\/2021\/11\/10\/apresentacoes-gratuitas-acontecem-sabado-13-e-domingo-14-no-cece-dal-santo\/","title":{"rendered":"Apresenta\u00e7\u00f5es gratuitas acontecem esta semana no CECE Dal Santo"},"content":{"rendered":"\n<p>No s\u00e1bado (13) e domingo (14) o Complexo Esportivo Francisco Dal Santo recebe uma s\u00e9rie de atra\u00e7\u00f5es culturais, por meio do programa \u201cEmCena Brasil\u201d. Com entrada gratuita e para todas as idades, a programa\u00e7\u00e3o \u00e9 uma realiza\u00e7\u00e3o da Transporte Cavalinho, contemplada pelo Programa de A\u00e7\u00e3o Cultural (ProAC), da Secretaria de Cultura e Economia Criativa do governo do Estado de S\u00e3o Paulo, com apoio da Unidade de Gest\u00e3o de Cultura (UGC).<\/p>\n\n\n\n<p>Est\u00e3o previstas as realiza\u00e7\u00f5es de espet\u00e1culos teatrais para crian\u00e7as e adultos, atividades recreativas, conta\u00e7\u00f5es de hist\u00f3rias, exibi\u00e7\u00e3o de curtas, espet\u00e1culo circense e teatro de mamulengos.<\/p>\n\n\n\n<p>A Cia. Jovem de Dan\u00e7a de Jundia\u00ed, corpo art\u00edstico ligado \u00e0 UGC, tamb\u00e9m ter\u00e1 uma participa\u00e7\u00e3o especial no domingo (14), \u00e0s 19h, com a apresenta\u00e7\u00e3o da coreografia \u201cInstagrimm\u201d, que \u00e9 uma mistura entre contos dos irm\u00e3os Grimm no formato de Stories de redes sociais. Trata-se da primeira pe\u00e7a de Alex Soares voltada para o p\u00fablico infantil. Baseada livremente em alguns contos conhecidos e outros menos conhecidos, a narrativa mista da coreografia envolve dan\u00e7a, videoproje\u00e7\u00f5es e teatro f\u00edsico. De maneira l\u00fadica e com bom humor, o espet\u00e1culo traz um panorama dos estilos de dan\u00e7a e remete a um h\u00edbrido entre dan\u00e7a e cinema, que tem feito sucesso em suas cria\u00e7\u00f5es.<\/p>\n\n\n\n<div class=\"wp-block-image\"><figure class=\"aligncenter size-large\"><img loading=\"lazy\" decoding=\"async\" width=\"1200\" height=\"591\" src=\"https:\/\/tvtecjundiai.com.br\/news\/wp-content\/uploads\/sites\/2\/2021\/11\/6E425F6B-F4F1-449A-BF45-C929485D8CA4-1200x591.jpeg\" alt=\"\" class=\"wp-image-84436\" srcset=\"https:\/\/tvtecjundiai.com.br\/news\/wp-content\/uploads\/sites\/2\/2021\/11\/6E425F6B-F4F1-449A-BF45-C929485D8CA4-1200x591.jpeg 1200w, https:\/\/tvtecjundiai.com.br\/news\/wp-content\/uploads\/sites\/2\/2021\/11\/6E425F6B-F4F1-449A-BF45-C929485D8CA4-300x148.jpeg 300w, https:\/\/tvtecjundiai.com.br\/news\/wp-content\/uploads\/sites\/2\/2021\/11\/6E425F6B-F4F1-449A-BF45-C929485D8CA4-768x378.jpeg 768w, https:\/\/tvtecjundiai.com.br\/news\/wp-content\/uploads\/sites\/2\/2021\/11\/6E425F6B-F4F1-449A-BF45-C929485D8CA4.jpeg 1280w\" sizes=\"auto, (max-width: 1200px) 100vw, 1200px\" \/><figcaption>Uma das atra\u00e7\u00f5es fica por conta da Cia. Jovem de Dan\u00e7a de Jundia\u00ed, com o espet\u00e1culo \u201cInstagrimm\u201d no domingo (14)<\/figcaption><\/figure><\/div>\n\n\n\n<p>A entrada \u00e9 gratuita e n\u00e3o \u00e9 necess\u00e1rio agendamento pr\u00e9vio, com controle de participantes no local.<\/p>\n\n\n\n<p>O Complexo Esportivo Francisco Dal Santo fica na rua Cica, n\u00ba 1.345, Vila Rami. Mais informa\u00e7\u00f5es pelo telefone da UGC:&nbsp;<a href=\"tel:(11) 4585-9750\">(11) 4585-9750<\/a>.<\/p>\n\n\n\n<p>PROGRAMA\u00c7\u00c3O<\/p>\n\n\n\n<ul class=\"wp-block-list\"><li><strong>S\u00e1bado (13)<\/strong><\/li><\/ul>\n\n\n\n<p>15h \u2013 \u201cBoi Viramundo\u201d (espet\u00e1culo para crian\u00e7as);<br>16h \u2013 Espa\u00e7o Brincoteca (atividades recreativas e artes manuais);<br>17h \u2013 Amigos da Natureza (conta\u00e7\u00e3o de hist\u00f3rias);<br>19h \u2013 \u201cCine Curta Brasil\u201d (sess\u00e3o de cinema);<br>20h \u2013 \u201cSolagasta\u201d (espet\u00e1culo circense).<\/p>\n\n\n\n<ul class=\"wp-block-list\"><li><strong>Domingo (14)<\/strong><\/li><\/ul>\n\n\n\n<p>15h \u2013 \u201cAntes que o galo cante\u201d (espet\u00e1culo para crian\u00e7as);<br>16h \u2013 Espa\u00e7o Brincoteca (atividades recreativas e artes manuais);<br>17h \u2013 \u201cAs pelejas de Benedito com boi Surubim na fazenda do coronel Lib\u00f3rio\u201d (teatro de mamulengos);<br>19h \u2013 apresenta\u00e7\u00e3o da coreografia \u201cInstagrimm\u201d, da Cia. Jovem de Dan\u00e7a de Jundia\u00ed;<br>20h \u2013 \u201cAriano \u2013 o cavaleiro sertanejo\u201d (espet\u00e1culo para adultos).<\/p>\n","protected":false},"excerpt":{"rendered":"<p>Atra\u00e7\u00f5es do programa &#8220;EmCena Brasil&#8221; ser\u00e3o no s\u00e1bado (13) e domingo (14)<\/p>\n","protected":false},"author":25,"featured_media":84436,"comment_status":"closed","ping_status":"closed","sticky":false,"template":"","format":"standard","meta":{"footnotes":""},"categories":[2833,29,8356,8354,1],"tags":[],"class_list":["post-84575","post","type-post","status-publish","format-standard","has-post-thumbnail","hentry","category-cultura","category-destaque","category-jundiai","category-lazer","category-noticias"],"_links":{"self":[{"href":"https:\/\/tvtecjundiai.com.br\/news\/wp-json\/wp\/v2\/posts\/84575","targetHints":{"allow":["GET"]}}],"collection":[{"href":"https:\/\/tvtecjundiai.com.br\/news\/wp-json\/wp\/v2\/posts"}],"about":[{"href":"https:\/\/tvtecjundiai.com.br\/news\/wp-json\/wp\/v2\/types\/post"}],"author":[{"embeddable":true,"href":"https:\/\/tvtecjundiai.com.br\/news\/wp-json\/wp\/v2\/users\/25"}],"replies":[{"embeddable":true,"href":"https:\/\/tvtecjundiai.com.br\/news\/wp-json\/wp\/v2\/comments?post=84575"}],"version-history":[{"count":3,"href":"https:\/\/tvtecjundiai.com.br\/news\/wp-json\/wp\/v2\/posts\/84575\/revisions"}],"predecessor-version":[{"id":84578,"href":"https:\/\/tvtecjundiai.com.br\/news\/wp-json\/wp\/v2\/posts\/84575\/revisions\/84578"}],"wp:featuredmedia":[{"embeddable":true,"href":"https:\/\/tvtecjundiai.com.br\/news\/wp-json\/wp\/v2\/media\/84436"}],"wp:attachment":[{"href":"https:\/\/tvtecjundiai.com.br\/news\/wp-json\/wp\/v2\/media?parent=84575"}],"wp:term":[{"taxonomy":"category","embeddable":true,"href":"https:\/\/tvtecjundiai.com.br\/news\/wp-json\/wp\/v2\/categories?post=84575"},{"taxonomy":"post_tag","embeddable":true,"href":"https:\/\/tvtecjundiai.com.br\/news\/wp-json\/wp\/v2\/tags?post=84575"}],"curies":[{"name":"wp","href":"https:\/\/api.w.org\/{rel}","templated":true}]}}