{"id":8472,"date":"2018-04-06T12:37:46","date_gmt":"2018-04-06T15:37:46","guid":{"rendered":"https:\/\/tvtecjundiai.com.br\/news\/?p=8472"},"modified":"2018-04-06T14:56:02","modified_gmt":"2018-04-06T17:56:02","slug":"esportes-domingo-e-dia-de-2o-gp-de-ciclismo-israel-bernardi","status":"publish","type":"post","link":"https:\/\/tvtecjundiai.com.br\/news\/2018\/04\/06\/esportes-domingo-e-dia-de-2o-gp-de-ciclismo-israel-bernardi\/","title":{"rendered":"Esportes: 2\u00ba GP de Ciclismo Israel Bernardi acontece neste domingo (8)"},"content":{"rendered":"<div id=\"attachment_8473\" style=\"width: 410px\" class=\"wp-caption alignright\"><a href=\"https:\/\/tvtecjundiai.com.br\/news\/wp-content\/uploads\/sites\/2\/2018\/04\/evento_-bike_prefeitura-103.jpg\"><img loading=\"lazy\" decoding=\"async\" aria-describedby=\"caption-attachment-8473\" class=\"wp-image-8473\" src=\"https:\/\/tvtecjundiai.com.br\/news\/wp-content\/uploads\/sites\/2\/2018\/04\/evento_-bike_prefeitura-103-300x200.jpg\" alt=\"\" width=\"400\" height=\"267\" srcset=\"https:\/\/tvtecjundiai.com.br\/news\/wp-content\/uploads\/sites\/2\/2018\/04\/evento_-bike_prefeitura-103-300x200.jpg 300w, https:\/\/tvtecjundiai.com.br\/news\/wp-content\/uploads\/sites\/2\/2018\/04\/evento_-bike_prefeitura-103-768x512.jpg 768w, https:\/\/tvtecjundiai.com.br\/news\/wp-content\/uploads\/sites\/2\/2018\/04\/evento_-bike_prefeitura-103-1200x800.jpg 1200w, https:\/\/tvtecjundiai.com.br\/news\/wp-content\/uploads\/sites\/2\/2018\/04\/evento_-bike_prefeitura-103.jpg 1280w\" sizes=\"auto, (max-width: 400px) 100vw, 400px\" \/><\/a><p id=\"caption-attachment-8473\" class=\"wp-caption-text\">Prova de Ciclismo ter\u00e1 dura\u00e7\u00e3o de seis horas para a categoria adulto<\/p><\/div>\n<p>Com organiza\u00e7\u00e3o da Unidade de Gest\u00e3o de Esporte e Lazer (UGEL), no domingo (8), ocorre a segunda edi\u00e7\u00e3o do GP Ciclismo Israel Bernardi e o Pedal Kids, com competi\u00e7\u00e3o nas categorias infantil e adulto. A expectativa da organiza\u00e7\u00e3o \u00e9 de reunir 250 participantes, 25% a mais que o registrado no ano anterior.<\/p>\n<p>De acordo com o professor de ciclismo da UGEL, Edmilson de Souza Lima, a prova ter\u00e1 in\u00edcio no bols\u00e3o de estacionamento do Pa\u00e7o Municipal, com trajetos diferenciados conforme a categoria dos competidores. \u201cOs adultos participam de prova com dura\u00e7\u00e3o de seis horas, com largada \u00e0s 8h e t\u00e9rmino \u00e0s 14h, entre o Pa\u00e7o e a Cidade Administrativa. J\u00e1 as crian\u00e7as, ter\u00e3o voltas em percursos determinados conforme a idade\u201d, detalha.<\/p>\n<p>Os equipamentos de seguran\u00e7a s\u00e3o obrigat\u00f3rios para os competidores.<\/p>\n<p><em>Fonte: Prefeitura de Jundia\u00ed<\/em><\/p>\n","protected":false},"excerpt":{"rendered":"<p>Expectativa \u00e9 de reunir 250 participantes, 25% a mais que o registrado no ano anterior<\/p>\n","protected":false},"author":10,"featured_media":0,"comment_status":"closed","ping_status":"closed","sticky":false,"template":"","format":"standard","meta":{"footnotes":""},"categories":[1],"tags":[2769,271,5,15],"class_list":["post-8472","post","type-post","status-publish","format-standard","hentry","category-noticias","tag-ciclismo","tag-esportes","tag-jundiai","tag-tvtec"],"_links":{"self":[{"href":"https:\/\/tvtecjundiai.com.br\/news\/wp-json\/wp\/v2\/posts\/8472","targetHints":{"allow":["GET"]}}],"collection":[{"href":"https:\/\/tvtecjundiai.com.br\/news\/wp-json\/wp\/v2\/posts"}],"about":[{"href":"https:\/\/tvtecjundiai.com.br\/news\/wp-json\/wp\/v2\/types\/post"}],"author":[{"embeddable":true,"href":"https:\/\/tvtecjundiai.com.br\/news\/wp-json\/wp\/v2\/users\/10"}],"replies":[{"embeddable":true,"href":"https:\/\/tvtecjundiai.com.br\/news\/wp-json\/wp\/v2\/comments?post=8472"}],"version-history":[{"count":3,"href":"https:\/\/tvtecjundiai.com.br\/news\/wp-json\/wp\/v2\/posts\/8472\/revisions"}],"predecessor-version":[{"id":8483,"href":"https:\/\/tvtecjundiai.com.br\/news\/wp-json\/wp\/v2\/posts\/8472\/revisions\/8483"}],"wp:attachment":[{"href":"https:\/\/tvtecjundiai.com.br\/news\/wp-json\/wp\/v2\/media?parent=8472"}],"wp:term":[{"taxonomy":"category","embeddable":true,"href":"https:\/\/tvtecjundiai.com.br\/news\/wp-json\/wp\/v2\/categories?post=8472"},{"taxonomy":"post_tag","embeddable":true,"href":"https:\/\/tvtecjundiai.com.br\/news\/wp-json\/wp\/v2\/tags?post=8472"}],"curies":[{"name":"wp","href":"https:\/\/api.w.org\/{rel}","templated":true}]}}