{"id":84784,"date":"2021-11-12T16:00:41","date_gmt":"2021-11-12T19:00:41","guid":{"rendered":"https:\/\/tvtecjundiai.com.br\/news\/?p=84784"},"modified":"2021-11-12T16:00:51","modified_gmt":"2021-11-12T19:00:51","slug":"exemplos-de-boas-acoes-marcam-dia-mundial-da-gentileza-no-hospital-sao-vicente","status":"publish","type":"post","link":"https:\/\/tvtecjundiai.com.br\/news\/2021\/11\/12\/exemplos-de-boas-acoes-marcam-dia-mundial-da-gentileza-no-hospital-sao-vicente\/","title":{"rendered":"Exemplos de boas a\u00e7\u00f5es marcam Dia Mundial da Gentileza no Hospital S\u00e3o Vicente"},"content":{"rendered":"\n<p>Um gesto de carinho, uma ajuda inesperada, uma a\u00e7\u00e3o de solidariedade e empatia, podem transformar o dia de algu\u00e9m. As atitudes mais simples devem ser compartilhadas, propagadas e, acima de tudo, replicadas, para que a gentileza continue gerando gentileza. Famosa, a frase \u00e9 conhecida, mas pouco praticada. Por isso, a fim de promover e contribuir com esse movimento, o Hospital de Caridade S\u00e3o Vicente de Paulo (HSV), reuniu algumas hist\u00f3rias inspiradoras para celebrar o Dia Mundial da Gentileza, comemorado no pr\u00f3ximo s\u00e1bado (13). A institui\u00e7\u00e3o convida toda a popula\u00e7\u00e3o a refletir sobre o assunto e faz o questionamento: e voc\u00ea, j\u00e1 fez a boa a\u00e7\u00e3o de hoje?<\/p>\n\n\n\n<p><strong>O paciente no centro do cuidado<\/strong><\/p>\n\n\n\n<p>Em 2016, ap\u00f3s encontrar dificuldades com a mobiliza\u00e7\u00e3o dos pacientes internados na Unidade de Terapia Intensiva (UTI) do Instituto de Infectologia Em\u00edlio Ribas, em S\u00e3o Paulo, o fisioterapeuta Lu\u00eds Ant\u00f4nio Nunes, criou o Dispositivo Auxiliar para Sedesta\u00e7\u00e3o (DASBEL). O equipamento, confeccionado artesanalmente com tubos de PVC, permite que o paciente acamado permane\u00e7a sentado, medida essencial para evitar complica\u00e7\u00f5es decorrentes de longos per\u00edodos na mesma posi\u00e7\u00e3o. A cadeira serve de apoio para pacientes com fraqueza muscular e falta de controle de tronco.<\/p>\n\n\n\n<p>Sem patente, o projeto \u00e9 considerado de dom\u00ednio p\u00fablico e tem sua reprodu\u00e7\u00e3o liberada no Brasil, estimulando outras institui\u00e7\u00f5es a fazerem o mesmo, visando o benef\u00edcio de outros pacientes. Foi por meio dessa a\u00e7\u00e3o de empatia, que o coordenador da fisioterapia do HSV, Daniel Gimenez Rocha, decidiu adotar o recurso. \u201cSem o equipamento, os pacientes precisam ser retirados do leito e sentados em uma poltrona, o que envolve mais riscos. Agora, com esse equipamento, o paciente fica com apoio lateral e nas costas, permitindo que um \u00fanico profissional consiga sentar o paciente \u00e0 beira do leito e ajud\u00e1-lo a fazer os exerc\u00edcios recomendados para cada sess\u00e3o de fisioterapia. O paciente acamado come\u00e7a a perder a funcionalidade, for\u00e7a muscular e adquire v\u00edcios posturais. A cadeira \u00e9 importante para a realiza\u00e7\u00e3o da fisioterapia respirat\u00f3ria e para a parte motora tamb\u00e9m\u201d, explica.<\/p>\n\n\n\n<p>Agradecido, o profissional conta que solicitou que o equipamento fosse feito pela equipe de manuten\u00e7\u00e3o, que n\u00e3o possui esse trabalho como parte das atribui\u00e7\u00f5es do departamento e, ainda assim, em uma atitude gentil, prontamente se disponibilizou a fazer. \u201cN\u00e3o falo s\u00f3 do ponto de vista da fisioterapia, mas tamb\u00e9m do envolvimento deles nesse projeto. Todos esses profissionais tamb\u00e9m est\u00e3o, mesmo que indiretamente, ligados a assist\u00eancia prestada ao paciente. Fico feliz em presenciar essas a\u00e7\u00f5es, em poder contar com esse aux\u00edlio. Somos cercados de bons profissionais, mas principalmente de boas pessoas\u201d, finaliza.<\/p>\n\n\n\n<figure class=\"wp-block-image\"><img decoding=\"async\" src=\"https:\/\/mail.google.com\/mail\/u\/1?ui=2&amp;ik=34ca63eb90&amp;attid=0.0.2&amp;permmsgid=msg-f:1716235567546014375&amp;th=17d14b27da789aa7&amp;view=fimg&amp;fur=ip&amp;sz=s0-l75-ft&amp;attbid=ANGjdJ-mGz71rY2mNACWKVmfQLlMysAf89T4REPnpoAH4Ung6HzdXLRCWQKmEpaGZ1hqwGqXwJAdbcV3Jdc3BehWpDr4I1QfPABlSPFqtYx4Q9J8LNWw_OOeOASxaDg&amp;disp=emb\" alt=\"Editada 1\" \/><\/figure>\n\n\n\n<figure class=\"wp-block-image\"><img decoding=\"async\" src=\"https:\/\/mail.google.com\/mail\/u\/1?ui=2&amp;ik=34ca63eb90&amp;attid=0.0.3&amp;permmsgid=msg-f:1716235567546014375&amp;th=17d14b27da789aa7&amp;view=fimg&amp;fur=ip&amp;sz=s0-l75-ft&amp;attbid=ANGjdJ8O8pn5_GDNKeYHURh0RwSCJlgN6fYiwF_3csDKPxtrlh2EfLvsKRBgzRXvGsrFupBEBI8t4_TwnzJMyo5XzwcKWYZF7QFgUSCS7K4i-5RYACt9T4cn5Ayt5lg&amp;disp=emb\" alt=\"Editada 2\" \/><\/figure>\n\n\n\n<p><strong>\u00c9der Dias da Silva, colaborador da manuten\u00e7\u00e3o e Daniel Gimenez, fisioterapeuta, comemoram sucesso da parceria&nbsp;<\/strong><\/p>\n\n\n\n<p><strong>De colaborador para colaborador<\/strong><\/p>\n\n\n\n<p>Seguindo todos os protocolos de seguran\u00e7a contra a covid-19, os setores de Recursos Humanos e Departamento Pessoal do HSV, retomaram os eventos Prata da Casa, que homenageia os colaboradores com mais de 25 anos de institui\u00e7\u00e3o, e Aniversariantes do M\u00eas, que celebra mais um ano de vida dos trabalhadores. Nas ocasi\u00f5es, os participantes recebem placas comemorativas e presentes simb\u00f3licos.<\/p>\n\n\n\n<p>As iniciativas, que estavam suspensas devido \u00e0 pandemia, fizeram falta para as equipes que, todos os meses, aguardavam ansiosos pelas a\u00e7\u00f5es de reconhecimento promovidas pelo hospital. Buscando retribuir esse carinho, a auxiliar de higiene, Hilda Aparecida Marcelino da Silva, fez quest\u00e3o de escrever uma carta de agradecimento para os profissionais dos setores. \u201cFaz muito tempo que n\u00e3o comemoramos nada por conta da pandemia. Foi um per\u00edodo dif\u00edcil, vivenciamos muitas coisas, ainda mais no hospital. Poder celebrar a vida \u00e9 maravilhoso e estou feliz demais por participar de novo desses eventos, por isso escrevi a carta, porque queria explicar com palavras o que eu estava sentindo naquele momento, a alegria de estar com meus colegas, sorrindo e comemorando\u201d, conta.<\/p>\n\n\n\n<p>As manifesta\u00e7\u00f5es de gratid\u00e3o s\u00e3o motivadoras para os profissionais que dedicam suas vidas em prol da sa\u00fade do pr\u00f3ximo. A supervisora de hotelaria, Ivonete Prexede, compartilha sua experi\u00eancia e de sua equipe ao passarem por atendimento na Sa\u00fade Ocupacional. \u201cSempre fomos recebidos com muito carinho pela equipe, al\u00e9m dos exames serem r\u00e1pidos e os profissionais excelentes. Tenho recebido elogios frequentes sobre isso, principalmente da minha equipe do noturno j\u00e1 que, recentemente, o setor ampliou o hor\u00e1rio para abranger esses colaboradores. \u00c9 um ciclo, somos gentis e recebemos gentileza quando nos tratam com tanto amor\u201d.<\/p>\n\n\n\n<div class=\"wp-block-image\"><figure class=\"aligncenter\"><img decoding=\"async\" src=\"https:\/\/mail.google.com\/mail\/u\/1?ui=2&amp;ik=34ca63eb90&amp;attid=0.0.4&amp;permmsgid=msg-f:1716235567546014375&amp;th=17d14b27da789aa7&amp;view=fimg&amp;fur=ip&amp;sz=s0-l75-ft&amp;attbid=ANGjdJ8EKPFDe4fJYX_0luVDMW_JS4S5v4w9OiE8FW_xX7ynY2LTPbXlU1YyzhoPnLcV1kgp0PntM1RVXTcOflh9SmCFmVp5IaIB2WV0Q0vHDhl235yKe5ttJjI2lQo&amp;disp=emb\" alt=\"WhatsApp Image 2021-11-11 at 08.49.25\" \/><figcaption> <strong>Hilda e Ivonete agradecem carinho e gentileza com que s\u00e3o recebidas pelos colegas de trabalho<\/strong> <\/figcaption><\/figure><\/div>\n\n\n\n<p><\/p>\n\n\n\n<p><strong>Likes da vida real<\/strong><\/p>\n\n\n\n<p>As redes sociais, dentre suas in\u00fameras funcionalidades, revolucionaram a comunica\u00e7\u00e3o de uma maneira geral, mas principalmente na forma com que as empresas interagem com seus clientes e colaboradores. Desde a cria\u00e7\u00e3o de p\u00e1ginas no Facebook e Instagram para o Hospital S\u00e3o Vicente, a unidade de sa\u00fade contabiliza quase 25 mil seguidores, que enviam diariamente sugest\u00f5es de melhorias, elogios e cartas de agradecimento por meio dos perfis oficiais.<\/p>\n\n\n\n<p>Respons\u00e1vel pelo atendimento e gerenciamento das m\u00eddias digitais, o departamento de assessoria de imprensa do HSV, em parceria com a ouvidoria, replica por meio de posts e mat\u00e9rias, um pouco dos sentimentos descritos por pacientes e acompanhantes nas mensagens enviadas a institui\u00e7\u00e3o. Os relatos s\u00e3o encaminhados aos profissionais ou unidades homenageadas. O objetivo \u00e9 mostrar aos colaboradores que a atua\u00e7\u00e3o deles vai muito al\u00e9m do atendimento m\u00e9dico e que uma palavra de conforto, um carinho nas m\u00e3os e a gentileza das a\u00e7\u00f5es \u00e9 capaz de marcar para sempre a vida desses pacientes.&nbsp;<\/p>\n\n\n\n<p>A Jaqueline Cristina da Silva aproveitou os recursos online para parabenizar o trabalho das equipes. \u201cGostaria de agradecer a todos os profissionais do S\u00e3o Vicente, a equipe da higiene, da cozinha, enfermeiros, m\u00e9dicos e controladores de acesso, pelo tratamento que recebi. Em especial, destaco a dedica\u00e7\u00e3o dos profissionais da cl\u00ednica mista, que sempre foram extremamente simp\u00e1ticos e educados\u201d.<\/p>\n\n\n\n<p>Em outra mensagem, o acompanhante Alex Bento, relata emocionado o carinho que recebeu da equipe da cl\u00ednica cir\u00fargica I. \u201cVoc\u00eas foram os anjos que me deram a for\u00e7a que eu precisava para ficar ao lado do meu pai. Aquele sorriso que me davam em cada momento que entravam no quarto fez toda diferen\u00e7a. As enfermeiras foram fant\u00e1sticas e me apelidaram de iluminado, mas iluminados s\u00e3o todos voc\u00eas, anjos das nossas vidas\u201d, diz parte do texto.<\/p>\n\n\n\n<p>A paciente Rosana Passos Utrilha Cardoso, resume o sentimento de gratid\u00e3o por meio de seus batimentos card\u00edacos. \u201cO amor, o carinho e a dedica\u00e7\u00e3o dos profissionais foi fundamental para minha recupera\u00e7\u00e3o. Hoje estou bem, meu cora\u00e7\u00e3o j\u00e1 n\u00e3o bate mais a 40 e sim a 73 bpm, firme e forte, por causa de voc\u00eas\u201d.<\/p>\n\n\n\n<div class=\"wp-block-image\"><figure class=\"aligncenter\"><img decoding=\"async\" src=\"https:\/\/mail.google.com\/mail\/u\/1?ui=2&amp;ik=34ca63eb90&amp;attid=0.0.5&amp;permmsgid=msg-f:1716235567546014375&amp;th=17d14b27da789aa7&amp;view=fimg&amp;fur=ip&amp;sz=s0-l75-ft&amp;attbid=ANGjdJ8hyoIkDSU2WMqRbECf3QzkjoVa6xEczRYE1vIsys5QlS3DAogNPgnjUzjtLPkgR7IECz9VxI1U9yNoyGr4yc5BOCreaptJ3wQKZgZsMlPRb2xfiMDMTiEIDrs&amp;disp=emb\" alt=\"Elogios\" \/><figcaption> <strong>Mensagens retiradas do Facebook do Hospital S\u00e3o Vicente<\/strong> <\/figcaption><\/figure><\/div>\n\n\n\n<p><em><strong>(Fonte\/Imagem: Assessoria Hospital S\u00e3o Vicente)<\/strong><\/em><\/p>\n","protected":false},"excerpt":{"rendered":"<p>As manifesta\u00e7\u00f5es de gratid\u00e3o s\u00e3o motivadoras para os profissionais que se dedicam a sa\u00fade do pr\u00f3ximo.<\/p>\n","protected":false},"author":27,"featured_media":84786,"comment_status":"closed","ping_status":"closed","sticky":false,"template":"","format":"standard","meta":{"footnotes":""},"categories":[8356],"tags":[],"class_list":["post-84784","post","type-post","status-publish","format-standard","has-post-thumbnail","hentry","category-jundiai"],"_links":{"self":[{"href":"https:\/\/tvtecjundiai.com.br\/news\/wp-json\/wp\/v2\/posts\/84784","targetHints":{"allow":["GET"]}}],"collection":[{"href":"https:\/\/tvtecjundiai.com.br\/news\/wp-json\/wp\/v2\/posts"}],"about":[{"href":"https:\/\/tvtecjundiai.com.br\/news\/wp-json\/wp\/v2\/types\/post"}],"author":[{"embeddable":true,"href":"https:\/\/tvtecjundiai.com.br\/news\/wp-json\/wp\/v2\/users\/27"}],"replies":[{"embeddable":true,"href":"https:\/\/tvtecjundiai.com.br\/news\/wp-json\/wp\/v2\/comments?post=84784"}],"version-history":[{"count":1,"href":"https:\/\/tvtecjundiai.com.br\/news\/wp-json\/wp\/v2\/posts\/84784\/revisions"}],"predecessor-version":[{"id":84789,"href":"https:\/\/tvtecjundiai.com.br\/news\/wp-json\/wp\/v2\/posts\/84784\/revisions\/84789"}],"wp:featuredmedia":[{"embeddable":true,"href":"https:\/\/tvtecjundiai.com.br\/news\/wp-json\/wp\/v2\/media\/84786"}],"wp:attachment":[{"href":"https:\/\/tvtecjundiai.com.br\/news\/wp-json\/wp\/v2\/media?parent=84784"}],"wp:term":[{"taxonomy":"category","embeddable":true,"href":"https:\/\/tvtecjundiai.com.br\/news\/wp-json\/wp\/v2\/categories?post=84784"},{"taxonomy":"post_tag","embeddable":true,"href":"https:\/\/tvtecjundiai.com.br\/news\/wp-json\/wp\/v2\/tags?post=84784"}],"curies":[{"name":"wp","href":"https:\/\/api.w.org\/{rel}","templated":true}]}}